{"id":71290,"date":"2019-12-26T04:51:58","date_gmt":"2019-12-26T09:51:58","guid":{"rendered":"https:\/\/linitiative.ca\/International\/la-lutte-contre-les-fakes-news-passe-necessairement-par-la-sensibilisation-des-usagers-du-net\/"},"modified":"2019-12-26T04:51:58","modified_gmt":"2019-12-26T09:51:58","slug":"la-lutte-contre-les-fakes-news-passe-necessairement-par-la-sensibilisation-des-usagers-du-net","status":"publish","type":"post","link":"https:\/\/linitiative.ca\/International\/la-lutte-contre-les-fakes-news-passe-necessairement-par-la-sensibilisation-des-usagers-du-net\/","title":{"rendered":"La lutte contre les \u00abFakes News\u00bb passe n\u00e9cessairement par la sensibilisation des usagers du net"},"content":{"rendered":"<p class=\"c2\">Propos recueillis par <strong>Abdelilah Edghougui<\/strong><\/p>\n<p class=\"has-text-color has-vivid-cyan-blue-color\"><strong>La sensibilisation et l\u2019\u00e9ducation des usagers du net sont les deux mots cl\u00e9s pour la lutte contre les \u00abFakes news\u00bb, ce ph\u00e9nom\u00e8ne mondial qui vient alt\u00e9rer le paysage m\u00e9diatique, causant d\u2019\u00e9normes d\u00e9g\u00e2ts en termes de s\u00e9curit\u00e9 dans une soci\u00e9t\u00e9, a soulign\u00e9, mardi \u00e0 Rabat, M. Hassane Saoudi, expert en strat\u00e9gie et s\u00e9curit\u00e9 et chercheur associ\u00e9 \u00e0 l\u2019Institut royal des \u00e9tudes strat\u00e9giques (IRES).<\/strong><\/p>\n<p>\u00abC\u2019est la responsabilit\u00e9 partag\u00e9e des parents, de l\u2019\u00e9cole et des m\u00e9dias professionnels, ces derniers \u00e9tant tenus d\u2019informer le public pour limiter le champ d\u2019action de la communication alternative, via les m\u00e9dias sociaux\u00bb, a estim\u00e9 M. Saoudi qui \u00e9tait l\u2019invit\u00e9 de \u00abFace \u00e0 la MAP\u00bb.<\/p>\n<p>Il a rappel\u00e9e, ce sens, l\u2019obligation pour les services publics de communiquer pour tenir le citoyen inform\u00e9 de leurs actions, leurs performances et leur savoir-faire, conform\u00e9ment \u00e0 l\u2019article 27 de la Constitution relatif au droit d\u2019acc\u00e8s \u00e0 l\u2019information. Mais certains m\u00e9dias sociaux ignorent et bafouent les r\u00e8gles d\u00e9ontologiques \u00e0 dessein pour diffuser des Fakes news, qui produisent des effets n\u00e9gatifs sur le moral d\u2019une population et exacerbent le sentiment d\u2019ins\u00e9curit\u00e9, a-t-il expliqu\u00e9.<\/p>\n<p>\u00c9rasme, un philosophe du 15\u00e8me si\u00e8cle, disait : \u00abl\u2019esprit de l\u2019Homme est ainsi fait, que le mensonge a cent fois plus de prise que la v\u00e9rit\u00e9\u00bb. Cela reste malheureusement valable sous l\u2019empire de la technologie, tient \u00e0 souligner M. Saoudi, ce Colonel de la Gendarmerie royale aujourd\u2019hui \u00e0 la retraite.<\/p>\n<p>Le sentiment d\u2019ins\u00e9curit\u00e9 pourrait \u00eatre exasp\u00e9r\u00e9 par la rumeur, la bouche \u00e0 oreille ou par certains m\u00e9dias sociaux, qui ont \u00abune capacit\u00e9 de viralisation extraordinaire\u00bb, a-t-il relev\u00e9, ajoutant que l\u2019usager du num\u00e9rique devrait int\u00e9grer cette nouvelle donne pour ne produire que la r\u00e9alit\u00e9 des faits, car sa responsabilit\u00e9 est engag\u00e9e.<\/p>\n<p>\u00abLa technologie est un support, elle est neutre et n\u2019est pas responsable de ce qu\u2019on y met\u00bb, a dit l\u2019expert marocain, qui a insist\u00e9 sur la sensibilisation pour d\u00e9velopper un esprit critique chez le consommateur de l\u2019information et y renforcer le devoir de v\u00e9rit\u00e9 et de sinc\u00e9rit\u00e9.<\/p>\n<p>Tout en respectant les bonnes pratiques, l\u2019utilisateur du net devrait toujours avoir \u00e0 l\u2019esprit les responsabilit\u00e9s p\u00e9nales en cas d\u2019inobservation des r\u00e8gles de loi, a-t-il mis en garde, ajoutant que le probl\u00e8me se pose essentiellement avec certains usagers des r\u00e9seaux sociaux qui ignorent souvent que cet espace de libert\u00e9 est aussi un espace de responsabilit\u00e9.<\/p>\n<p>\u00c9voquant la question des statistiques de la criminalit\u00e9 et leur communication, M. Saoudi a indiqu\u00e9 que ces statistiques rel\u00e8vent de \u00abla s\u00e9curit\u00e9 objective\u00bb qui repose sur des donn\u00e9es r\u00e9elles et non pas de la \u00abs\u00e9curit\u00e9 subjective\u00bb qui rend compte de la perception du citoyen.<\/p>\n<p>Les statistiques en g\u00e9n\u00e9ral sont de ce fait des outils p\u00e9dagogiques destin\u00e9s \u00e0 cartographier la r\u00e9alit\u00e9 de la criminalit\u00e9 et \u00e0 sensibiliser, \u00e9duquer et booster la vigilance des citoyens, sans laquelle la soci\u00e9t\u00e9 perd sa coh\u00e9sion, a-t-il not\u00e9.<\/p>\n<p>\u00abN\u00e9anmoins, l\u00e0 aussi, elle doit rassurer, asseoir la confiance et non alarmer. Une bonne communication cibl\u00e9e renforce la r\u00e9silience soci\u00e9tale indispensable \u00e0 la s\u00e9curit\u00e9 collective\u00bb, a dit M. Saoudi.<\/p>\n<p>Pour immuniser les citoyens contre les \u00abfakes news\u00bb, le chercheur de l\u2019IRES estime utile d\u2019adopter une strat\u00e9gie bas\u00e9e sur \u00abune pr\u00e9vention dynamique\u00bb, ax\u00e9e essentiellement sur la visibilit\u00e9 quotidienne des autorit\u00e9s et des services de s\u00e9curit\u00e9 et le raffermissement du lien social entre la population et les institutions de l\u2019\u00c9tat.<\/p>\n<p>\u00abCe dispositif pr\u00e9ventif permet de rassurer la partie saine de la population et de dissuader cette minorit\u00e9 incivique\u00bb, souligne-t-il, jugeant \u00e9galement n\u00e9cessaire d\u2019avoir une \u2018\u2019S\u00e9curit\u00e9 judiciaire\u2019\u2019, comme signal\u00e9e dans le discours Royal du 20 ao\u00fbt 2009, garante de l\u2019efficience, de l\u2019\u00e9quit\u00e9 et de la cr\u00e9dibilit\u00e9.<\/p>\n<p>Toujours dans le cadre des efforts visant \u00e0 immuniser les citoyens contre les Fakes News, M. Saoudi met l\u2019accent sur l\u2019importance de la mise en place de \u2019\u2019l\u2019Observatoire National de la Criminalit\u00e9\u2019\u2019, en tant qu\u2019outil d\u2019analyse et d\u2019\u00e9valuation, qui constitue une r\u00e9forme majeure de nature \u00e0 raffermir ce sentiment de s\u00e9curit\u00e9 chez le citoyen.<\/p>\n<p>Auteur: M&rsquo;hammed rahal<br \/>\n<a href=\"http:\/\/albayane.press.ma\/la-lutte-contre-les-fakes-news-passe-necessairement-par-la-sensibilisation-des-usagers-du-net.html\">Cliquez ici pour lire l&rsquo;article depuis sa source.<\/a><\/p>\n","protected":false},"excerpt":{"rendered":"<p>Propos recueillis par Abdelilah Edghougui La sensibilisation et l\u2019\u00e9ducation des usagers du net sont les deux mots cl\u00e9s pour la lutte contre les \u00abFakes news\u00bb, ce ph\u00e9nom\u00e8ne mondial qui vient alt\u00e9rer le paysage m\u00e9diatique, causant d\u2019\u00e9normes d\u00e9g\u00e2ts en termes de s\u00e9curit\u00e9 dans une soci\u00e9t\u00e9, a soulign\u00e9, mardi \u00e0 Rabat, M. Hassane Saoudi, expert en strat\u00e9gie [&hellip;]<\/p>\n","protected":false},"author":1760,"featured_media":0,"comment_status":"closed","ping_status":"closed","sticky":false,"template":"","format":"standard","meta":{"fifu_image_url":"","fifu_image_alt":"","footnotes":""},"categories":[73,54],"tags":[],"class_list":["post-71290","post","type-post","status-publish","format-standard","hentry","category-actualite","category-maroc"],"_links":{"self":[{"href":"https:\/\/linitiative.ca\/International\/wp-json\/wp\/v2\/posts\/71290","targetHints":{"allow":["GET"]}}],"collection":[{"href":"https:\/\/linitiative.ca\/International\/wp-json\/wp\/v2\/posts"}],"about":[{"href":"https:\/\/linitiative.ca\/International\/wp-json\/wp\/v2\/types\/post"}],"author":[{"embeddable":true,"href":"https:\/\/linitiative.ca\/International\/wp-json\/wp\/v2\/users\/1760"}],"replies":[{"embeddable":true,"href":"https:\/\/linitiative.ca\/International\/wp-json\/wp\/v2\/comments?post=71290"}],"version-history":[{"count":0,"href":"https:\/\/linitiative.ca\/International\/wp-json\/wp\/v2\/posts\/71290\/revisions"}],"wp:attachment":[{"href":"https:\/\/linitiative.ca\/International\/wp-json\/wp\/v2\/media?parent=71290"}],"wp:term":[{"taxonomy":"category","embeddable":true,"href":"https:\/\/linitiative.ca\/International\/wp-json\/wp\/v2\/categories?post=71290"},{"taxonomy":"post_tag","embeddable":true,"href":"https:\/\/linitiative.ca\/International\/wp-json\/wp\/v2\/tags?post=71290"}],"curies":[{"name":"wp","href":"https:\/\/api.w.org\/{rel}","templated":true}]}}