{"id":71291,"date":"2019-12-26T04:56:47","date_gmt":"2019-12-26T09:56:47","guid":{"rendered":"https:\/\/linitiative.ca\/International\/un-musee-patrimonial-dans-le-souss\/"},"modified":"2019-12-26T04:56:47","modified_gmt":"2019-12-26T09:56:47","slug":"un-musee-patrimonial-dans-le-souss","status":"publish","type":"post","link":"https:\/\/linitiative.ca\/International\/un-musee-patrimonial-dans-le-souss\/","title":{"rendered":"Un Mus\u00e9e patrimonial dans le Souss"},"content":{"rendered":"<p class=\"has-text-color has-vivid-cyan-blue-color\"><strong>La somptueuse b\u00e2tisse de la banque du Maroc, moisissant au c\u0153ur de la cit\u00e9, tel un hameau abandonn\u00e9, suscite toujours une sensation d\u2019entorse de la m\u00e9moire collective. Toute une communaut\u00e9 saisie par le path\u00e9tisme de cet ancien \u00e9difice qui garde encore les piliers majestueux, arbore la nostalgie poignante de ce vestige laiss\u00e9 pour compte, d\u2019une belle \u00e9poque, r\u00e9sistant \u00e0 l\u2019usure du temps.<\/strong><\/p>\n<p>Des experts en mati\u00e8re du patrimoine au Souss avaient d\u00e9cortiqu\u00e9, par le biais de d\u00e9bats sinc\u00e8res, une architecture datant des ann\u00e9es soixante o\u00f9 la sobri\u00e9t\u00e9 et la rusticit\u00e9 \u00e9taient de mise, par mesure de protection antisismique, mais qui font aujourd\u2019hui la fiert\u00e9 de la population locale, en particulier la b\u00e2tisse de l\u2019h\u00f4tel de ville, la pr\u00e9fecture, l\u2019immeuble A, la poste, le secteur administratif\u2026<\/p>\n<p>Certaines anciennes prouesses sont actuellement assaillies par la voracit\u00e9 immobili\u00e8re, d\u2019autres attendent un dessein meilleur de toutes les volont\u00e9s d\u00e9vou\u00e9es de la ville, comme le cin\u00e9ma Salam guett\u00e9 par le m\u00eame assaut.<\/p>\n<p>D\u2019autres constructions qui se hissent toujours en rep\u00e8res telle l\u2019ancienne banque du Maroc tombent dans les oubliettes sans que la ville n\u2019en profite. La citadelle d\u2019Agadir Oufella, seul monument de prestige est en passe de se faire parler d\u2019elle pour de bon et s\u2019attend \u00e0 subir des am\u00e9nagements, au niveau des acc\u00e8s p\u00e9destres, du rev\u00eatement des passages et sentiers, de la restauration des remparts\u2026<\/p>\n<p>Dans le m\u00eame sillage, plusieurs acteurs avaient soulev\u00e9 la probl\u00e9matique architecturale rurale dont p\u00e2tit l\u2019arri\u00e8re pays, avec le d\u00e9sir farouche de certains \u00absaccageurs\u00bb, surtout des \u00e9migr\u00e9s qui introduisent le b\u00e9ton dans ces patelins et d\u00e9naturent leur aspect naturel pittoresque.<\/p>\n<p>Agadir conna\u00eet actuellement une ruade effr\u00e9n\u00e9e en mati\u00e8re d\u2019urbanisme et d\u2019aucuns constatent que la cit\u00e9 \u00e9volue dans tous les sens, \u00e0 b\u00e2tons rompus, tout en s\u2019engageant dans un processus ardu d\u2019industrialisation tous azimuts. Dans le temps, on avait sugg\u00e9r\u00e9 la mise en \u0153uvre d\u2019un mus\u00e9e r\u00e9gional qui pourrait renfermer tout ce patrimoine riche et vari\u00e9 dans une zone au pass\u00e9 glorieux. L\u2019ancien b\u00e2timent de la banque du Maroc, entre autres, semble \u00eatre un lieu tout indiqu\u00e9 pour abriter ce projet de grande valeur patrimoniale.<\/p>\n<p>Mais il va falloir convaincre les responsables de cette institution de cette initiative \u00e0 caract\u00e8re universel. On se demande aujourd\u2019hui sur le sort \u00a0de toutes ces suggestions qui avaient tant \u00e9maill\u00e9 nombre d\u2019adeptes de patrimoine aussi bien mat\u00e9riel qu\u2019immat\u00e9riel. Il serait judicieux de reconsid\u00e9rer toute cette r\u00e9flexion de haute port\u00e9e civique.<\/p>\n<p>Auteur: M&rsquo;hammed rahal<br \/>\n<a href=\"http:\/\/albayane.press.ma\/un-musee-patrimonial-dans-le-souss.html\">Cliquez ici pour lire l&rsquo;article depuis sa source.<\/a><\/p>\n","protected":false},"excerpt":{"rendered":"<p>La somptueuse b\u00e2tisse de la banque du Maroc, moisissant au c\u0153ur de la cit\u00e9, tel un hameau abandonn\u00e9, suscite toujours une sensation d\u2019entorse de la m\u00e9moire collective. Toute une communaut\u00e9 saisie par le path\u00e9tisme de cet ancien \u00e9difice qui garde encore les piliers majestueux, arbore la nostalgie poignante de ce vestige laiss\u00e9 pour compte, d\u2019une [&hellip;]<\/p>\n","protected":false},"author":1760,"featured_media":0,"comment_status":"closed","ping_status":"closed","sticky":false,"template":"","format":"standard","meta":{"fifu_image_url":"","fifu_image_alt":"","footnotes":""},"categories":[73,54],"tags":[],"class_list":["post-71291","post","type-post","status-publish","format-standard","hentry","category-actualite","category-maroc"],"_links":{"self":[{"href":"https:\/\/linitiative.ca\/International\/wp-json\/wp\/v2\/posts\/71291","targetHints":{"allow":["GET"]}}],"collection":[{"href":"https:\/\/linitiative.ca\/International\/wp-json\/wp\/v2\/posts"}],"about":[{"href":"https:\/\/linitiative.ca\/International\/wp-json\/wp\/v2\/types\/post"}],"author":[{"embeddable":true,"href":"https:\/\/linitiative.ca\/International\/wp-json\/wp\/v2\/users\/1760"}],"replies":[{"embeddable":true,"href":"https:\/\/linitiative.ca\/International\/wp-json\/wp\/v2\/comments?post=71291"}],"version-history":[{"count":0,"href":"https:\/\/linitiative.ca\/International\/wp-json\/wp\/v2\/posts\/71291\/revisions"}],"wp:attachment":[{"href":"https:\/\/linitiative.ca\/International\/wp-json\/wp\/v2\/media?parent=71291"}],"wp:term":[{"taxonomy":"category","embeddable":true,"href":"https:\/\/linitiative.ca\/International\/wp-json\/wp\/v2\/categories?post=71291"},{"taxonomy":"post_tag","embeddable":true,"href":"https:\/\/linitiative.ca\/International\/wp-json\/wp\/v2\/tags?post=71291"}],"curies":[{"name":"wp","href":"https:\/\/api.w.org\/{rel}","templated":true}]}}