{"id":71293,"date":"2019-12-26T08:19:58","date_gmt":"2019-12-26T13:19:58","guid":{"rendered":"https:\/\/linitiative.ca\/International\/tourisme-degueche-municipalite-touristique\/"},"modified":"2019-12-26T08:19:58","modified_gmt":"2019-12-26T13:19:58","slug":"tourisme-degueche-municipalite-touristique","status":"publish","type":"post","link":"https:\/\/linitiative.ca\/International\/tourisme-degueche-municipalite-touristique\/","title":{"rendered":"Tourisme\u00a0: D\u00e9gueche \u00ab Municipalit\u00e9 touristique \u00bb"},"content":{"rendered":"<p>La municipalit\u00e9 de D\u00e9gueche au gouvernorat de Tozeur (Sud tunisien) est d\u00e9sormais inscrite sur la liste des municipalit\u00e9s touristiques, a annonc\u00e9, mercredi, le ministre du Tourisme et de l\u2019Artisanat, Ren\u00e9 Trabelsi. Trabelsi, qui effectuait une visite \u00e0 Tozeur, a expliqu\u00e9 que cette d\u00e9cision est dict\u00e9e par la dynamique touristique caract\u00e9risant cette municipalit\u00e9 qui constitue un point de transit vers toutes les localit\u00e9s de Tozeur, r\u00e9gion attrayante pour les touristes locaux, alg\u00e9riens et d\u2019autres nationalit\u00e9s, surtout apr\u00e8s la lev\u00e9e des restrictions de voyage vers le sud tunisien. L\u2019inscription de la municipalit\u00e9 de D\u00e9gueche parmi les municipalit\u00e9s touristiques requiert la mobilisation des fonds n\u00e9cessaires \u00e0 l\u2019\u00e9laboration des programmes et des \u00e9tudes visant l\u2019int\u00e9gration de cette municipalit\u00e9 dans son environnement touristique, a indiqu\u00e9 le ministre. Il a, par ailleurs, fait savoir que les h\u00f4tels dans les diff\u00e9rentes r\u00e9gions du pays enregistrent des taux d\u2019occupation de 100% \u00e0 l\u2019occasion des f\u00eates de fin d\u2019ann\u00e9es, mettant l\u2019accent sur le r\u00f4le du tourisme int\u00e9rieur dans la cr\u00e9ation d\u2019une dynamique commerciale. S\u2019agissant des 14 h\u00f4tels ferm\u00e9s dans la r\u00e9gion de Tozeur, Trabelsi a indiqu\u00e9 que \u00ab son d\u00e9partement \u0153uvre \u00e0 trouver les solutions avant la fin de l\u2019ann\u00e9e 2020 \u00bb, affirmant que \u00ab des n\u00e9gociations sont en cours avec les propri\u00e9taires de deux d\u2019entre ces unit\u00e9s. Leur r\u00e9ouverture est pr\u00e9vue pour les quelques prochains mois \u00bb. Au sujet de l\u2019artisanat, il a d\u00e9clar\u00e9 que \u00ab des foires r\u00e9gionales sont programm\u00e9es dans les diff\u00e9rents gouvernorats pour favoriser la commercialisation des produits artisanaux \u00bb. Trabelsi qui est aussi ministre du transport par int\u00e9rim, a aussi inaugur\u00e9 la station de transport terrestre de Nafta, qui a \u00e9t\u00e9 reconstruite moyennant un financement de 1 million de dinars. Il a annonc\u00e9, \u00e0 cette occasion, l\u2019entr\u00e9e en exploitation de la nouvelle ligne terrestre D\u00e9gueche- Tunis. Des n\u00e9gociations sont en cours avec Tunisair Express pour multiplier les dessertes reliant Tozeur \u00e0 Tunis, a encore affirm\u00e9 le ministre.<\/p>\n<p class=\"dpsp-share-text\">Partager c&rsquo;est aimer!<\/p>\n<div class=\"wp-post-author-wrap wp-post-author-shortcode left\">\n<h3 class=\"awpa-title\"\/>\n<div class=\"wp-post-author\">\n<div class=\"awpa-img awpa-author-block square\"><a href=\"http:\/\/lexpertjournal.net\/fr\/author\/expert\/\"><img loading=\"lazy\" decoding=\"async\" alt=\"\" src=\"http:\/\/0.gravatar.com\/avatar\/c828f0b17d24309f0d01a4eac3747085?s=150&#038;d=mm&#038;r=g\" srcset=\"http:\/\/0.gravatar.com\/avatar\/c828f0b17d24309f0d01a4eac3747085?s=300&#038;d=mm&#038;r=g 2x\" class=\"avatar avatar-150 photo\" height=\"150\" width=\"150\"\/><\/a><\/div>\n<\/div>\n<\/div>\n<p>Auteur: L&rsquo;expert<br \/>\n<a href=\"http:\/\/lexpertjournal.net\/fr\/2019\/12\/26\/tourisme-degueche-municipalite-touristique\/\">Cliquez ici pour lire l&rsquo;article depuis sa source.<\/a><\/p>\n","protected":false},"excerpt":{"rendered":"<p>La municipalit\u00e9 de D\u00e9gueche au gouvernorat de Tozeur (Sud tunisien) est d\u00e9sormais inscrite sur la liste des municipalit\u00e9s touristiques, a annonc\u00e9, mercredi, le ministre du Tourisme et de l\u2019Artisanat, Ren\u00e9 Trabelsi. Trabelsi, qui effectuait une visite \u00e0 Tozeur, a expliqu\u00e9 que cette d\u00e9cision est dict\u00e9e par la dynamique touristique caract\u00e9risant cette municipalit\u00e9 qui constitue un [&hellip;]<\/p>\n","protected":false},"author":1775,"featured_media":0,"comment_status":"closed","ping_status":"closed","sticky":false,"template":"","format":"standard","meta":{"fifu_image_url":"","fifu_image_alt":"","footnotes":""},"categories":[78,55],"tags":[],"class_list":["post-71293","post","type-post","status-publish","format-standard","hentry","category-economie","category-tunisie"],"_links":{"self":[{"href":"https:\/\/linitiative.ca\/International\/wp-json\/wp\/v2\/posts\/71293","targetHints":{"allow":["GET"]}}],"collection":[{"href":"https:\/\/linitiative.ca\/International\/wp-json\/wp\/v2\/posts"}],"about":[{"href":"https:\/\/linitiative.ca\/International\/wp-json\/wp\/v2\/types\/post"}],"author":[{"embeddable":true,"href":"https:\/\/linitiative.ca\/International\/wp-json\/wp\/v2\/users\/1775"}],"replies":[{"embeddable":true,"href":"https:\/\/linitiative.ca\/International\/wp-json\/wp\/v2\/comments?post=71293"}],"version-history":[{"count":0,"href":"https:\/\/linitiative.ca\/International\/wp-json\/wp\/v2\/posts\/71293\/revisions"}],"wp:attachment":[{"href":"https:\/\/linitiative.ca\/International\/wp-json\/wp\/v2\/media?parent=71293"}],"wp:term":[{"taxonomy":"category","embeddable":true,"href":"https:\/\/linitiative.ca\/International\/wp-json\/wp\/v2\/categories?post=71293"},{"taxonomy":"post_tag","embeddable":true,"href":"https:\/\/linitiative.ca\/International\/wp-json\/wp\/v2\/tags?post=71293"}],"curies":[{"name":"wp","href":"https:\/\/api.w.org\/{rel}","templated":true}]}}