{"id":71294,"date":"2019-12-26T08:21:26","date_gmt":"2019-12-26T13:21:26","guid":{"rendered":"https:\/\/linitiative.ca\/International\/gastronomie-semaine-des-produits-alimentaires-tunisiens-a-amman\/"},"modified":"2019-12-26T08:21:26","modified_gmt":"2019-12-26T13:21:26","slug":"gastronomie-semaine-des-produits-alimentaires-tunisiens-a-amman","status":"publish","type":"post","link":"https:\/\/linitiative.ca\/International\/gastronomie-semaine-des-produits-alimentaires-tunisiens-a-amman\/","title":{"rendered":"Gastronomie\u00a0: Semaine des produits alimentaires tunisiens \u00e0 Amman"},"content":{"rendered":"<p>La deuxi\u00e8me \u00e9dition de la semaine des produits alimentaires tunisiens a d\u00e9marr\u00e9, jeudi dans la capitale jordanienne Amman, pour se poursuivre jusqu\u2019au 3 janvier 2020. \u00ab L\u2019objectif de cette manifestation est de promouvoir davantage les produits tunisiens sur le march\u00e9 jordanien \u00ab , selon l\u2019ambassadeur de Tunisie \u00e0 Amman, Khaled Shili, rappelant, \u00e0 cet \u00e9gard, que le volume des exportations tunisiennes vers la Jordanie ont doubl\u00e9 entre 2017 et 2018. Organis\u00e9e par l\u2019ambassade de Tunisie \u00e0 Amman et la repr\u00e9sentation commerciale du Centre de promotion des exportations (CEPEX), cette deuxi\u00e8me \u00e9dition met en avant diff\u00e9rents aliments tunisiens dont les fromages, les conserves alimentaires, les p\u00e2tisseries, les dattes et les produits de la mer. D\u2019apr\u00e8s Shili, des plans d\u2019action ont \u00e9t\u00e9 mis en place afin d\u2019\u00e9tendre ce salon \u00e0 d\u2019autres r\u00e9gions jordaniennes, et ce, en vertu d\u2019un accord conclu avec la structure jordanienne militaire charg\u00e9e de l\u2019approvisionnement alimentaire qui dispose de plus de 100 points de vente sur tout le territoire jordanien. La premi\u00e8re \u00e9dition de la semaine des produits alimentaires tunisiens, qui s\u2019est d\u00e9roul\u00e9e en juillet 2018, a contribu\u00e9 \u00e0 la hausse des exportations tunisiennes vers le march\u00e9 jordanien. Le volume des \u00e9changes commerciaux entre la Tunisie et la Jordanie a atteint 101 millions de dinars en 2018, rappelle-t-on. Notons que la 10e session du comit\u00e9 sup\u00e9rieur mixte tuniso-jordanien se tiendra \u00e0 Amman d\u00e9but 2020.<\/p>\n<p class=\"dpsp-share-text\">Partager c&rsquo;est aimer!<\/p>\n<div class=\"wp-post-author-wrap wp-post-author-shortcode left\">\n<h3 class=\"awpa-title\"\/>\n<div class=\"wp-post-author\">\n<div class=\"awpa-img awpa-author-block square\"><a href=\"http:\/\/lexpertjournal.net\/fr\/author\/expert\/\"><img loading=\"lazy\" decoding=\"async\" alt=\"\" src=\"http:\/\/0.gravatar.com\/avatar\/c828f0b17d24309f0d01a4eac3747085?s=150&#038;d=mm&#038;r=g\" srcset=\"http:\/\/0.gravatar.com\/avatar\/c828f0b17d24309f0d01a4eac3747085?s=300&#038;d=mm&#038;r=g 2x\" class=\"avatar avatar-150 photo\" height=\"150\" width=\"150\"\/><\/a><\/div>\n<\/div>\n<\/div>\n<p>Auteur: L&rsquo;expert<br \/>\n<a href=\"http:\/\/lexpertjournal.net\/fr\/2019\/12\/26\/gastronomie-semaine-des-produits-alimentaires-tunisiens-a-amman\/\">Cliquez ici pour lire l&rsquo;article depuis sa source.<\/a><\/p>\n","protected":false},"excerpt":{"rendered":"<p>La deuxi\u00e8me \u00e9dition de la semaine des produits alimentaires tunisiens a d\u00e9marr\u00e9, jeudi dans la capitale jordanienne Amman, pour se poursuivre jusqu\u2019au 3 janvier 2020. \u00ab L\u2019objectif de cette manifestation est de promouvoir davantage les produits tunisiens sur le march\u00e9 jordanien \u00ab , selon l\u2019ambassadeur de Tunisie \u00e0 Amman, Khaled Shili, rappelant, \u00e0 cet \u00e9gard, [&hellip;]<\/p>\n","protected":false},"author":1775,"featured_media":0,"comment_status":"closed","ping_status":"closed","sticky":false,"template":"","format":"standard","meta":{"fifu_image_url":"","fifu_image_alt":"","footnotes":""},"categories":[78,55],"tags":[],"class_list":["post-71294","post","type-post","status-publish","format-standard","hentry","category-economie","category-tunisie"],"_links":{"self":[{"href":"https:\/\/linitiative.ca\/International\/wp-json\/wp\/v2\/posts\/71294","targetHints":{"allow":["GET"]}}],"collection":[{"href":"https:\/\/linitiative.ca\/International\/wp-json\/wp\/v2\/posts"}],"about":[{"href":"https:\/\/linitiative.ca\/International\/wp-json\/wp\/v2\/types\/post"}],"author":[{"embeddable":true,"href":"https:\/\/linitiative.ca\/International\/wp-json\/wp\/v2\/users\/1775"}],"replies":[{"embeddable":true,"href":"https:\/\/linitiative.ca\/International\/wp-json\/wp\/v2\/comments?post=71294"}],"version-history":[{"count":0,"href":"https:\/\/linitiative.ca\/International\/wp-json\/wp\/v2\/posts\/71294\/revisions"}],"wp:attachment":[{"href":"https:\/\/linitiative.ca\/International\/wp-json\/wp\/v2\/media?parent=71294"}],"wp:term":[{"taxonomy":"category","embeddable":true,"href":"https:\/\/linitiative.ca\/International\/wp-json\/wp\/v2\/categories?post=71294"},{"taxonomy":"post_tag","embeddable":true,"href":"https:\/\/linitiative.ca\/International\/wp-json\/wp\/v2\/tags?post=71294"}],"curies":[{"name":"wp","href":"https:\/\/api.w.org\/{rel}","templated":true}]}}