{"id":71295,"date":"2019-12-26T08:23:09","date_gmt":"2019-12-26T13:23:09","guid":{"rendered":"https:\/\/linitiative.ca\/International\/developpement-de-la-logistique-hisser-la-tunisie-au-rang-de-plateforme-du-commerce-international\/"},"modified":"2019-12-26T08:23:09","modified_gmt":"2019-12-26T13:23:09","slug":"developpement-de-la-logistique-hisser-la-tunisie-au-rang-de-plateforme-du-commerce-international","status":"publish","type":"post","link":"https:\/\/linitiative.ca\/International\/developpement-de-la-logistique-hisser-la-tunisie-au-rang-de-plateforme-du-commerce-international\/","title":{"rendered":"D\u00e9veloppement de la logistique\u00a0: Hisser la Tunisie au rang de plateforme du commerce international"},"content":{"rendered":"<p>Les repr\u00e9sentants de la Conf\u00e9d\u00e9ration des entreprises citoyennes de Tunisie (CONECT) ont recommand\u00e9, mercredi, d\u2019acc\u00e9l\u00e9rer la mise en \u0153uvre de la strat\u00e9gie nationale de d\u00e9veloppement de la logistique pour hisser la Tunisie au rang de plateforme de commerce international et de hub logistique. Lors d\u2019une r\u00e9union tenue, mercredi, au si\u00e8ge de la CONECT Internationale entre des repr\u00e9sentants des comit\u00e9s de pilotages des \u00e9tudes \u00e9conomiques et techniques de d\u00e9veloppement du dispositif national de la logistique en Tunisie, les participants ont appel\u00e9 \u00e0 acc\u00e9l\u00e9rer la r\u00e9alisation des projets programm\u00e9s et visant \u00e0 am\u00e9liorer le cadre r\u00e9glementaire et institutionnel, l\u2019organisation du secteur de la logistique et la vision de la logistique de la Tunisie \u00e0 l\u2019horizon 2040. D\u2019apr\u00e8s la CONECT, cette r\u00e9union s\u2019inscrit dans le cadre de la collaboration avec le secteur priv\u00e9 pour sensibiliser sur l\u2019importance de la contribution du secteur priv\u00e9 aux investigations et r\u00e9flexions en vue d\u2019am\u00e9liorer la performance logistique \u00e0 court et moyen termes. De son c\u00f4t\u00e9, le Pr\u00e9sident de la CONECT Tarak Ch\u00e9rif, a plaid\u00e9 pour le renforcement des investissements et la r\u00e9alisation de r\u00e9formes r\u00e9glementaires et institutionnelles pour booster les exportations tunisiennes, am\u00e9liorer l\u2019environnement d\u2019affaires de la logistique et attirer les investisseurs \u00e9trangers. Le repr\u00e9sentant du Minist\u00e8re du transport, Wissem Gaida Mahjoub a, pour sa part, affirm\u00e9 que la Tunisie devrait se distinguer par rapport aux autres pays de la M\u00e9diterran\u00e9e par la digitalisation de la \u00ab supply Chain \u00bb, la cr\u00e9ation d\u2019un syst\u00e8me int\u00e9gr\u00e9 global, de plateformes de commerce international et de r\u00e9seau de zones logistiques compl\u00e9mentaires multiservices et multi-flux.<\/p>\n<p class=\"dpsp-share-text\">Partager c&rsquo;est aimer!<\/p>\n<div class=\"wp-post-author-wrap wp-post-author-shortcode left\">\n<h3 class=\"awpa-title\"\/>\n<div class=\"wp-post-author\">\n<div class=\"awpa-img awpa-author-block square\"><a href=\"http:\/\/lexpertjournal.net\/fr\/author\/expert\/\"><img loading=\"lazy\" decoding=\"async\" alt=\"\" src=\"http:\/\/0.gravatar.com\/avatar\/c828f0b17d24309f0d01a4eac3747085?s=150&#038;d=mm&#038;r=g\" srcset=\"http:\/\/0.gravatar.com\/avatar\/c828f0b17d24309f0d01a4eac3747085?s=300&#038;d=mm&#038;r=g 2x\" class=\"avatar avatar-150 photo\" height=\"150\" width=\"150\"\/><\/a><\/div>\n<\/div>\n<\/div>\n<p>Auteur: L&rsquo;expert<br \/>\n<a href=\"http:\/\/lexpertjournal.net\/fr\/2019\/12\/26\/developpement-de-la-logistique-hisser-la-tunisie-au-rang-de-plateforme-du-commerce-international\/\">Cliquez ici pour lire l&rsquo;article depuis sa source.<\/a><\/p>\n","protected":false},"excerpt":{"rendered":"<p>Les repr\u00e9sentants de la Conf\u00e9d\u00e9ration des entreprises citoyennes de Tunisie (CONECT) ont recommand\u00e9, mercredi, d\u2019acc\u00e9l\u00e9rer la mise en \u0153uvre de la strat\u00e9gie nationale de d\u00e9veloppement de la logistique pour hisser la Tunisie au rang de plateforme de commerce international et de hub logistique. Lors d\u2019une r\u00e9union tenue, mercredi, au si\u00e8ge de la CONECT Internationale entre [&hellip;]<\/p>\n","protected":false},"author":1775,"featured_media":0,"comment_status":"closed","ping_status":"closed","sticky":false,"template":"","format":"standard","meta":{"fifu_image_url":"","fifu_image_alt":"","footnotes":""},"categories":[78,55],"tags":[],"class_list":["post-71295","post","type-post","status-publish","format-standard","hentry","category-economie","category-tunisie"],"_links":{"self":[{"href":"https:\/\/linitiative.ca\/International\/wp-json\/wp\/v2\/posts\/71295","targetHints":{"allow":["GET"]}}],"collection":[{"href":"https:\/\/linitiative.ca\/International\/wp-json\/wp\/v2\/posts"}],"about":[{"href":"https:\/\/linitiative.ca\/International\/wp-json\/wp\/v2\/types\/post"}],"author":[{"embeddable":true,"href":"https:\/\/linitiative.ca\/International\/wp-json\/wp\/v2\/users\/1775"}],"replies":[{"embeddable":true,"href":"https:\/\/linitiative.ca\/International\/wp-json\/wp\/v2\/comments?post=71295"}],"version-history":[{"count":0,"href":"https:\/\/linitiative.ca\/International\/wp-json\/wp\/v2\/posts\/71295\/revisions"}],"wp:attachment":[{"href":"https:\/\/linitiative.ca\/International\/wp-json\/wp\/v2\/media?parent=71295"}],"wp:term":[{"taxonomy":"category","embeddable":true,"href":"https:\/\/linitiative.ca\/International\/wp-json\/wp\/v2\/categories?post=71295"},{"taxonomy":"post_tag","embeddable":true,"href":"https:\/\/linitiative.ca\/International\/wp-json\/wp\/v2\/tags?post=71295"}],"curies":[{"name":"wp","href":"https:\/\/api.w.org\/{rel}","templated":true}]}}