{"id":71296,"date":"2019-12-26T08:26:39","date_gmt":"2019-12-26T13:26:39","guid":{"rendered":"https:\/\/linitiative.ca\/International\/manifestations-touristiques-salon-de-lartisanat-tunisien-a-djeddah-en-fevrier\/"},"modified":"2019-12-26T08:26:39","modified_gmt":"2019-12-26T13:26:39","slug":"manifestations-touristiques-salon-de-lartisanat-tunisien-a-djeddah-en-fevrier","status":"publish","type":"post","link":"https:\/\/linitiative.ca\/International\/manifestations-touristiques-salon-de-lartisanat-tunisien-a-djeddah-en-fevrier\/","title":{"rendered":"Manifestations touristiques\u00a0: Salon de l\u2019artisanat tunisien \u00e0 Djeddah en f\u00e9vrier"},"content":{"rendered":"<p>Un salon d\u00e9di\u00e9 \u00e0 l\u2019artisanat tunisien se tiendra, du 6 au 15 f\u00e9vrier 2020 \u00e0 Djeddah (Arabie Saoudite), avec la participation de plus de 150 artisans exer\u00e7ant dans plusieurs secteurs, annonce jeudi la F\u00e9d\u00e9ration Nationale de l\u2019Artisanat. Organis\u00e9 avec l\u2019appui de l\u2019Office National de l\u2019Artisanat et le Centre National des Exportations (CEPEX), ce salon s\u2019\u00e9tale sur une surface de plus de 2000 m2, dans l\u2019un des plus principaux centres commerciaux \u00e0 Djeddah. Plusieurs secteurs de l\u2019artisanat seront repr\u00e9sent\u00e9s lors de ce salon dont la poterie, le verre souffl\u00e9 et la c\u00e9ramique. Les artisans souhaitant participer \u00e0 ce salon sont appel\u00e9s \u00e0 soumettre leurs candidatures avant le 10 janvier 2020, pr\u00e9cise la f\u00e9d\u00e9ration.<\/p>\n<p class=\"dpsp-share-text\">Partager c&rsquo;est aimer!<\/p>\n<div class=\"wp-post-author-wrap wp-post-author-shortcode left\">\n<h3 class=\"awpa-title\"\/>\n<div class=\"wp-post-author\">\n<div class=\"awpa-img awpa-author-block square\"><a href=\"http:\/\/lexpertjournal.net\/fr\/author\/expert\/\"><img loading=\"lazy\" decoding=\"async\" alt=\"\" src=\"http:\/\/0.gravatar.com\/avatar\/c828f0b17d24309f0d01a4eac3747085?s=150&#038;d=mm&#038;r=g\" srcset=\"http:\/\/0.gravatar.com\/avatar\/c828f0b17d24309f0d01a4eac3747085?s=300&#038;d=mm&#038;r=g 2x\" class=\"avatar avatar-150 photo\" height=\"150\" width=\"150\"\/><\/a><\/div>\n<\/div>\n<\/div>\n<p>Auteur: L&rsquo;expert<br \/>\n<a href=\"http:\/\/lexpertjournal.net\/fr\/2019\/12\/26\/manifestations-touristiques-salon-de-lartisanat-tunisien-a-djeddah-en-fevrier\/\">Cliquez ici pour lire l&rsquo;article depuis sa source.<\/a><\/p>\n","protected":false},"excerpt":{"rendered":"<p>Un salon d\u00e9di\u00e9 \u00e0 l\u2019artisanat tunisien se tiendra, du 6 au 15 f\u00e9vrier 2020 \u00e0 Djeddah (Arabie Saoudite), avec la participation de plus de 150 artisans exer\u00e7ant dans plusieurs secteurs, annonce jeudi la F\u00e9d\u00e9ration Nationale de l\u2019Artisanat. Organis\u00e9 avec l\u2019appui de l\u2019Office National de l\u2019Artisanat et le Centre National des Exportations (CEPEX), ce salon s\u2019\u00e9tale [&hellip;]<\/p>\n","protected":false},"author":1775,"featured_media":0,"comment_status":"closed","ping_status":"closed","sticky":false,"template":"","format":"standard","meta":{"fifu_image_url":"","fifu_image_alt":"","footnotes":""},"categories":[78,55],"tags":[],"class_list":["post-71296","post","type-post","status-publish","format-standard","hentry","category-economie","category-tunisie"],"_links":{"self":[{"href":"https:\/\/linitiative.ca\/International\/wp-json\/wp\/v2\/posts\/71296","targetHints":{"allow":["GET"]}}],"collection":[{"href":"https:\/\/linitiative.ca\/International\/wp-json\/wp\/v2\/posts"}],"about":[{"href":"https:\/\/linitiative.ca\/International\/wp-json\/wp\/v2\/types\/post"}],"author":[{"embeddable":true,"href":"https:\/\/linitiative.ca\/International\/wp-json\/wp\/v2\/users\/1775"}],"replies":[{"embeddable":true,"href":"https:\/\/linitiative.ca\/International\/wp-json\/wp\/v2\/comments?post=71296"}],"version-history":[{"count":0,"href":"https:\/\/linitiative.ca\/International\/wp-json\/wp\/v2\/posts\/71296\/revisions"}],"wp:attachment":[{"href":"https:\/\/linitiative.ca\/International\/wp-json\/wp\/v2\/media?parent=71296"}],"wp:term":[{"taxonomy":"category","embeddable":true,"href":"https:\/\/linitiative.ca\/International\/wp-json\/wp\/v2\/categories?post=71296"},{"taxonomy":"post_tag","embeddable":true,"href":"https:\/\/linitiative.ca\/International\/wp-json\/wp\/v2\/tags?post=71296"}],"curies":[{"name":"wp","href":"https:\/\/api.w.org\/{rel}","templated":true}]}}