{"id":71298,"date":"2019-12-26T13:04:09","date_gmt":"2019-12-26T18:04:09","guid":{"rendered":"https:\/\/linitiative.ca\/International\/tlemcen-lage-dor-du-cinema-algerien-revisite-a-travers-les-affiches-de-films\/"},"modified":"2019-12-26T13:04:09","modified_gmt":"2019-12-26T18:04:09","slug":"tlemcen-lage-dor-du-cinema-algerien-revisite-a-travers-les-affiches-de-films","status":"publish","type":"post","link":"https:\/\/linitiative.ca\/International\/tlemcen-lage-dor-du-cinema-algerien-revisite-a-travers-les-affiches-de-films\/","title":{"rendered":"Tlemcen: l&rsquo;\u00e2ge d&rsquo;or du cin\u00e9ma alg\u00e9rien revisit\u00e9 \u00e0 travers les affiches de films"},"content":{"rendered":"<div readability=\"38\">\n<p><strong>TLEMCEN &#8211; L&rsquo;\u00e2ge d&rsquo;or du cin\u00e9ma alg\u00e9rien (1962-1982) sera revisit\u00e9 \u00e0 travers une exposition d&rsquo;affiches de films, pr\u00e9vue du 29 d\u00e9cembre au 10 janvier prochains \u00e0 la maison de la culture \u00ab\u00a0Abdelkader Alloula\u00a0\u00bb, a-t-on appris du directeur du Centre des arts et des expositions de Tlemcen (CAREX), Amine Boudefla.<\/strong><\/p>\n<\/div>\n<div readability=\"65.3401619819\">\n<p>Repr\u00e9sentant \u00e0 la fois des supports promotionnels et des cr\u00e9ations artistiques, les 42 affiches, qui seront expos\u00e9es au grand public repr\u00e9sentent des films cultes r\u00e9alis\u00e9s en Alg\u00e9rie ayant marqu\u00e9 \u00e0 la fois des g\u00e9n\u00e9rations d&rsquo;Alg\u00e9riens, amoureux du 7\u00e8me art et tous les cin\u00e9philes \u00e0 travers le monde.<\/p>\n<p>Des \u0153uvres comme \u00ab\u00a0La bataille d&rsquo;Alger\u00a0\u00bb de Gillo Pontecorvo, \u00ab\u00a0Chronique des ann\u00e9es de braise\u00a0\u00bb de Mohamed Lakhdar Hamina, \u00ab\u00a0Les vacances de l&rsquo;inspecteur Tahar\u00a0\u00bb de Moussa Haddad ou encore \u00ab\u00a0Omar Gatlato\u00a0\u00bb de Merzak Allouache, ont rivalis\u00e9 avec les supers productions r\u00e9alis\u00e9es \u00e0 travers le monde, a indiqu\u00e9 le responsable.<\/p>\n<blockquote readability=\"7\">\n<p><em><strong>\u00ab\u00a0L&rsquo;objectif de l&rsquo;exposition est de montrer aux jeunes g\u00e9n\u00e9rations la grandeur et la qualit\u00e9 du cin\u00e9ma national de l&rsquo;\u00e9poque\u00a0\u00bb, a-t-il ajout\u00e9.<\/strong><\/em><\/p>\n<\/blockquote>\n<hr\/>\n<h3>Lire aussi:\u00a0<a href=\"http:\/\/www.aps.dz\/culture\/98570-trois-films-algeriens-primes-au-festival-d-al-qods\" target=\"_blank\" rel=\"noopener noreferrer\">Trois films alg\u00e9riens prim\u00e9s au festival d&rsquo;Al Qods<\/a><\/h3>\n<hr\/>\n<p>La manifestation tend aussi \u00e0 retracer l&rsquo;histoire du 7\u00e8me art national et \u00e0 mettre en exergue sa place dans la soci\u00e9t\u00e9\u00a0\u00bb.<\/p>\n<h3><em><strong>L&rsquo;\u00e9v\u00e9nement pourrait \u00e9ventuellement \u00eatre l&rsquo;amorce d&rsquo;une nouvelle relance du cin\u00e9ma \u00e0 Tlemcen et dans d&rsquo;autres r\u00e9gions du pays\u00a0\u00bb, a relev\u00e9 le responsable du CAREX, ajoutant que son \u00e9tablissement, par le biais de l&rsquo;exposition, tend \u00e0 contribuer \u00e0 la relance de l&rsquo;activit\u00e9 cin\u00e9matographique qui reprend timidement dans la Cit\u00e9 des Zianides depuis 2011.<\/strong><\/em><\/h3>\n<p>A Tlemcen, les salles de cin\u00e9ma ont totalement disparu depuis des ann\u00e9es. Il a fallu attendre l&rsquo;ann\u00e9e 2011, \u00e0 l&rsquo;occasion de l&rsquo;\u00e9v\u00e9nement \u00ab\u00a0Tlemcen, capitale de la culture islamique\u00a0\u00bb pour que des travaux de restauration et de r\u00e9habilitation soient lanc\u00e9s au niveau de l&rsquo;ex-salle du cin\u00e9ma Colis\u00e9e, baptis\u00e9e \u00e0 l&rsquo;occasion \u00ab\u00a0Djamel Chanderli\u00a0\u00bb. C&rsquo;est l&rsquo;unique salle qui fonctionne actuellement alors que les deux autres existantes \u00e0 Tlemcen sont ferm\u00e9es.<\/p>\n<p>La salle \u00ab\u00a0Djamel Chanderli \u00a0\u00bb a ouvert ses portes aux cin\u00e9philes et assure des projections r\u00e9guli\u00e8res de films suivies parfois de d\u00e9bats. Ces derniers temps, une association culturelle locale y organise des projections-d\u00e9bats de films, dans une tentative de redynamiser le 7\u00e8me art \u00e0 Tlemcen.<\/p>\n<\/div>\n<p>Auteur:<br \/>\n<a href=\"http:\/\/www.aps.dz\/culture\/99443-tlemcen-l-age-d-or-du-cinema-algerien-revisite-a-travers-les-affiches-de-films\">Cliquez ici pour lire l&rsquo;article depuis sa source.<\/a><\/p>\n","protected":false},"excerpt":{"rendered":"<p>TLEMCEN &#8211; L&rsquo;\u00e2ge d&rsquo;or du cin\u00e9ma alg\u00e9rien (1962-1982) sera revisit\u00e9 \u00e0 travers une exposition d&rsquo;affiches de films, pr\u00e9vue du 29 d\u00e9cembre au 10 janvier prochains \u00e0 la maison de la culture \u00ab\u00a0Abdelkader Alloula\u00a0\u00bb, a-t-on appris du directeur du Centre des arts et des expositions de Tlemcen (CAREX), Amine Boudefla. Repr\u00e9sentant \u00e0 la fois des supports [&hellip;]<\/p>\n","protected":false},"author":1790,"featured_media":0,"comment_status":"closed","ping_status":"closed","sticky":false,"template":"","format":"standard","meta":{"fifu_image_url":"","fifu_image_alt":"","footnotes":""},"categories":[53,79],"tags":[],"class_list":["post-71298","post","type-post","status-publish","format-standard","hentry","category-algerie","category-culture"],"_links":{"self":[{"href":"https:\/\/linitiative.ca\/International\/wp-json\/wp\/v2\/posts\/71298","targetHints":{"allow":["GET"]}}],"collection":[{"href":"https:\/\/linitiative.ca\/International\/wp-json\/wp\/v2\/posts"}],"about":[{"href":"https:\/\/linitiative.ca\/International\/wp-json\/wp\/v2\/types\/post"}],"author":[{"embeddable":true,"href":"https:\/\/linitiative.ca\/International\/wp-json\/wp\/v2\/users\/1790"}],"replies":[{"embeddable":true,"href":"https:\/\/linitiative.ca\/International\/wp-json\/wp\/v2\/comments?post=71298"}],"version-history":[{"count":0,"href":"https:\/\/linitiative.ca\/International\/wp-json\/wp\/v2\/posts\/71298\/revisions"}],"wp:attachment":[{"href":"https:\/\/linitiative.ca\/International\/wp-json\/wp\/v2\/media?parent=71298"}],"wp:term":[{"taxonomy":"category","embeddable":true,"href":"https:\/\/linitiative.ca\/International\/wp-json\/wp\/v2\/categories?post=71298"},{"taxonomy":"post_tag","embeddable":true,"href":"https:\/\/linitiative.ca\/International\/wp-json\/wp\/v2\/tags?post=71298"}],"curies":[{"name":"wp","href":"https:\/\/api.w.org\/{rel}","templated":true}]}}