{"id":71299,"date":"2019-12-26T05:00:00","date_gmt":"2019-12-26T10:00:00","guid":{"rendered":"https:\/\/linitiative.ca\/International\/eric-zemmour-sen-prend-a-lhymne-national-algerien\/"},"modified":"2019-12-26T05:00:00","modified_gmt":"2019-12-26T10:00:00","slug":"eric-zemmour-sen-prend-a-lhymne-national-algerien","status":"publish","type":"post","link":"https:\/\/linitiative.ca\/International\/eric-zemmour-sen-prend-a-lhymne-national-algerien\/","title":{"rendered":"\u00c9ric Zemmour s\u2019en prend \u00e0 l\u2019hymne national alg\u00e9rien"},"content":{"rendered":"<div id=\"originalText\" readability=\"51\">\n<p>L\u2019\u00e9ditorialiste du quotidien fran\u00e7ais Le Figaro, le pol\u00e9miste \u00c9ric Zemmour, s\u2019en est pris avec ranc\u0153ur \u00e0 l\u2019hymne national alg\u00e9rien. En effet, lors de son passage \u00e0 l\u2019\u00e9mission \u201cFace \u00e0 l\u2019info\u201d de la t\u00e9l\u00e9vision CNews, \u00c9ric Zemmour a affirm\u00e9 que \u201cl\u2019hymne national alg\u00e9rien est le seul hymne au monde qui d\u00e9signe dans ses propres mots un adversaire, en l\u2019occurrence la France\u201d.<\/p>\n<p>Le pol\u00e9miste ira encore plus loin en pestant que \u201cl\u2019Alg\u00e9rie, c\u2019est une caste au pouvoir, qui donne des bribes et qui, quand elle a un probl\u00e8me, insulte la France et laisse partir un peu d\u2019immigr\u00e9s pour ouvrir la cocotte-minute\u201d. Ce n\u2019est pas la premi\u00e8re fois que ce journaliste, qui excelle dans la x\u00e9nophobie, s\u2019attaque \u00e0 l\u2019Alg\u00e9rie.<\/p>\n<\/div>\n<div id=\"text_core\" readability=\"51\">\n<p>L\u2019\u00e9ditorialiste du quotidien fran\u00e7ais Le Figaro, le pol\u00e9miste \u00c9ric Zemmour, s\u2019en est pris avec ranc\u0153ur \u00e0 l\u2019hymne national alg\u00e9rien. En effet, lors de son passage \u00e0 l\u2019\u00e9mission \u201cFace \u00e0 l\u2019info\u201d de la t\u00e9l\u00e9vision CNews, \u00c9ric Zemmour a affirm\u00e9 que \u201cl\u2019hymne national alg\u00e9rien est le seul hymne au monde qui d\u00e9signe dans ses propres mots un adversaire, en l\u2019occurrence la France\u201d.<\/p>\n<p>Le pol\u00e9miste ira encore plus loin en pestant que \u201cl\u2019Alg\u00e9rie, c\u2019est une caste au pouvoir, qui donne des bribes et qui, quand elle a un probl\u00e8me, insulte la France et laisse partir un peu d\u2019immigr\u00e9s pour ouvrir la cocotte-minute\u201d. Ce n\u2019est pas la premi\u00e8re fois que ce journaliste, qui excelle dans la x\u00e9nophobie, s\u2019attaque \u00e0 l\u2019Alg\u00e9rie.<\/p>\n<\/div>\n<p>Auteur:<br \/>\n<a href=\"https:\/\/www.liberte-algerie.com\/radar\/eric-zemmour-sen-prend-a-lhymne-national-algerien-330803\">Cliquez ici pour lire l&rsquo;article depuis sa source.<\/a><\/p>\n","protected":false},"excerpt":{"rendered":"<p>L\u2019\u00e9ditorialiste du quotidien fran\u00e7ais Le Figaro, le pol\u00e9miste \u00c9ric Zemmour, s\u2019en est pris avec ranc\u0153ur \u00e0 l\u2019hymne national alg\u00e9rien. En effet, lors de son passage \u00e0 l\u2019\u00e9mission \u201cFace \u00e0 l\u2019info\u201d de la t\u00e9l\u00e9vision CNews, \u00c9ric Zemmour a affirm\u00e9 que \u201cl\u2019hymne national alg\u00e9rien est le seul hymne au monde qui d\u00e9signe dans ses propres mots un [&hellip;]<\/p>\n","protected":false},"author":1742,"featured_media":0,"comment_status":"closed","ping_status":"closed","sticky":false,"template":"","format":"standard","meta":{"fifu_image_url":"","fifu_image_alt":"","footnotes":""},"categories":[73,53],"tags":[],"class_list":["post-71299","post","type-post","status-publish","format-standard","hentry","category-actualite","category-algerie"],"_links":{"self":[{"href":"https:\/\/linitiative.ca\/International\/wp-json\/wp\/v2\/posts\/71299","targetHints":{"allow":["GET"]}}],"collection":[{"href":"https:\/\/linitiative.ca\/International\/wp-json\/wp\/v2\/posts"}],"about":[{"href":"https:\/\/linitiative.ca\/International\/wp-json\/wp\/v2\/types\/post"}],"author":[{"embeddable":true,"href":"https:\/\/linitiative.ca\/International\/wp-json\/wp\/v2\/users\/1742"}],"replies":[{"embeddable":true,"href":"https:\/\/linitiative.ca\/International\/wp-json\/wp\/v2\/comments?post=71299"}],"version-history":[{"count":0,"href":"https:\/\/linitiative.ca\/International\/wp-json\/wp\/v2\/posts\/71299\/revisions"}],"wp:attachment":[{"href":"https:\/\/linitiative.ca\/International\/wp-json\/wp\/v2\/media?parent=71299"}],"wp:term":[{"taxonomy":"category","embeddable":true,"href":"https:\/\/linitiative.ca\/International\/wp-json\/wp\/v2\/categories?post=71299"},{"taxonomy":"post_tag","embeddable":true,"href":"https:\/\/linitiative.ca\/International\/wp-json\/wp\/v2\/tags?post=71299"}],"curies":[{"name":"wp","href":"https:\/\/api.w.org\/{rel}","templated":true}]}}