{"id":71302,"date":"2019-12-26T05:00:00","date_gmt":"2019-12-26T10:00:00","guid":{"rendered":"https:\/\/linitiative.ca\/International\/pr-habib-douagui-president-general-des-jurys\/"},"modified":"2019-12-26T05:00:00","modified_gmt":"2019-12-26T10:00:00","slug":"pr-habib-douagui-president-general-des-jurys","status":"publish","type":"post","link":"https:\/\/linitiative.ca\/International\/pr-habib-douagui-president-general-des-jurys\/","title":{"rendered":"Pr Habib Douagui, pr\u00e9sident g\u00e9n\u00e9ral des jurys"},"content":{"rendered":"<div id=\"originalText\" readability=\"49\">\n<p>Le\u00a0 pr\u00e9sident\u00a0 de\u00a0 la\u00a0 Soci\u00e9t\u00e9 alg\u00e9rienne\u00a0 \u00a0d\u2019asthmologie,\u00a0 d\u2019allergologie\u00a0 et d\u2019immunologie clinique,\u00a0 Pr Habib\u00a0 Douagui, a\u00a0 pr\u00e9sid\u00e9, le 12 d\u00e9cembre \u00e0 Ouagadougou (Burkina Faso), les jurys de la premi\u00e8re promotion de DES de pneumologie de l\u2019Unit\u00e9 de formation et de recherche en sciences de la sant\u00e9 (UFR\/SDS) de l\u2019universit\u00e9 Joseph Ki-Zerbo.<\/p>\n<p>C\u2019est\u00a0 ce\u00a0 qu\u2019a\u00a0 indiqu\u00e9,\u00a0 dans\u00a0 une attestation de pr\u00e9sidence\u00a0 de\u00a0 jury,\u00a0 le coordinateur du\u00a0 DES\u00a0 de\u00a0 pneumologie,\u00a0 Martial\u00a0 Ouedraogo,\u00a0 relevant\u00a0 du minist\u00e8re burkinab\u00e9 de l\u2019Enseignement sup\u00e9rieur, de la\u00a0 Recherche\u00a0 scientifique et de l\u2019Innovation.\u00a0<\/p>\n<\/div>\n<div id=\"text_core\" readability=\"49\">\n<p>Le\u00a0 pr\u00e9sident\u00a0 de\u00a0 la\u00a0 Soci\u00e9t\u00e9 alg\u00e9rienne\u00a0 \u00a0d\u2019asthmologie,\u00a0 d\u2019allergologie\u00a0 et d\u2019immunologie clinique,\u00a0 Pr Habib\u00a0 Douagui, a\u00a0 pr\u00e9sid\u00e9, le 12 d\u00e9cembre \u00e0 Ouagadougou (Burkina Faso), les jurys de la premi\u00e8re promotion de DES de pneumologie de l\u2019Unit\u00e9 de formation et de recherche en sciences de la sant\u00e9 (UFR\/SDS) de l\u2019universit\u00e9 Joseph Ki-Zerbo.<\/p>\n<p>C\u2019est\u00a0 ce\u00a0 qu\u2019a\u00a0 indiqu\u00e9,\u00a0 dans\u00a0 une attestation de pr\u00e9sidence\u00a0 de\u00a0 jury,\u00a0 le coordinateur du\u00a0 DES\u00a0 de\u00a0 pneumologie,\u00a0 Martial\u00a0 Ouedraogo,\u00a0 relevant\u00a0 du minist\u00e8re burkinab\u00e9 de l\u2019Enseignement sup\u00e9rieur, de la\u00a0 Recherche\u00a0 scientifique et de l\u2019Innovation.\u00a0<\/p>\n<\/div>\n<p>Auteur:<br \/>\n<a href=\"https:\/\/www.liberte-algerie.com\/radar\/pr-habib-douagui-president-general-des-jurys-330800\">Cliquez ici pour lire l&rsquo;article depuis sa source.<\/a><\/p>\n","protected":false},"excerpt":{"rendered":"<p>Le\u00a0 pr\u00e9sident\u00a0 de\u00a0 la\u00a0 Soci\u00e9t\u00e9 alg\u00e9rienne\u00a0 \u00a0d\u2019asthmologie,\u00a0 d\u2019allergologie\u00a0 et d\u2019immunologie clinique,\u00a0 Pr Habib\u00a0 Douagui, a\u00a0 pr\u00e9sid\u00e9, le 12 d\u00e9cembre \u00e0 Ouagadougou (Burkina Faso), les jurys de la premi\u00e8re promotion de DES de pneumologie de l\u2019Unit\u00e9 de formation et de recherche en sciences de la sant\u00e9 (UFR\/SDS) de l\u2019universit\u00e9 Joseph Ki-Zerbo. C\u2019est\u00a0 ce\u00a0 qu\u2019a\u00a0 indiqu\u00e9,\u00a0 dans\u00a0 [&hellip;]<\/p>\n","protected":false},"author":1742,"featured_media":0,"comment_status":"closed","ping_status":"closed","sticky":false,"template":"","format":"standard","meta":{"fifu_image_url":"","fifu_image_alt":"","footnotes":""},"categories":[73,53],"tags":[],"class_list":["post-71302","post","type-post","status-publish","format-standard","hentry","category-actualite","category-algerie"],"_links":{"self":[{"href":"https:\/\/linitiative.ca\/International\/wp-json\/wp\/v2\/posts\/71302","targetHints":{"allow":["GET"]}}],"collection":[{"href":"https:\/\/linitiative.ca\/International\/wp-json\/wp\/v2\/posts"}],"about":[{"href":"https:\/\/linitiative.ca\/International\/wp-json\/wp\/v2\/types\/post"}],"author":[{"embeddable":true,"href":"https:\/\/linitiative.ca\/International\/wp-json\/wp\/v2\/users\/1742"}],"replies":[{"embeddable":true,"href":"https:\/\/linitiative.ca\/International\/wp-json\/wp\/v2\/comments?post=71302"}],"version-history":[{"count":0,"href":"https:\/\/linitiative.ca\/International\/wp-json\/wp\/v2\/posts\/71302\/revisions"}],"wp:attachment":[{"href":"https:\/\/linitiative.ca\/International\/wp-json\/wp\/v2\/media?parent=71302"}],"wp:term":[{"taxonomy":"category","embeddable":true,"href":"https:\/\/linitiative.ca\/International\/wp-json\/wp\/v2\/categories?post=71302"},{"taxonomy":"post_tag","embeddable":true,"href":"https:\/\/linitiative.ca\/International\/wp-json\/wp\/v2\/tags?post=71302"}],"curies":[{"name":"wp","href":"https:\/\/api.w.org\/{rel}","templated":true}]}}