{"id":71303,"date":"2019-12-26T05:00:00","date_gmt":"2019-12-26T10:00:00","guid":{"rendered":"https:\/\/linitiative.ca\/International\/forte-participation-de-lalgerie-a-taza\/"},"modified":"2019-12-26T05:00:00","modified_gmt":"2019-12-26T10:00:00","slug":"forte-participation-de-lalgerie-a-taza","status":"publish","type":"post","link":"https:\/\/linitiative.ca\/International\/forte-participation-de-lalgerie-a-taza\/","title":{"rendered":"Forte participation de l\u2019Alg\u00e9rie \u00e0 Taza"},"content":{"rendered":"<div id=\"originalText\" readability=\"53\">\n<p>La 4e \u00e9dition du Festival international cin\u00e9-caf\u00e9 qui se d\u00e9roule \u00e0 Taza, au Maroc, a enregistr\u00e9 une forte participation de l\u2019Alg\u00e9rie, avec notamment des r\u00e9alisateurs qui pr\u00e9sentent des courts m\u00e9trages.<\/p>\n<p>Le film Kayn ola Makanch fait un tabac durant ce festival, aux c\u00f4t\u00e9s d\u2019une vingtaine de films de r\u00e9alisateurs professionnels et amateurs\u00a0 venus de France, d\u2019Espagne, de Tunisie, d\u2019\u00c9gypte, de Syrie, du Liban, d\u2019Irak et qui prennent part \u00e0 la comp\u00e9tition officielle de cette manifestation artistique et culturelle.<\/p>\n<p>\u00c0 noter que le cin\u00e9ma palestinien est \u00e0 l\u2019honneur \u00e0 cette 4e \u00e9dition. Au menu de ce festival figurent \u00e9galement des ateliers sur les m\u00e9tiers du cin\u00e9ma et les arts dramatiques et des colloques qui rassembleront des \u00e9crivains et des universitaires.<\/p>\n<\/div>\n<div id=\"text_core\" readability=\"53\">\n<p>La 4e \u00e9dition du Festival international cin\u00e9-caf\u00e9 qui se d\u00e9roule \u00e0 Taza, au Maroc, a enregistr\u00e9 une forte participation de l\u2019Alg\u00e9rie, avec notamment des r\u00e9alisateurs qui pr\u00e9sentent des courts m\u00e9trages.<\/p>\n<p>Le film Kayn ola Makanch fait un tabac durant ce festival, aux c\u00f4t\u00e9s d\u2019une vingtaine de films de r\u00e9alisateurs professionnels et amateurs\u00a0 venus de France, d\u2019Espagne, de Tunisie, d\u2019\u00c9gypte, de Syrie, du Liban, d\u2019Irak et qui prennent part \u00e0 la comp\u00e9tition officielle de cette manifestation artistique et culturelle.<\/p>\n<p>\u00c0 noter que le cin\u00e9ma palestinien est \u00e0 l\u2019honneur \u00e0 cette 4e \u00e9dition. Au menu de ce festival figurent \u00e9galement des ateliers sur les m\u00e9tiers du cin\u00e9ma et les arts dramatiques et des colloques qui rassembleront des \u00e9crivains et des universitaires.<\/p>\n<\/div>\n<p>Auteur:<br \/>\n<a href=\"https:\/\/www.liberte-algerie.com\/radar\/forte-participation-de-lalgerie-a-taza-330799\">Cliquez ici pour lire l&rsquo;article depuis sa source.<\/a><\/p>\n","protected":false},"excerpt":{"rendered":"<p>La 4e \u00e9dition du Festival international cin\u00e9-caf\u00e9 qui se d\u00e9roule \u00e0 Taza, au Maroc, a enregistr\u00e9 une forte participation de l\u2019Alg\u00e9rie, avec notamment des r\u00e9alisateurs qui pr\u00e9sentent des courts m\u00e9trages. Le film Kayn ola Makanch fait un tabac durant ce festival, aux c\u00f4t\u00e9s d\u2019une vingtaine de films de r\u00e9alisateurs professionnels et amateurs\u00a0 venus de France, [&hellip;]<\/p>\n","protected":false},"author":1742,"featured_media":0,"comment_status":"closed","ping_status":"closed","sticky":false,"template":"","format":"standard","meta":{"fifu_image_url":"","fifu_image_alt":"","footnotes":""},"categories":[73,53],"tags":[],"class_list":["post-71303","post","type-post","status-publish","format-standard","hentry","category-actualite","category-algerie"],"_links":{"self":[{"href":"https:\/\/linitiative.ca\/International\/wp-json\/wp\/v2\/posts\/71303","targetHints":{"allow":["GET"]}}],"collection":[{"href":"https:\/\/linitiative.ca\/International\/wp-json\/wp\/v2\/posts"}],"about":[{"href":"https:\/\/linitiative.ca\/International\/wp-json\/wp\/v2\/types\/post"}],"author":[{"embeddable":true,"href":"https:\/\/linitiative.ca\/International\/wp-json\/wp\/v2\/users\/1742"}],"replies":[{"embeddable":true,"href":"https:\/\/linitiative.ca\/International\/wp-json\/wp\/v2\/comments?post=71303"}],"version-history":[{"count":0,"href":"https:\/\/linitiative.ca\/International\/wp-json\/wp\/v2\/posts\/71303\/revisions"}],"wp:attachment":[{"href":"https:\/\/linitiative.ca\/International\/wp-json\/wp\/v2\/media?parent=71303"}],"wp:term":[{"taxonomy":"category","embeddable":true,"href":"https:\/\/linitiative.ca\/International\/wp-json\/wp\/v2\/categories?post=71303"},{"taxonomy":"post_tag","embeddable":true,"href":"https:\/\/linitiative.ca\/International\/wp-json\/wp\/v2\/tags?post=71303"}],"curies":[{"name":"wp","href":"https:\/\/api.w.org\/{rel}","templated":true}]}}