{"id":71306,"date":"2019-12-26T03:52:49","date_gmt":"2019-12-26T08:52:49","guid":{"rendered":"https:\/\/linitiative.ca\/International\/sm-le-roi-a-insuffle-une-veritable-dynamique-a-la-chose-culturelle-au-maroc\/"},"modified":"2019-12-26T03:52:49","modified_gmt":"2019-12-26T08:52:49","slug":"sm-le-roi-a-insuffle-une-veritable-dynamique-a-la-chose-culturelle-au-maroc","status":"publish","type":"post","link":"https:\/\/linitiative.ca\/International\/sm-le-roi-a-insuffle-une-veritable-dynamique-a-la-chose-culturelle-au-maroc\/","title":{"rendered":"SM le Roi a insuffl\u00e9 une v\u00e9ritable dynamique \u00e0 la chose culturelle au Maroc"},"content":{"rendered":"<div readability=\"37\">\n<p>Marrakech \u2013 Sa Majest\u00e9 le Roi Mohammed VI a su insuffler une v\u00e9ritable dynamique \u00e0 la chose culturelle et artistique au Maroc, a affirm\u00e9 le Pr\u00e9sident D\u00e9l\u00e9gu\u00e9 d\u2019Artcurial, premi\u00e8re Maison fran\u00e7aise de ventes aux ench\u00e8res, M. Fran\u00e7ois Tajan.<\/p>\n<\/div>\n<div readability=\"176\">\n<p>Dans une d\u00e9claration \u00e0 la MAP en marge d\u2019une vente aux ench\u00e8res pr\u00e9vue le 30 d\u00e9cembre \u00e0 Marrakech en duplex avec Paris, \u00e0 l\u2019initiative d\u2019Artcurial, M. Tajan s\u2019est hautement f\u00e9licit\u00e9 de cet engouement que SM le Roi a su insuffler pour les Mus\u00e9es, les Fondations culturelles et artistiques, ainsi que pour les lieux et sites historiques qui ont \u00e9t\u00e9 restaur\u00e9s et ouverts au public, notant qu\u2019il s\u2019agit l\u00e0 d&rsquo;\u00a0\u00bbune r\u00e9elle dynamique patrimoniale\u00a0\u00bb que le Royaume du Maroc entend consacrer, fier de tout ce qu\u2019il a cr\u00e9\u00e9, depuis des si\u00e8cles, gr\u00e2ce au savoir-faire de ses artistes et artisans.<\/p>\n<p>Cette dynamique patrimoniale port\u00e9e par le Souverain n\u2019a eu de cesse de se d\u00e9velopper depuis 2011 sous l\u2019\u00e9gide de la Fondation Nationale des Mus\u00e9es (FNM) du Royaume, a-t-il pr\u00e9cis\u00e9.<\/p>\n<p>\u00ab\u00a0C\u2019\u00e9tait donc pour nous un signe encourageant pour promouvoir l\u2019art ainsi que son march\u00e9, car le march\u00e9 de l\u2019art est la r\u00e9compense du talent artistique et artisanal de tout pays. C\u2019est pour cette raison que nous avons souhait\u00e9 participer \u00e0 un mouvement beaucoup plus large que celui d\u2019Artcurial\u00a0\u00bb, a-t-il expliqu\u00e9.<\/p>\n<p>Dans ce sens, M. Tajan a indiqu\u00e9 que la Maison Artcurial a ouvert une filiale au Maroc, sous la direction d\u2019Olivier Berman, et g\u00e9r\u00e9e par une \u00e9quipe marocaine.<\/p>\n<p>\u00ab\u00a0L\u2019id\u00e9e est de d\u00e9velopper notre activit\u00e9\u00a0\u00bb, a-t-il dit, rappelant que depuis 2011, Artcurial \u00e0 Paris organise des \u00e9v\u00e9nements au Maroc, et plus particuli\u00e8rement \u00e0 Marrakech, \u00ab\u00a0pour pr\u00e9senter certains tableaux ou faire des expositions avant les ventes\u00a0\u00bb dans la capitale fran\u00e7aise.<\/p>\n<p>\u00ab\u00a0Au fur et \u00e0 mesure, nous nous sommes aper\u00e7us qu\u2019il y avait \u00e9videmment une attente importante, un nombre de collectionneurs de plus en plus importants aussi au Maroc. Nous voyons \u00e9galement poindre ce go\u00fbt pour l\u2019art contemporain, notamment l\u2019art contemporain marocain\u00a0\u00bb, a-t-il fait remarquer.<\/p>\n<p>Pour M. Tajan, \u00ab\u00a0l\u2019un des aspects qui nous a int\u00e9ress\u00e9 dans cette d\u00e9marche de venir s\u2019installer au Maroc c\u2019est d\u2019\u00eatre aussi plus proche de la cr\u00e9ation contemporaine marocaine et, plus largement, de la cr\u00e9ation contemporaine africaine\u00a0\u00bb.<\/p>\n<p>Dans ce cadre, il a affirm\u00e9 que l\u2019art contemporain africain est aujourd\u2019hui un domaine d\u2019activit\u00e9s tr\u00e8s important, puisque plusieurs foires et expositions d\u2019art contemporain s\u2019organisent autour de ce th\u00e8me dans diff\u00e9rentes capitales mondiales, \u00e0 l\u2019instar de New York, Londres et Paris, relevant que le Continent africain regorge d\u2019artistes de grand talent parmi lesquels figurent des Marocains.<\/p>\n<p>A travers sa filiale au Maroc, Artcurial compte d\u00e9velopper ses ventes de tableaux orientalistes et d\u2019art contemporain africain. Elle aura \u00e9galement vocation d\u2019organiser des ventes de collections mettant \u00e0 l\u2019honneur le savoir-faire et la grande richesse des arts d\u00e9coratifs marocains (orf\u00e8vrerie, c\u00e9ramique, mobilier, textiles, bijoux ou objets d\u2019art\u2026).<\/p>\n<p>\u00ab\u00a0C\u2019est l\u2019une des raisons qui nous ont pouss\u00e9 \u00e0 nous installer au Maroc: \u00e0 la fois pour organiser une vente de choses plus classiques (comme des tableaux orientalistes) et aussi pour organiser une vente plut\u00f4t consacr\u00e9e aux arts d\u00e9coratifs du Maroc, baptis\u00e9e Made in Morocco\u00a0\u00bb, qui montre tout ce savoir-faire ancien et ancestral du Maroc et son formidable et inestimable patrimoine, a d\u00e9taill\u00e9 M. Tajan.<\/p>\n<p>Il a, \u00e0 ce propos, fait savoir que les deux ventes auront lieu, le 30 d\u00e9cembre prochain, \u00e0 la Mamounia \u00e0 Marrakech en duplex avec Paris, ce qui permettra \u00e0 des gens de la capitale fran\u00e7aise, s\u2019ils le souhaitent, de pouvoir ench\u00e9rir, mais aussi aux acheteurs au Maroc de r\u00e9gler leurs achats en dirhams.<\/p>\n<p>\u00ab\u00a0C\u2019\u00e9tait tr\u00e8s important pour nous de permettre aux nombreux collectionneurs marocains de participer \u00e0 ces ventes aux ench\u00e8res sans \u00eatre oblig\u00e9s d\u2019acheter ou de r\u00e9gler leurs achats en euros\u00a0\u00bb, a-t-il insist\u00e9.<\/p>\n<p>Et M. Tajan de souligner que la Maison Artcurial a voulu \u00e9galement participer \u00e0 ce mouvement artistique \u00ab\u00a0collectif\u00a0\u00bb tr\u00e8s d\u00e9velopp\u00e9 au Maroc et \u00e0 f\u00e9d\u00e9rer les \u00e9nergies avec la \u00ab\u00a0Marrakech Art Week\u00a0\u00bb.<\/p>\n<p>\u00ab\u00a0C\u2019est la 3\u00e8me ann\u00e9e que nous avons un petit guide qui r\u00e9pertorie un certain nombre de galeries, de fondations et de mus\u00e9es qui, au moment des f\u00eates de fin d\u2019ann\u00e9e, ont un programme tr\u00e8s int\u00e9ressant. Gr\u00e2ce \u00e0 ce petit guide, les amateurs et les collectionneurs savent ainsi qu\u2019il y a \u00e9norm\u00e9ment de belles choses \u00e0 voir et \u00e0 d\u00e9couvrir dans le domaine culturel et artistique\u00a0\u00bb, s\u2019est-il r\u00e9joui.<\/p>\n<p>\u00ab\u00a0Artcurial apporte une pierre \u00e0 un \u00e9difice qui existe d\u00e9j\u00e0 et que d\u2019autres dynamisent. Nous voulons seulement aider un peu \u00e0 acc\u00e9l\u00e9rer les choses et \u00e0 faire rayonner l\u2019art et la cr\u00e9ation un peu plus loin\u00a0\u00bb \u00e0 travers le monde, a conclu M. Tajan.<\/p>\n<p>A rappeler qu\u2019Artcurial avait annonc\u00e9, en octobre dernier, l\u2019ouverture d\u2019une filiale au Maroc pour d\u00e9velopper ses ventes de tableaux orientalistes et d\u2019art contemporain africain, deux sp\u00e9cialit\u00e9s importantes de la Maison en relation directe avec le Continent africain.<\/p>\n<p>Situ\u00e9e dans le quartier de l\u2019Hivernage \u00e0 Marrakech, cette filiale, g\u00e9r\u00e9e par une \u00e9quipe marocaine, aura \u00e9galement vocation d\u2019organiser des ventes de collections mettant ainsi \u00e0 l\u2019honneur la grande richesse des arts d\u00e9coratifs marocains, dans des domaines aussi \u00e9tendus que la c\u00e9ramique, la verrerie, le mobilier, les textiles, les bijoux ou encore les armes anciennes.<\/p>\n<p>Artcurial a organis\u00e9 dans le Royaume, depuis 2011, un grand nombre de pr\u00e9sentations et de ventes en duplex avec Paris.<\/p>\n<\/div>\n<p>Auteur: Meriem IGASS<br \/>\n<a href=\"http:\/\/www.mapmarrakech.ma\/fr\/artcurial\/\">Cliquez ici pour lire l&rsquo;article depuis sa source.<\/a><\/p>\n","protected":false},"excerpt":{"rendered":"<p>Marrakech \u2013 Sa Majest\u00e9 le Roi Mohammed VI a su insuffler une v\u00e9ritable dynamique \u00e0 la chose culturelle et artistique au Maroc, a affirm\u00e9 le Pr\u00e9sident D\u00e9l\u00e9gu\u00e9 d\u2019Artcurial, premi\u00e8re Maison fran\u00e7aise de ventes aux ench\u00e8res, M. Fran\u00e7ois Tajan. Dans une d\u00e9claration \u00e0 la MAP en marge d\u2019une vente aux ench\u00e8res pr\u00e9vue le 30 d\u00e9cembre \u00e0 [&hellip;]<\/p>\n","protected":false},"author":1788,"featured_media":0,"comment_status":"closed","ping_status":"closed","sticky":false,"template":"","format":"standard","meta":{"fifu_image_url":"","fifu_image_alt":"","footnotes":""},"categories":[54,76],"tags":[],"class_list":["post-71306","post","type-post","status-publish","format-standard","hentry","category-maroc","category-regions"],"_links":{"self":[{"href":"https:\/\/linitiative.ca\/International\/wp-json\/wp\/v2\/posts\/71306","targetHints":{"allow":["GET"]}}],"collection":[{"href":"https:\/\/linitiative.ca\/International\/wp-json\/wp\/v2\/posts"}],"about":[{"href":"https:\/\/linitiative.ca\/International\/wp-json\/wp\/v2\/types\/post"}],"author":[{"embeddable":true,"href":"https:\/\/linitiative.ca\/International\/wp-json\/wp\/v2\/users\/1788"}],"replies":[{"embeddable":true,"href":"https:\/\/linitiative.ca\/International\/wp-json\/wp\/v2\/comments?post=71306"}],"version-history":[{"count":0,"href":"https:\/\/linitiative.ca\/International\/wp-json\/wp\/v2\/posts\/71306\/revisions"}],"wp:attachment":[{"href":"https:\/\/linitiative.ca\/International\/wp-json\/wp\/v2\/media?parent=71306"}],"wp:term":[{"taxonomy":"category","embeddable":true,"href":"https:\/\/linitiative.ca\/International\/wp-json\/wp\/v2\/categories?post=71306"},{"taxonomy":"post_tag","embeddable":true,"href":"https:\/\/linitiative.ca\/International\/wp-json\/wp\/v2\/tags?post=71306"}],"curies":[{"name":"wp","href":"https:\/\/api.w.org\/{rel}","templated":true}]}}