{"id":71307,"date":"2019-12-26T08:08:35","date_gmt":"2019-12-26T13:08:35","guid":{"rendered":"https:\/\/linitiative.ca\/International\/debat-sur-la-regionalisation-et-le-nouveau-modele-de-developpement\/"},"modified":"2019-12-26T08:08:35","modified_gmt":"2019-12-26T13:08:35","slug":"debat-sur-la-regionalisation-et-le-nouveau-modele-de-developpement","status":"publish","type":"post","link":"https:\/\/linitiative.ca\/International\/debat-sur-la-regionalisation-et-le-nouveau-modele-de-developpement\/","title":{"rendered":"D\u00e9bat sur la r\u00e9gionalisation et le nouveau mod\u00e8le de d\u00e9veloppement"},"content":{"rendered":"<div class=\"single-featured\"><img alt=\"\" data-src=\"http:\/\/www.mapmarrakech.ma\/map\/uploads\/2019\/12\/debatmarrakech-copier.jpg\"\/><\/div>\n<div class=\"single-post-excerpt post-excerpt-bc\" readability=\"37\">\n<p>Marrakech \u2013 \u00ab\u00a0R\u00e9gionalisation avanc\u00e9e et le nouveau mod\u00e8le de d\u00e9veloppement, r\u00e9flexions des experts universitaires et des acteurs r\u00e9gionaux\u00a0\u00bb est le th\u00e8me d\u2019une rencontre organis\u00e9e mardi dernier, \u00e0 la Facult\u00e9 de Droit de Marrakech \u00e0 l\u2019initiative du Laboratoire des recherches juridiques et l\u2019analyse des politiques relevant de l\u2019Universit\u00e9 Cadi Ayyad en partenariat avec la Fondation Hanns Seidel.<\/p>\n<\/div>\n<div class=\"entry-content clearfix single-post-content\" readability=\"49\">\n<p>Les participants \u00e0 cette conf\u00e9rence ont relev\u00e9 que le nouveau mod\u00e8le de d\u00e9veloppement doit rester soumis aux exigences macro et microsociales notamment au niveau de la pr\u00e9servation de l\u2019immunit\u00e9 de la classe moyenne en tant que soupape de s\u00e9curit\u00e9 dans le contexte d\u2019un monde fluctuant et soumis \u00e0 des agendas g\u00e9ostrat\u00e9giques divergentes qui balaient sur son passage tout ce qui rel\u00e8ve du national.<\/p>\n<p>Le nouveau mod\u00e8le de d\u00e9veloppement est aussi appel\u00e9 \u00e0 cr\u00e9er un changement au niveau des modes de production notamment en ce qui concerne l\u2019\u00e9ducation et la formation et la bonne exploitation des comp\u00e9tences, ont-ils ajout\u00e9, soulignant que le nouveau mod\u00e8le sera \u00e9labor\u00e9, selon une approche participative inclusive, en se fondant sur les missions d\u2019\u00e9valuation, de prospection, avec comme finalit\u00e9s le d\u00e9veloppement, l\u2019\u00e9quit\u00e9, l\u2019impact positif et l\u2019essor global \u00e0 travers la mobilisation collective, l\u2019engagement et l\u2019initiative individuelle.<\/p>\n<\/div>\n<p>Auteur: Meriem IGASS<br \/>\n<a href=\"http:\/\/www.mapmarrakech.ma\/fr\/regionalisation\/\">Cliquez ici pour lire l&rsquo;article depuis sa source.<\/a><\/p>\n","protected":false},"excerpt":{"rendered":"<p>Marrakech \u2013 \u00ab\u00a0R\u00e9gionalisation avanc\u00e9e et le nouveau mod\u00e8le de d\u00e9veloppement, r\u00e9flexions des experts universitaires et des acteurs r\u00e9gionaux\u00a0\u00bb est le th\u00e8me d\u2019une rencontre organis\u00e9e mardi dernier, \u00e0 la Facult\u00e9 de Droit de Marrakech \u00e0 l\u2019initiative du Laboratoire des recherches juridiques et l\u2019analyse des politiques relevant de l\u2019Universit\u00e9 Cadi Ayyad en partenariat avec la Fondation Hanns [&hellip;]<\/p>\n","protected":false},"author":1788,"featured_media":71308,"comment_status":"closed","ping_status":"closed","sticky":false,"template":"","format":"standard","meta":{"fifu_image_url":"","fifu_image_alt":"","footnotes":""},"categories":[54,76],"tags":[],"class_list":["post-71307","post","type-post","status-publish","format-standard","has-post-thumbnail","hentry","category-maroc","category-regions"],"_links":{"self":[{"href":"https:\/\/linitiative.ca\/International\/wp-json\/wp\/v2\/posts\/71307","targetHints":{"allow":["GET"]}}],"collection":[{"href":"https:\/\/linitiative.ca\/International\/wp-json\/wp\/v2\/posts"}],"about":[{"href":"https:\/\/linitiative.ca\/International\/wp-json\/wp\/v2\/types\/post"}],"author":[{"embeddable":true,"href":"https:\/\/linitiative.ca\/International\/wp-json\/wp\/v2\/users\/1788"}],"replies":[{"embeddable":true,"href":"https:\/\/linitiative.ca\/International\/wp-json\/wp\/v2\/comments?post=71307"}],"version-history":[{"count":0,"href":"https:\/\/linitiative.ca\/International\/wp-json\/wp\/v2\/posts\/71307\/revisions"}],"wp:featuredmedia":[{"embeddable":true,"href":"https:\/\/linitiative.ca\/International\/wp-json\/"}],"wp:attachment":[{"href":"https:\/\/linitiative.ca\/International\/wp-json\/wp\/v2\/media?parent=71307"}],"wp:term":[{"taxonomy":"category","embeddable":true,"href":"https:\/\/linitiative.ca\/International\/wp-json\/wp\/v2\/categories?post=71307"},{"taxonomy":"post_tag","embeddable":true,"href":"https:\/\/linitiative.ca\/International\/wp-json\/wp\/v2\/tags?post=71307"}],"curies":[{"name":"wp","href":"https:\/\/api.w.org\/{rel}","templated":true}]}}