{"id":71310,"date":"2019-12-26T06:09:01","date_gmt":"2019-12-26T11:09:01","guid":{"rendered":"https:\/\/linitiative.ca\/International\/msila-detention-provisoire-pour-lex-president-de-lapc-de-souamaa\/"},"modified":"2019-12-26T06:09:01","modified_gmt":"2019-12-26T11:09:01","slug":"msila-detention-provisoire-pour-lex-president-de-lapc-de-souamaa","status":"publish","type":"post","link":"https:\/\/linitiative.ca\/International\/msila-detention-provisoire-pour-lex-president-de-lapc-de-souamaa\/","title":{"rendered":"M\u2019sila : d\u00e9tention provisoire pour l\u2019ex-pr\u00e9sident de l\u2019APC de Souama\u00e2"},"content":{"rendered":"<p><span class=\"sp-nh-title\">Le parti travailliste britannique r\u00e9affirme son soutien au droit du peuple sahraoui \u00e0 l&rsquo;autod\u00e9termination<\/span> &#8211; <span class=\"sp-nh-date\">jeudi 26 d\u00e9cembre 2019 19:44<\/span><\/p>\n<p><span class=\"sp-nh-title\">Khenchela: ouverture du 1er s\u00e9minaire de litt\u00e9rature en pr\u00e9sence de 50 auteurs<\/span> &#8211; <span class=\"sp-nh-date\">jeudi 26 d\u00e9cembre 2019 19:42<\/span><\/p>\n<p><span class=\"sp-nh-title\">Radiale Oued Ouchayah-Baraki: r\u00e9ception du 2e tron\u00e7on le prochain trimestre<\/span> &#8211; <span class=\"sp-nh-date\">jeudi 26 d\u00e9cembre 2019 19:33<\/span><\/p>\n<p><span class=\"sp-nh-title\">L&rsquo;Alg\u00e9rie dot\u00e9e de plusieurs m\u00e9canismes de protection des droits de l&rsquo;enfant<\/span> &#8211; <span class=\"sp-nh-date\">jeudi 26 d\u00e9cembre 2019 19:26<\/span><\/p>\n<p><span class=\"sp-nh-title\">Cin\u00e9ma-Touat : plus 20 documentaires et courts-m\u00e9trages au rendez-vous \u00e0 Adrar<\/span> &#8211; <span class=\"sp-nh-date\">jeudi 26 d\u00e9cembre 2019 19:22<\/span><\/p>\n<p><span class=\"sp-nh-title\">Coupe d&rsquo;Alg\u00e9rie (1\/32es de finale): les favoris passent, l&rsquo;AS Marsa poursuit l&rsquo;aventure<\/span> &#8211; <span class=\"sp-nh-date\">jeudi 26 d\u00e9cembre 2019 19:19<\/span><\/p>\n<p><span class=\"sp-nh-title\">Guelma: le 11e colloque national sur Houari Boumediene report\u00e9 au 24 f\u00e9vrier<\/span> &#8211; <span class=\"sp-nh-date\">jeudi 26 d\u00e9cembre 2019 19:15<\/span><\/p>\n<p><span class=\"sp-nh-title\">D\u00e9rapage d\u2019un bus \u00e0 Tizi-Ouzou: l\u2019\u00e9changeur d\u2019Oued Fali a \u00e9t\u00e9 r\u00e9alis\u00e9 dans les normes<\/span> &#8211; <span class=\"sp-nh-date\">jeudi 26 d\u00e9cembre 2019 19:14<\/span><\/p>\n<p><span class=\"sp-nh-title\">Le pr\u00e9sident de la R\u00e9publique pr\u00e9side une r\u00e9union du Haut conseil de s\u00e9curit\u00e9<\/span> &#8211; <span class=\"sp-nh-date\">jeudi 26 d\u00e9cembre 2019 19:06<\/span><\/p>\n<p><span class=\"sp-nh-title\">Oran: plus de 70 exposants au salon national d\u2019artisanat<\/span> &#8211; <span class=\"sp-nh-date\">jeudi 26 d\u00e9cembre 2019 18:57<\/span><\/p>\n<p><span class=\"sp-nh-title\">Omra 2019: 105 vols et pr\u00e8s de 26.500 passagers transport\u00e9s au 15 d\u00e9cembre<\/span> &#8211; <span class=\"sp-nh-date\">jeudi 26 d\u00e9cembre 2019 18:54<\/span><\/p>\n<p><span class=\"sp-nh-title\">Efficacit\u00e9 \u00e9nerg\u00e9tique: un potentiel de 30% d&rsquo;\u00e9conomie d&rsquo;\u00e9nergie dans le secteur industriel<\/span> &#8211; <span class=\"sp-nh-date\">jeudi 26 d\u00e9cembre 2019 18:28<\/span><\/p>\n<p><span class=\"sp-nh-title\">Appel \u00e0 la mise en place de d\u00e9partements des soins de support dans les centres anti-canc\u00e9reux<\/span> &#8211; <span class=\"sp-nh-date\">jeudi 26 d\u00e9cembre 2019 18:16<\/span><\/p>\n<p><span class=\"sp-nh-title\">Ouargla: pr\u00e8s de 200 participants aux olympiades des activit\u00e9s des jeunes<\/span> &#8211; <span class=\"sp-nh-date\">jeudi 26 d\u00e9cembre 2019 18:14<\/span><\/p>\n<p><span class=\"sp-nh-title\">Nouvel an: la journ\u00e9e du mercredi 1er janvier ch\u00f4m\u00e9e et pay\u00e9e<\/span> &#8211; <span class=\"sp-nh-date\">jeudi 26 d\u00e9cembre 2019 18:08<\/span><\/p>\n<p><span class=\"sp-nh-title\">Football: l&rsquo;Alg\u00e9rie, meilleure s\u00e9lection africaine en 2019<\/span> &#8211; <span class=\"sp-nh-date\">jeudi 26 d\u00e9cembre 2019 18:01<\/span><\/p>\n<p><span class=\"sp-nh-title\">Tlemcen: l&rsquo;\u00e2ge d&rsquo;or du cin\u00e9ma alg\u00e9rien revisit\u00e9 \u00e0 travers les affiches de films<\/span> &#8211; <span class=\"sp-nh-date\">jeudi 26 d\u00e9cembre 2019 17:32<\/span><\/p>\n<p><span class=\"sp-nh-title\">Accidents de la circulation: 16 morts et 328 bless\u00e9s dans les zones urbaines pendant le week-end<\/span> &#8211; <span class=\"sp-nh-date\">jeudi 26 d\u00e9cembre 2019 17:14<\/span><\/p>\n<p><span class=\"sp-nh-title\">Tennis de table: le pongiste Samy Kherouf vise la qualification aux JO-2020<\/span> &#8211; <span class=\"sp-nh-date\">jeudi 26 d\u00e9cembre 2019 16:44<\/span><\/p>\n<p><span class=\"sp-nh-title\">Pr\u00e9sidentielle: les candidats invit\u00e9s \u00e0 \u00e9tablir leurs comptes de campagne \u00e9lectorale<\/span> &#8211; <span class=\"sp-nh-date\">jeudi 26 d\u00e9cembre 2019 16:37<\/span><\/p>\n<p>Auteur:<br \/>\n<a href=\"http:\/\/www.aps.dz\/regions\/99432-m-sila-detention-provisoire-pour-l-ex-president-de-l-apc-de-souamaa\">Cliquez ici pour lire l&rsquo;article depuis sa source.<\/a><\/p>\n","protected":false},"excerpt":{"rendered":"<p>Le parti travailliste britannique r\u00e9affirme son soutien au droit du peuple sahraoui \u00e0 l&rsquo;autod\u00e9termination &#8211; jeudi 26 d\u00e9cembre 2019 19:44 Khenchela: ouverture du 1er s\u00e9minaire de litt\u00e9rature en pr\u00e9sence de 50 auteurs &#8211; jeudi 26 d\u00e9cembre 2019 19:42 Radiale Oued Ouchayah-Baraki: r\u00e9ception du 2e tron\u00e7on le prochain trimestre &#8211; jeudi 26 d\u00e9cembre 2019 19:33 L&rsquo;Alg\u00e9rie [&hellip;]<\/p>\n","protected":false},"author":1790,"featured_media":0,"comment_status":"closed","ping_status":"closed","sticky":false,"template":"","format":"standard","meta":{"fifu_image_url":"","fifu_image_alt":"","footnotes":""},"categories":[53,76],"tags":[],"class_list":["post-71310","post","type-post","status-publish","format-standard","hentry","category-algerie","category-regions"],"_links":{"self":[{"href":"https:\/\/linitiative.ca\/International\/wp-json\/wp\/v2\/posts\/71310","targetHints":{"allow":["GET"]}}],"collection":[{"href":"https:\/\/linitiative.ca\/International\/wp-json\/wp\/v2\/posts"}],"about":[{"href":"https:\/\/linitiative.ca\/International\/wp-json\/wp\/v2\/types\/post"}],"author":[{"embeddable":true,"href":"https:\/\/linitiative.ca\/International\/wp-json\/wp\/v2\/users\/1790"}],"replies":[{"embeddable":true,"href":"https:\/\/linitiative.ca\/International\/wp-json\/wp\/v2\/comments?post=71310"}],"version-history":[{"count":0,"href":"https:\/\/linitiative.ca\/International\/wp-json\/wp\/v2\/posts\/71310\/revisions"}],"wp:attachment":[{"href":"https:\/\/linitiative.ca\/International\/wp-json\/wp\/v2\/media?parent=71310"}],"wp:term":[{"taxonomy":"category","embeddable":true,"href":"https:\/\/linitiative.ca\/International\/wp-json\/wp\/v2\/categories?post=71310"},{"taxonomy":"post_tag","embeddable":true,"href":"https:\/\/linitiative.ca\/International\/wp-json\/wp\/v2\/tags?post=71310"}],"curies":[{"name":"wp","href":"https:\/\/api.w.org\/{rel}","templated":true}]}}