{"id":71311,"date":"2019-12-26T12:14:53","date_gmt":"2019-12-26T17:14:53","guid":{"rendered":"https:\/\/linitiative.ca\/International\/ouargla-pres-de-200-participants-aux-olympiades-des-activites-des-jeunes\/"},"modified":"2019-12-26T12:14:53","modified_gmt":"2019-12-26T17:14:53","slug":"ouargla-pres-de-200-participants-aux-olympiades-des-activites-des-jeunes","status":"publish","type":"post","link":"https:\/\/linitiative.ca\/International\/ouargla-pres-de-200-participants-aux-olympiades-des-activites-des-jeunes\/","title":{"rendered":"Ouargla: pr\u00e8s de 200 participants aux olympiades des activit\u00e9s des jeunes"},"content":{"rendered":"<div readability=\"35\">\n<p><strong>OUARGLA &#8211; Pr\u00e8s de 200 jeunes repr\u00e9sentant plus de 20 wilayas du pays animent les olympiades des activit\u00e9s des jeunes, ouvertes jeudi apr\u00e8s-midi \u00e0 l\u2019Institut national de formation sup\u00e9rieure des cadres de la jeunesse d\u2019Ouargla.<\/strong><\/p>\n<\/div>\n<div readability=\"70\">\n<p>Plac\u00e9e sous le signe &lsquo;\u00a0\u00bbJeunes cr\u00e9ateurs, espoir de la continuit\u00e9\u00a0\u00bb, cette manifestation, co\u00efncidant avec les vacances scolaires d\u2019hiver, pr\u00e9voit une s\u00e9rie d\u2019activit\u00e9s, dont le calcul mental (Soroban), la musique, la po\u00e9sie, le monologue ainsi que des comp\u00e9titions sportives dont le tennis de table et les jeux d\u2019\u00e9chec, a indiqu\u00e9 le directeur de la jeunesse et des sports, Korichi Zakaria.<\/p>\n<p>Une exposition des r\u00e9alisations des jeunes, des nouveaut\u00e9s en divers domaines, des activit\u00e9s culturelles, des soir\u00e9es artistiques anim\u00e9es par des troupes artistiques locales, ainsi que des communications et ateliers sur les voies de dynamisation du Soroban \u00e0 travers les diff\u00e9rents \u00e9tablissements juv\u00e9niles font partie de ce rendez-vous qui se poursuivra jusqu&rsquo;\u00e0 dimanche prochain.<\/p>\n<p>Retenues au titre du programme du minist\u00e8re de tutelle pour 2019, ces olympiades visent l\u2019encouragement de la cr\u00e9ativit\u00e9 scientifique et culturelle, la promotion de la comp\u00e9titivit\u00e9 entre participants, l\u2019ancrage de la citoyennet\u00e9 et des valeurs de tol\u00e9rance, et le d\u00e9veloppement du sens artistique et de cr\u00e9ativit\u00e9 chez les jeunes, ont indiqu\u00e9 les organisateurs.<\/p>\n<p>Le programme de cet \u00e9v\u00e8nement, qui sera sanctionn\u00e9 par une c\u00e9r\u00e9monie de remise des prix d\u2019encouragement aux meilleures \u0153uvres et activit\u00e9s, pr\u00e9voit \u00e9galement des circuits touristiques au profit des participants.<\/p>\n<\/div>\n<p>Auteur:<br \/>\n<a href=\"http:\/\/www.aps.dz\/regions\/99446-ouargla-pres-de-200-participants-aux-olympiades-des-activites-des-jeunes\">Cliquez ici pour lire l&rsquo;article depuis sa source.<\/a><\/p>\n","protected":false},"excerpt":{"rendered":"<p>OUARGLA &#8211; Pr\u00e8s de 200 jeunes repr\u00e9sentant plus de 20 wilayas du pays animent les olympiades des activit\u00e9s des jeunes, ouvertes jeudi apr\u00e8s-midi \u00e0 l\u2019Institut national de formation sup\u00e9rieure des cadres de la jeunesse d\u2019Ouargla. Plac\u00e9e sous le signe &lsquo;\u00a0\u00bbJeunes cr\u00e9ateurs, espoir de la continuit\u00e9\u00a0\u00bb, cette manifestation, co\u00efncidant avec les vacances scolaires d\u2019hiver, pr\u00e9voit une [&hellip;]<\/p>\n","protected":false},"author":1790,"featured_media":0,"comment_status":"closed","ping_status":"closed","sticky":false,"template":"","format":"standard","meta":{"fifu_image_url":"","fifu_image_alt":"","footnotes":""},"categories":[53,76],"tags":[],"class_list":["post-71311","post","type-post","status-publish","format-standard","hentry","category-algerie","category-regions"],"_links":{"self":[{"href":"https:\/\/linitiative.ca\/International\/wp-json\/wp\/v2\/posts\/71311","targetHints":{"allow":["GET"]}}],"collection":[{"href":"https:\/\/linitiative.ca\/International\/wp-json\/wp\/v2\/posts"}],"about":[{"href":"https:\/\/linitiative.ca\/International\/wp-json\/wp\/v2\/types\/post"}],"author":[{"embeddable":true,"href":"https:\/\/linitiative.ca\/International\/wp-json\/wp\/v2\/users\/1790"}],"replies":[{"embeddable":true,"href":"https:\/\/linitiative.ca\/International\/wp-json\/wp\/v2\/comments?post=71311"}],"version-history":[{"count":0,"href":"https:\/\/linitiative.ca\/International\/wp-json\/wp\/v2\/posts\/71311\/revisions"}],"wp:attachment":[{"href":"https:\/\/linitiative.ca\/International\/wp-json\/wp\/v2\/media?parent=71311"}],"wp:term":[{"taxonomy":"category","embeddable":true,"href":"https:\/\/linitiative.ca\/International\/wp-json\/wp\/v2\/categories?post=71311"},{"taxonomy":"post_tag","embeddable":true,"href":"https:\/\/linitiative.ca\/International\/wp-json\/wp\/v2\/tags?post=71311"}],"curies":[{"name":"wp","href":"https:\/\/api.w.org\/{rel}","templated":true}]}}