{"id":71313,"date":"2019-12-26T13:33:33","date_gmt":"2019-12-26T18:33:33","guid":{"rendered":"https:\/\/linitiative.ca\/International\/radiale-oued-ouchayah-baraki-reception-du-2e-troncon-le-prochain-trimestre\/"},"modified":"2019-12-26T13:33:33","modified_gmt":"2019-12-26T18:33:33","slug":"radiale-oued-ouchayah-baraki-reception-du-2e-troncon-le-prochain-trimestre","status":"publish","type":"post","link":"https:\/\/linitiative.ca\/International\/radiale-oued-ouchayah-baraki-reception-du-2e-troncon-le-prochain-trimestre\/","title":{"rendered":"Radiale Oued Ouchayah-Baraki: r\u00e9ception du 2e tron\u00e7on le prochain trimestre"},"content":{"rendered":"<div readability=\"36\">\n<p><strong>ALGER &#8211; Le deuxi\u00e8me tron\u00e7on du projet de la liaison radiale reliant Oued Ouchayah et Baraki en direction de Blida sera mis en service durant le premier trimestre de 2020, a annonc\u00e9 jeudi le Directeur des travaux publics de la wilaya d&rsquo;Alger, Abderrahmane Rahmani.<\/strong><\/p>\n<\/div>\n<div readability=\"70.0446719404\">\n<p>S&rsquo;exprimant en marge de la visite d&rsquo;inspection effectu\u00e9e par le wali d&rsquo;Alger, Abdelkhalek Sayouda \u00e0 plusieurs chantiers dans la capitale, M. Rahmani a pr\u00e9cis\u00e9 que les travaux d&rsquo;ach\u00e8vement du deuxi\u00e8me tron\u00e7on de la liaison radiale entre Oued Ouchayah et Baraki en direction de Blida ont atteint 90% et la r\u00e9ception est pr\u00e9vue pour le premier trimestre de 2020.<\/p>\n<p>Le nouveau tron\u00e7on qui s&rsquo;ajoute au premier, op\u00e9rationnel depuis en septembre 2019 (partie du pont sur une longueur de 4,5 km en direction d&rsquo;Alger &#8211; les deux rives) contribuera au d\u00e9sengorgement du trafic routier de la capitale pour les usagers de la RN 38 \u00e0 Baraki et ceux d\u00e9sirant se rendre \u00e0 Bab Ali.<\/p>\n<p>Dans ce contexte, M. Rahmani a annonc\u00e9 la r\u00e9ception prochaine de la voie d&rsquo;\u00e9vitement Ben Aknoun -Z\u00e9ralda vers Ch\u00e9raga, plus pr\u00e9cis\u00e9ment la cit\u00e9 Pasteur, ajoutant que cet axe de 1 km est un nouvel \u00e9changeur menant \u00e0 Ch\u00e9raga pour r\u00e9duire le trafic routier au niveau du chef-lieu de cette commune qui connait des embouteillages tout au long de la semaine.<\/p>\n<hr\/>\n<h3>Lire aussi:\u00a0 <a href=\"http:\/\/www.aps.dz\/regions\/95630-projet-de-la-radiale-oued-ouchayah-blida-mise-en-service-en-2020-de-l-axe-baraki-blida\" target=\"_blank\" rel=\"noopener noreferrer\">Projet de la radiale Oued Ouchayah-Blida: mise en service en 2020 de l&rsquo;axe Baraki-Blida<\/a><\/h3>\n<hr\/>\n<p>Le wali d&rsquo;Alger apr\u00e8s avoir fait \u00e9tat de remarques quant au retard dans la r\u00e9alisation de ce tron\u00e7on, a donn\u00e9 des instructions pour r\u00e9soudre le probl\u00e8me de propri\u00e9t\u00e9 du terrain travers\u00e9 par cette route.<\/p>\n<p>Par ailleurs, les travaux se poursuivent au niveau du d\u00e9doublement de la voie reliant les deux axes d&rsquo;\u00e9vitements de Z\u00e9ralda et de Sidi Abdellah.\u00a0 A ce propos, le wali d&rsquo;Alger a insist\u00e9 sur l&rsquo;imp\u00e9ratif d&rsquo;acc\u00e9l\u00e9rer la cadence de r\u00e9alisation du projet, qui r\u00e9duira la pression sur l&rsquo;unique route communale pour l&rsquo;acc\u00e9s des citoyens \u00e0 leurs cit\u00e9s. A ce propos, il a exhort\u00e9 les responsables de Cosider en charge du projet \u00e0 augmenter les heures de travail afin de rattraper le retard accus\u00e9 au niveau du tron\u00e7on confi\u00e9 \u00e0 cette entreprise (5.2 km).<\/p>\n<p>Il a promis \u00e9galement \u00e0 l&rsquo;Agence nationale des autoroutes (ANA), en charge la r\u00e9alisation d&rsquo;un tron\u00e7on de 4.8 km, de trouver une solution au bidonville Hai Daoud comptant 85 familles, qui entrave le parach\u00e8vement du projet.<\/p>\n<\/div>\n<p>Auteur:<br \/>\n<a href=\"http:\/\/www.aps.dz\/regions\/99457-radiale-oued-ouchayah-baraki-reception-du-2e-troncon-le-prochain-trimestre\">Cliquez ici pour lire l&rsquo;article depuis sa source.<\/a><\/p>\n","protected":false},"excerpt":{"rendered":"<p>ALGER &#8211; Le deuxi\u00e8me tron\u00e7on du projet de la liaison radiale reliant Oued Ouchayah et Baraki en direction de Blida sera mis en service durant le premier trimestre de 2020, a annonc\u00e9 jeudi le Directeur des travaux publics de la wilaya d&rsquo;Alger, Abderrahmane Rahmani. S&rsquo;exprimant en marge de la visite d&rsquo;inspection effectu\u00e9e par le wali [&hellip;]<\/p>\n","protected":false},"author":1790,"featured_media":0,"comment_status":"closed","ping_status":"closed","sticky":false,"template":"","format":"standard","meta":{"fifu_image_url":"","fifu_image_alt":"","footnotes":""},"categories":[53,76],"tags":[],"class_list":["post-71313","post","type-post","status-publish","format-standard","hentry","category-algerie","category-regions"],"_links":{"self":[{"href":"https:\/\/linitiative.ca\/International\/wp-json\/wp\/v2\/posts\/71313","targetHints":{"allow":["GET"]}}],"collection":[{"href":"https:\/\/linitiative.ca\/International\/wp-json\/wp\/v2\/posts"}],"about":[{"href":"https:\/\/linitiative.ca\/International\/wp-json\/wp\/v2\/types\/post"}],"author":[{"embeddable":true,"href":"https:\/\/linitiative.ca\/International\/wp-json\/wp\/v2\/users\/1790"}],"replies":[{"embeddable":true,"href":"https:\/\/linitiative.ca\/International\/wp-json\/wp\/v2\/comments?post=71313"}],"version-history":[{"count":0,"href":"https:\/\/linitiative.ca\/International\/wp-json\/wp\/v2\/posts\/71313\/revisions"}],"wp:attachment":[{"href":"https:\/\/linitiative.ca\/International\/wp-json\/wp\/v2\/media?parent=71313"}],"wp:term":[{"taxonomy":"category","embeddable":true,"href":"https:\/\/linitiative.ca\/International\/wp-json\/wp\/v2\/categories?post=71313"},{"taxonomy":"post_tag","embeddable":true,"href":"https:\/\/linitiative.ca\/International\/wp-json\/wp\/v2\/tags?post=71313"}],"curies":[{"name":"wp","href":"https:\/\/api.w.org\/{rel}","templated":true}]}}