{"id":71317,"date":"2019-12-26T05:30:00","date_gmt":"2019-12-26T10:30:00","guid":{"rendered":"https:\/\/linitiative.ca\/International\/sebta-les-commercants-espagnols-en-mode-crise\/"},"modified":"2019-12-26T05:30:00","modified_gmt":"2019-12-26T10:30:00","slug":"sebta-les-commercants-espagnols-en-mode-crise","status":"publish","type":"post","link":"https:\/\/linitiative.ca\/International\/sebta-les-commercants-espagnols-en-mode-crise\/","title":{"rendered":"Sebta: Les commer\u00e7ants espagnols en mode crise"},"content":{"rendered":"<div readability=\"37\">\n<p>Les blocages \u00e0 la fronti\u00e8re ont fait plonger le chiffre d\u2019affaires<\/p>\n<p>Les ventes de fin d\u2019ann\u00e9e compromises<\/p>\n<p>Un passage pour touristes, une de leurs exigences<\/p>\n<\/div>\n<div readability=\"100.5\">\n<p class=\"rtejustify\">Un d\u00e9sastre \u00e9conomique, c\u2019est en ces termes que l\u2019association des commer\u00e7ants espagnols de Sebta qualifie la situation actuelle \u00e0 la fronti\u00e8re. Depuis plusieurs semaines, le temps d\u2019attente au poste de fronti\u00e8re d\u00e9passe les 6 heures, bien au del\u00e0 des records du mois d\u2019ao\u00fbt en pleine campagne de retour des MRE!<\/p>\n<p class=\"rtejustify\">La fermeture du passage pour les activit\u00e9s de commerce transfrontalier ne fait que compliquer une situation intenable pour tous, commer\u00e7ants espagnols et touristes marocains en qu\u00eate de shopping. C\u2019est un v\u00e9ritable coup de gr\u00e2ce pour ces patrons de commerces, qui voyaient en cette p\u00e9riode de f\u00eates, l\u2019occasion de la derni\u00e8re chance pour renflouer leurs caisses.<\/p>\n<p class=\"rtejustify\">Le patronat de Sebta d\u00e9nonce une v\u00e9ritable escalade de part et d\u2019autre de la fronti\u00e8re. D\u2019un c\u00f4t\u00e9, un contr\u00f4le tr\u00e8s serr\u00e9 de la part des autorit\u00e9s marocaines quant aux marchandises transport\u00e9es (idem du c\u00f4t\u00e9 espagnol) auquel les autorit\u00e9s de Sebta ripostent par le refus d\u2019acc\u00e8s aux t\u00e9touanais, qui en vertu des accords, peuvent entrer \u00e0 Sebta sans visa Schengen.<\/p>\n<p class=\"rtejustify\">La situation est telle que les rumeurs remplissent le vide d\u2019informations officielles. C\u2019est le cas de quelques annonces placard\u00e9es \u00e0 la fronti\u00e8re en plusieurs langues, il y a quelques semaines, annon\u00e7ant une limitation des colis transport\u00e9s par la Douane \u00e0 seulement deux sacs de provisions sous peine de confiscation. L\u2019annonce ne portait aucune r\u00e9f\u00e9rence, rendant impossible l\u2019identification de sa source.<\/p>\n<p class=\"rtejustify\">Aussi, les commer\u00e7ants de Sebta pr\u00e9disent un futur proche assez sombre avec la menace de licenciements importants. Pour eux, il est important de limiter la casse en proc\u00e9dant \u00e0 diverses mesures. L\u2019une des plus prioritaires est de terminer les travaux de la fronti\u00e8re pour \u00e9viter les longues files d\u2019attente. Une attente qui sera difficile \u00e0 exaucer vu les coupes dont a souffert le budget de la ville. Ils exigent aussi que soient pr\u00e9vus des passages d\u00e9di\u00e9s aux citoyens de l\u2019UE et aux touristes afin de leur permettre une rapide route d\u2019acc\u00e8s et de sortie de Sebta.<\/p>\n<p class=\"rtejustify\">L\u2019autre id\u00e9e serait d\u2019ouvrir un passage suppl\u00e9mentaire pour les pi\u00e9tons et surtout, \u00e0 moyen terme, d\u2019acc\u00e9l\u00e9rer le d\u00e9ploiement de la \u00abfronti\u00e8re intelligente\u00bb avec reconnaissance faciale que les autorit\u00e9s ont en projet.\u00a0<\/p>\n<p class=\"rtejustify\">A noter que la situation \u00e0 la fronti\u00e8re de Sebta ne cesse de se compliquer. La fermeture temporaire du passage des passeurs de marchandises fin ao\u00fbt, s\u2019est prolong\u00e9e suite \u00e0 des incidents. Les autorit\u00e9s espagnoles en ont profit\u00e9 pour renforcer les portiques d\u2019acc\u00e8s pour les pi\u00e9tons, objet de fr\u00e9quentes bousculades. Toutefois, sa r\u00e9ouverture d\u00e9pendrait des autorit\u00e9s marocaines qui n\u2019ont pas encore donn\u00e9 leur feu vert.<\/p>\n<p class=\"rtejustify\">Cette zone commerciale concentre une centaine de commerces tous genres confondus allant de la vente au d\u00e9tail ou en gros de tissus, produits d\u2019alimentation g\u00e9n\u00e9rale et d\u2019autres marchandises dont les consommateurs marocains sont tr\u00e8s friands, dans un espace adoss\u00e9 \u00e0 la fronti\u00e8re et dont l\u2019acc\u00e8s, Tarajal II jouxte Bab Sebta.<\/p>\n<blockquote readability=\"16\">\n<p class=\"rtecenter\"><strong><span class=\"c4\">Le commerce, une aubaine pour Sebta<\/span><\/strong><\/p>\n<div class=\"dnd-atom-wrapper type-image context-sdl_editor_representation\" contenteditable=\"false\">\n<div class=\"dnd-drop-wrapper image\"><img loading=\"lazy\" decoding=\"async\" typeof=\"foaf:Image\" class=\"img-responsive\" src=\"https:\/\/www.leconomiste.com\/sites\/default\/files\/eco7\/public\/thumbnails\/image\/sebta-commerce-062.jpg\" width=\"660\" height=\"330\" alt=\"sebta-commerce-062.jpg\" title=\"sebta-commerce-062.jpg\"\/><\/div>\n<\/div>\n<p class=\"rtejustify\">Les porteurs constituent le gros du commerce frontalier quotidien avec plus de 20.000 passants par jour lors des p\u00e9riodes de pointe. Ces porteurs, dont les femmes-mulets, effectuent le passage \u00e0 pied pour transporter la marchandise au Maroc dans des conditions souvent jug\u00e9es inhumaines. Les autorit\u00e9s espagnoles avaient essay\u00e9 de rationaliser la proc\u00e9dure en limitant le volume et le poids des colis, mais en vain, le d\u00e9sordre avait r\u00e9gn\u00e9 en ma\u00eetre au niveau du passage frontalier, au grand dam des commer\u00e7ants espagnols install\u00e9s \u00e0 la zone commerciale Tarajal (ou Al Madraba comme on la conna\u00eet c\u00f4t\u00e9 marocain) et qui ont vu leur chiffre d\u2019affaires fondre comme neige au soleil.<\/p>\n<\/blockquote>\n<p class=\"rtejustify\"><em>De notre correspondant permanent, Ali ABJIOU<\/em><\/p>\n<\/div>\n<p>Auteur: hlafriqi<br \/>\n<a href=\"https:\/\/www.leconomiste.com\/article\/1055034-sebta-les-commercants-espagnols-en-mode-crise\">Cliquez ici pour lire l&rsquo;article depuis sa source.<\/a><\/p>\n","protected":false},"excerpt":{"rendered":"<p>Les blocages \u00e0 la fronti\u00e8re ont fait plonger le chiffre d\u2019affaires Les ventes de fin d\u2019ann\u00e9e compromises Un passage pour touristes, une de leurs exigences Un d\u00e9sastre \u00e9conomique, c\u2019est en ces termes que l\u2019association des commer\u00e7ants espagnols de Sebta qualifie la situation actuelle \u00e0 la fronti\u00e8re. Depuis plusieurs semaines, le temps d\u2019attente au poste de [&hellip;]<\/p>\n","protected":false},"author":1763,"featured_media":71318,"comment_status":"closed","ping_status":"closed","sticky":false,"template":"","format":"standard","meta":{"fifu_image_url":"","fifu_image_alt":"","footnotes":""},"categories":[78,54],"tags":[],"class_list":["post-71317","post","type-post","status-publish","format-standard","has-post-thumbnail","hentry","category-economie","category-maroc"],"_links":{"self":[{"href":"https:\/\/linitiative.ca\/International\/wp-json\/wp\/v2\/posts\/71317","targetHints":{"allow":["GET"]}}],"collection":[{"href":"https:\/\/linitiative.ca\/International\/wp-json\/wp\/v2\/posts"}],"about":[{"href":"https:\/\/linitiative.ca\/International\/wp-json\/wp\/v2\/types\/post"}],"author":[{"embeddable":true,"href":"https:\/\/linitiative.ca\/International\/wp-json\/wp\/v2\/users\/1763"}],"replies":[{"embeddable":true,"href":"https:\/\/linitiative.ca\/International\/wp-json\/wp\/v2\/comments?post=71317"}],"version-history":[{"count":0,"href":"https:\/\/linitiative.ca\/International\/wp-json\/wp\/v2\/posts\/71317\/revisions"}],"wp:featuredmedia":[{"embeddable":true,"href":"https:\/\/linitiative.ca\/International\/wp-json\/"}],"wp:attachment":[{"href":"https:\/\/linitiative.ca\/International\/wp-json\/wp\/v2\/media?parent=71317"}],"wp:term":[{"taxonomy":"category","embeddable":true,"href":"https:\/\/linitiative.ca\/International\/wp-json\/wp\/v2\/categories?post=71317"},{"taxonomy":"post_tag","embeddable":true,"href":"https:\/\/linitiative.ca\/International\/wp-json\/wp\/v2\/tags?post=71317"}],"curies":[{"name":"wp","href":"https:\/\/api.w.org\/{rel}","templated":true}]}}