{"id":71319,"date":"2019-12-26T05:45:00","date_gmt":"2019-12-26T10:45:00","guid":{"rendered":"https:\/\/linitiative.ca\/International\/la-semaine-arty-de-marrakech\/"},"modified":"2019-12-26T05:45:00","modified_gmt":"2019-12-26T10:45:00","slug":"la-semaine-arty-de-marrakech","status":"publish","type":"post","link":"https:\/\/linitiative.ca\/International\/la-semaine-arty-de-marrakech\/","title":{"rendered":"La semaine Arty de Marrakech"},"content":{"rendered":"<p class=\"rtejustify\">La Marrakech Art Week revient du 26 d\u00e9cembre 2019 au 5 janvier 2020, pour une deuxi\u00e8me \u00e9dition r\u00e9unissant les acteurs culturels majeurs de la ville ocre. Galerie d\u2019art, mus\u00e9es, fondations,\u00a0 maison de vente\u2026 proposent\u00a0 une programmation tr\u00e8s riche avec vernissages, expositions, conf\u00e9rences, rencontres\u2026\u00a0 Parmi les\u00a0 participants: la maison de vente Artcurial, qui a \u00e9t\u00e9 \u00e0 l\u2019initiative du lancement de Marrakech Art Week en 2018, les mus\u00e9es\u00a0 Dar El Bacha, Dar Si Sa\u00efd, Yves Saint Laurent Marrakech, des galeries comme la\u00a0 David Bloch Gallery, la Voice Gallery, la Galerie Siniya28\u2026 En voici quelques bribes.<\/p>\n<p class=\"rtejustify\"><strong>\u25a0 Melehi au Macaal<\/strong><\/p>\n<div class=\"dnd-atom-wrapper type-image context-sdl_editor_representation atom-align-right\" contenteditable=\"false\">\n<div class=\"dnd-drop-wrapper image\"><img loading=\"lazy\" decoding=\"async\" typeof=\"foaf:Image\" class=\"img-responsive\" src=\"https:\/\/leconomiste.com\/sites\/default\/files\/eco7\/public\/thumbnails\/image\/melehi-au-macaal-062.jpg\" width=\"340\" height=\"255\" alt=\"melehi-au-macaal-062.jpg\" title=\"melehi-au-macaal-062.jpg\"\/><\/div>\n<\/div>\n<p class=\"rtejustify\">Le Museum of African contemporary art (Al maaden Macaal) propose une (re)d\u00e9couverte de l\u2019univers de Mohamed Melehi, lors d\u2019une conversation, le samedi 28 d\u00e9cembre,\u00a0 avec Morad Montazami commissaire de l\u2019exposition New Waves: Mohamed Melehi et les archives de \u00abl\u2019\u00c9cole de Casa\u00bb. L\u2019exposition ouverte au public depuis le 21 septembre 2019 court jusqu\u2019au\u00a0 5 janvier 2020, est commissionn\u00e9e par Montazami et Madeleine de Colnet pour Zam\u00e2n Books &#038; Curating. Cette exposition chronologique a \u00e9t\u00e9 pr\u00e9sent\u00e9e pour la premi\u00e8re fois \u00e0 l\u2019espace d\u2019art The Mosaic Rooms \u00e0 Londres. Elle retrace, \u00e0 travers des \u0153uvres majeures de l\u2019artiste, des affiches, photographies et archives in\u00e9dites, la carri\u00e8re artistique de Mohamed Melehi entre 1957 et les ann\u00e9es 1980. De sa p\u00e9riode romaine \u00e0 la r\u00e9volution artistique op\u00e9r\u00e9e par l\u2019\u00c9cole de Casablanca dont il fut l\u2019un des chefs de file aux c\u00f4t\u00e9s de Farid Belkahia et Mohamed Chab\u00e2a, New Waves d\u00e9roule son parcours prolifique et florissant pour r\u00e9v\u00e9ler son r\u00f4le cl\u00e9 dans le d\u00e9veloppement de la p\u00e9dagogie de l\u2019art et des pratiques exp\u00e9rimentales au Maroc, ainsi que son important travail de designer et de muraliste.<\/p>\n<p class=\"rtejustify\"><strong>\u25a0 Tilt chez Montresso<\/strong><\/p>\n<div class=\"dnd-atom-wrapper type-image context-sdl_editor_representation atom-align-right\" contenteditable=\"false\">\n<div class=\"dnd-drop-wrapper image\"><img loading=\"lazy\" decoding=\"async\" typeof=\"foaf:Image\" class=\"img-responsive\" src=\"https:\/\/leconomiste.com\/sites\/default\/files\/eco7\/public\/thumbnails\/image\/tilt-chez-montresso-062.jpg\" width=\"340\" height=\"340\" alt=\"tilt-chez-montresso-062.jpg\" title=\"tilt-chez-montresso-062.jpg\"\/><\/div>\n<\/div>\n<p class=\"rtejustify\">Du 16 d\u00e9cembre 2019 au 08 f\u00e9vrier 2020, la Fondation Montresso pr\u00e9sente l\u2019exposition Future primative de l\u2019artiste Tilt \u00e0 l\u2019Espace d\u2019Art Montresso. Artiste embl\u00e9matique de la sc\u00e8ne urbaine, Tilt a entam\u00e9 depuis cinq ann\u00e9es un travail sur la d\u00e9contextualisation du graffiti. Vaste terrain de libert\u00e9 pour l\u2019artiste, l\u2019exposition d\u00e9voile dans une vision frontale son univers plastique dans lequel les signes et r\u00e9f\u00e9rences au lourd h\u00e9ritage du graffiti sont dissimul\u00e9s, juxtapos\u00e9s, afin de parvenir \u00e0 filtrer un parfait extrait de la Rue. Un jeu, des histoires d\u2019amiti\u00e9s, un apprentissage de la rue c\u2019est aussi un contexte, des ensembles de b\u00e9ton, sa ville natale: Toulouse. Tr\u00e8s vite, il se cr\u00e9e une identit\u00e9: Tilt, et par l\u00e0 m\u00eame devient un des acteurs principaux de la contre culture graffiti, d\u00e9j\u00e0 tr\u00e8s pr\u00e9sente aux Etats-Unis. En 1991, l\u2019artiste se confronte aux paradoxes de l\u2019inscription du graffiti comme Art et r\u00e9alise ses premi\u00e8res toiles dans sa chambre d\u2019adolescent.<\/p>\n<p class=\"rtejustify\"><strong>\u25a0 Yasmina Alaoui et Marco Guerra<\/strong><\/p>\n<div class=\"dnd-atom-wrapper type-image context-sdl_editor_representation atom-align-right\" contenteditable=\"false\">\n<div class=\"dnd-drop-wrapper image\"><img loading=\"lazy\" decoding=\"async\" typeof=\"foaf:Image\" class=\"img-responsive\" src=\"https:\/\/leconomiste.com\/sites\/default\/files\/eco7\/public\/thumbnails\/image\/yasmina-alaoui-et-marco-guerra-062.jpg\" width=\"340\" height=\"313\" alt=\"yasmina-alaoui-et-marco-guerra-062.jpg\" title=\"yasmina-alaoui-et-marco-guerra-062.jpg\"\/><\/div>\n<\/div>\n<p class=\"rtejustify\">Tout le travail du duo d\u2019artistes Yasmina Alaoui et Marco Guerra tourne autour du corps qui tient une place centrale dans la s\u00e9rie 1001 R\u00eaves, expos\u00e9e \u00e0 la\u00a0 Khalid Art Gallery \u00e0 partir du 26 d\u00e9cembre. Lui est chilien, elle franco-marocaine et s\u0153ur de la photographe Leila Alaoui, disparue en 2011. Tous deux partagent leur vie depuis de nombreuses ann\u00e9es tout en conjuguant leur art. Chaque \u0153uvre part d\u2019une photographie de nu en noir et blanc r\u00e9alis\u00e9e par Marco Guerra, sur laquelle les calques complexes de Yasmina Alaoui sont ensuite fusionn\u00e9s. Couverts de la t\u00eate aux pieds par des motifs de henn\u00e9 arabes m\u00e9ticuleusement d\u00e9taill\u00e9s, l\u2019exposition perd le visiteur dans une repr\u00e9sentation de corps fig\u00e9s dans le temps. Le r\u00e9sultat a depuis fait le tour du monde. Monaco, Londres, Paris, Dubai, Shanghai, New York, les galeries s\u2019arrachent tout autant les \u0153uvres de Yasmina Alaoui que celles de Marco Guerra. Elles font \u00e9galement partie de collections permanentes \u00e0 travers le monde. \u00abNous avions pr\u00e9sent\u00e9 ce travail juste pour le plaisir, sans penser \u00e0 vendre, mais l\u2019exposition a tellement bien march\u00e9 que nous nous sommes lanc\u00e9s\u00bb confiait Yasmina Alaoui \u00e0 L\u2019Economiste.<br \/>Attenante \u00e0 la\u00a0 Khalid Art Galery, la galerie Dar el Bacha propose une r\u00e9trospective de l\u2019artiste am\u00e9ricano-chilien intitul\u00e9e \u00abQuatre Chapitres Marocains\u00bb. L\u2019expo revient sur plusieurs s\u00e9ries r\u00e9alis\u00e9es au Maroc par l\u2019artiste sur des p\u00e9riodes \u00e9tendues dans le temps: Tangiers, Volumes and lines, Moroccan landscape et Cacerolazos.<\/p>\n<p class=\"rtejustify\"><strong>\u25a0 Le Masculin-F\u00e9minin D\u2019Yves Saint Laurent<\/strong><\/p>\n<div class=\"dnd-atom-wrapper type-image context-sdl_editor_representation atom-align-right\" contenteditable=\"false\" readability=\"31\">\n<div class=\"dnd-drop-wrapper image\"><img loading=\"lazy\" decoding=\"async\" typeof=\"foaf:Image\" class=\"img-responsive\" src=\"https:\/\/leconomiste.com\/sites\/default\/files\/eco7\/public\/thumbnails\/image\/yves-saint-laurent-062.jpg\" width=\"340\" height=\"336\" alt=\"yves-saint-laurent-062.jpg\" title=\"yves-saint-laurent-062.jpg\"\/><\/div>\n<\/div>\n<p class=\"rtejustify\">Plus qu\u2019une r\u00e9trospective incluant les \u00abincontournables\u00bb d\u2019Yves Saint Laurent, l\u2019exposition pr\u00e9sent\u00e9e au mus\u00e9e Yves Saint Laurent Marrakech est un voyage au c\u0153ur de ses inspirations. Cinquante mod\u00e8les articul\u00e9s autour des th\u00e8mes chers \u00e0 Yves Saint Laurent (le \u00abMasculin-F\u00e9minin\u00bb, \u00able Noir\u00bb, \u00abl\u2019Afrique et le Maroc\u00bb, \u00ables voyages imaginaires\u00bb, \u00ables jardins\u00bb, \u00abl\u2019art\u00bb) proposent une lecture originale de l\u2019\u0153uvre du couturier \u00e0 travers des mod\u00e8les rarement pr\u00e9sent\u00e9s au public, magnifi\u00e9s dans un \u00e9crin noir et minimal. Le processus cr\u00e9atif et l\u2019univers du couturier sont pr\u00e9sent\u00e9s \u00e0 l\u2019aide de croquis, photographies, d\u00e9fil\u00e9s, films, voix et musiques qui dialoguent avec les mod\u00e8les. Le mus\u00e9e pr\u00e9sente \u00e9galement la premi\u00e8re exposition r\u00e9trospective consacr\u00e9e au travail de Jacques Az\u00e9ma, artiste fran\u00e7ais qui d\u00e9couvre Marrakech en 1931. Sa peinture, fortement emprunte de symbolisme, restitue un Maroc tr\u00e8s personnel.<\/p>\n<p class=\"rtejustify\">\u00a0<\/p>\n<p>Auteur: hlafriqi<br \/>\n<a href=\"https:\/\/www.leconomiste.com\/article\/1055039-la-semaine-arty-de-marrakech\">Cliquez ici pour lire l&rsquo;article depuis sa source.<\/a><\/p>\n","protected":false},"excerpt":{"rendered":"<p>La Marrakech Art Week revient du 26 d\u00e9cembre 2019 au 5 janvier 2020, pour une deuxi\u00e8me \u00e9dition r\u00e9unissant les acteurs culturels majeurs de la ville ocre. Galerie d\u2019art, mus\u00e9es, fondations,\u00a0 maison de vente\u2026 proposent\u00a0 une programmation tr\u00e8s riche avec vernissages, expositions, conf\u00e9rences, rencontres\u2026\u00a0 Parmi les\u00a0 participants: la maison de vente Artcurial, qui a \u00e9t\u00e9 \u00e0 [&hellip;]<\/p>\n","protected":false},"author":1763,"featured_media":71320,"comment_status":"closed","ping_status":"closed","sticky":false,"template":"","format":"standard","meta":{"fifu_image_url":"","fifu_image_alt":"","footnotes":""},"categories":[78,54],"tags":[],"class_list":["post-71319","post","type-post","status-publish","format-standard","has-post-thumbnail","hentry","category-economie","category-maroc"],"_links":{"self":[{"href":"https:\/\/linitiative.ca\/International\/wp-json\/wp\/v2\/posts\/71319","targetHints":{"allow":["GET"]}}],"collection":[{"href":"https:\/\/linitiative.ca\/International\/wp-json\/wp\/v2\/posts"}],"about":[{"href":"https:\/\/linitiative.ca\/International\/wp-json\/wp\/v2\/types\/post"}],"author":[{"embeddable":true,"href":"https:\/\/linitiative.ca\/International\/wp-json\/wp\/v2\/users\/1763"}],"replies":[{"embeddable":true,"href":"https:\/\/linitiative.ca\/International\/wp-json\/wp\/v2\/comments?post=71319"}],"version-history":[{"count":0,"href":"https:\/\/linitiative.ca\/International\/wp-json\/wp\/v2\/posts\/71319\/revisions"}],"wp:featuredmedia":[{"embeddable":true,"href":"https:\/\/linitiative.ca\/International\/wp-json\/"}],"wp:attachment":[{"href":"https:\/\/linitiative.ca\/International\/wp-json\/wp\/v2\/media?parent=71319"}],"wp:term":[{"taxonomy":"category","embeddable":true,"href":"https:\/\/linitiative.ca\/International\/wp-json\/wp\/v2\/categories?post=71319"},{"taxonomy":"post_tag","embeddable":true,"href":"https:\/\/linitiative.ca\/International\/wp-json\/wp\/v2\/tags?post=71319"}],"curies":[{"name":"wp","href":"https:\/\/api.w.org\/{rel}","templated":true}]}}