{"id":71321,"date":"2019-12-26T06:00:00","date_gmt":"2019-12-26T11:00:00","guid":{"rendered":"https:\/\/linitiative.ca\/International\/climat-lordre-de-la-cour-supreme-des-pays-bas\/"},"modified":"2019-12-26T06:00:00","modified_gmt":"2019-12-26T11:00:00","slug":"climat-lordre-de-la-cour-supreme-des-pays-bas","status":"publish","type":"post","link":"https:\/\/linitiative.ca\/International\/climat-lordre-de-la-cour-supreme-des-pays-bas\/","title":{"rendered":"Climat: L\u2019ordre de la Cour supr\u00eame des Pays-Bas"},"content":{"rendered":"<p class=\"rtejustify\">La Cour supr\u00eame des Pays-Bas a confirm\u00e9 r\u00e9cemment un jugement ordonnant \u00e0 l&rsquo;Etat n\u00e9erlandais de r\u00e9duire ses \u00e9missions de gaz \u00e0 effet de serre d&rsquo;au moins 25% d&rsquo;ici 2020. Les juges de la plus haute instance judiciaire du pays ont ainsi ent\u00e9rin\u00e9 deux d\u00e9cisions ant\u00e9rieures en l&rsquo;affaire, que le gouvernement avait contest\u00e9es. Quelque 900 N\u00e9erlandais avaient entam\u00e9 en 2015 une action en justice contre leur gouvernement avec l&rsquo;aide de l&rsquo;ONG Urgenda, active dans la d\u00e9fense de l&rsquo;environnement. Des dizaines de militants pour le climat se sont r\u00e9unis devant la Cour supr\u00eame en marge de la lecture du jugement, qui est la d\u00e9cision finale de la justice n\u00e9erlandaise dans cette affaire. L&rsquo;ONG Greenpeace a qualifi\u00e9 cette d\u00e9cision d&rsquo;immense victoire pour la justice climatique. Les Pays-Bas sont particuli\u00e8rement vuln\u00e9rables aux cons\u00e9quences du r\u00e9chauffement climatique, pr\u00e8s d&rsquo;un tiers du pays se trouvant en dessous du niveau de la mer.<\/p>\n<p class=\"rtejustify\">\u00a0<\/p>\n<p>Auteur: hlafriqi<br \/>\n<a href=\"https:\/\/www.leconomiste.com\/article\/1055031-climat-l-ordre-de-la-cour-supreme-des-pays-bas\">Cliquez ici pour lire l&rsquo;article depuis sa source.<\/a><\/p>\n","protected":false},"excerpt":{"rendered":"<p>La Cour supr\u00eame des Pays-Bas a confirm\u00e9 r\u00e9cemment un jugement ordonnant \u00e0 l&rsquo;Etat n\u00e9erlandais de r\u00e9duire ses \u00e9missions de gaz \u00e0 effet de serre d&rsquo;au moins 25% d&rsquo;ici 2020. Les juges de la plus haute instance judiciaire du pays ont ainsi ent\u00e9rin\u00e9 deux d\u00e9cisions ant\u00e9rieures en l&rsquo;affaire, que le gouvernement avait contest\u00e9es. Quelque 900 N\u00e9erlandais [&hellip;]<\/p>\n","protected":false},"author":1763,"featured_media":0,"comment_status":"closed","ping_status":"closed","sticky":false,"template":"","format":"standard","meta":{"fifu_image_url":"","fifu_image_alt":"","footnotes":""},"categories":[78,54],"tags":[],"class_list":["post-71321","post","type-post","status-publish","format-standard","hentry","category-economie","category-maroc"],"_links":{"self":[{"href":"https:\/\/linitiative.ca\/International\/wp-json\/wp\/v2\/posts\/71321","targetHints":{"allow":["GET"]}}],"collection":[{"href":"https:\/\/linitiative.ca\/International\/wp-json\/wp\/v2\/posts"}],"about":[{"href":"https:\/\/linitiative.ca\/International\/wp-json\/wp\/v2\/types\/post"}],"author":[{"embeddable":true,"href":"https:\/\/linitiative.ca\/International\/wp-json\/wp\/v2\/users\/1763"}],"replies":[{"embeddable":true,"href":"https:\/\/linitiative.ca\/International\/wp-json\/wp\/v2\/comments?post=71321"}],"version-history":[{"count":0,"href":"https:\/\/linitiative.ca\/International\/wp-json\/wp\/v2\/posts\/71321\/revisions"}],"wp:attachment":[{"href":"https:\/\/linitiative.ca\/International\/wp-json\/wp\/v2\/media?parent=71321"}],"wp:term":[{"taxonomy":"category","embeddable":true,"href":"https:\/\/linitiative.ca\/International\/wp-json\/wp\/v2\/categories?post=71321"},{"taxonomy":"post_tag","embeddable":true,"href":"https:\/\/linitiative.ca\/International\/wp-json\/wp\/v2\/tags?post=71321"}],"curies":[{"name":"wp","href":"https:\/\/api.w.org\/{rel}","templated":true}]}}