{"id":71322,"date":"2019-12-26T06:15:00","date_gmt":"2019-12-26T11:15:00","guid":{"rendered":"https:\/\/linitiative.ca\/International\/reforme-du-franc-cfa-ce-qui-va-changer\/"},"modified":"2019-12-26T06:15:00","modified_gmt":"2019-12-26T11:15:00","slug":"reforme-du-franc-cfa-ce-qui-va-changer","status":"publish","type":"post","link":"https:\/\/linitiative.ca\/International\/reforme-du-franc-cfa-ce-qui-va-changer\/","title":{"rendered":"R\u00e9forme du franc CFA: Ce qui va changer"},"content":{"rendered":"<div readability=\"32\">\n<p>Un int\u00e9r\u00eat aussi bien \u00e9conomique que politique<\/p>\n<p>Satisfecit du FMI<\/p>\n<\/div>\n<div readability=\"112\">\n<div class=\"dnd-atom-wrapper type-image context-sdl_editor_representation\" contenteditable=\"false\">\n<div class=\"dnd-drop-wrapper image\"><img loading=\"lazy\" decoding=\"async\" typeof=\"foaf:Image\" class=\"img-responsive\" src=\"https:\/\/www.leconomiste.com\/sites\/default\/files\/eco7\/public\/thumbnails\/image\/franc-cfa-062.jpg\" width=\"800\" height=\"781\" alt=\"franc-cfa-062.jpg\" title=\"franc-cfa-062.jpg\"\/><\/div>\n<\/div>\n<p class=\"rtejustify\">La DG du FMI a salu\u00e9 la r\u00e9forme du franc CFA d\u00e9cid\u00e9e par plusieurs pays d&rsquo;Afrique de l&rsquo;Ouest et la France. Pour Kristalina Georgieva, ces changements \u00abconstituent une \u00e9tape essentielle dans la modernisation d&rsquo;accords de longue date entre l&rsquo;Union \u00e9conomique et mon\u00e9taire ouest-africaine (UEMOA) et la France\u00bb.<\/p>\n<p class=\"rtejustify\">Les mesures annonc\u00e9es s&rsquo;appuient sur le bon bilan de cette zone en mati\u00e8re de conduite de la politique mon\u00e9taire et de gestion des r\u00e9serves ext\u00e9rieures, selon la patronne du Fonds. Elle souligne aussi la faible inflation, la forte croissance \u00e9conomique, l&rsquo;am\u00e9lioration de la situation des finances publiques et la hausse du niveau des r\u00e9serves de changes des membres de l\u2019Union ces derni\u00e8res ann\u00e9es.<\/p>\n<p class=\"rtejustify\">La r\u00e9forme, dont les grandes lignes ont \u00e9t\u00e9 pr\u00e9sent\u00e9es il y a quelques jours par le pr\u00e9sident ivoirien Alassane Ouattara et son homologue fran\u00e7ais Emmanuel Macron, comprend plusieurs volets:<\/p>\n<p class=\"rtejustify\"><strong>\u25a0 Changement de nom:<\/strong> A sa cr\u00e9ation en 1945, franc CFA signifiait franc des colonies fran\u00e7aises d&rsquo;Afrique. Apr\u00e8s les ind\u00e9pendances des ann\u00e9es 1960, le nom avait d\u00e9j\u00e0 \u00e9volu\u00e9 pour devenir franc de la Communaut\u00e9 financi\u00e8re africaine, pour les huit pays d&rsquo;Afrique de l&rsquo;Ouest (B\u00e9nin, Burkina Faso, C\u00f4te d\u2019Ivoire, Guin\u00e9e-Bissau, Mali, Niger, S\u00e9n\u00e9gal et Togo). Mais ce nom restait per\u00e7u comme un symbole post-colonial. Le FCFA va devenir l&rsquo;Eco, qui est en fait le nom choisi pour la future monnaie unique des 15 pays de la Communaut\u00e9 \u00e9conomique des Etats d&rsquo;Afrique de l&rsquo;Ouest (C\u00e9d\u00e9ao).<\/p>\n<p class=\"rtejustify\"><strong>\u25a0 R\u00e9serves de changes:<\/strong> Deuxi\u00e8me point majeur de la r\u00e9forme, la Banque centrale des Etats d&rsquo;Afrique de l&rsquo;Ouest (BCEAO) ne devra plus d\u00e9poser la moiti\u00e9 de ses r\u00e9serves de changes aupr\u00e8s de la Banque de France. Une obligation qui \u00e9tait per\u00e7ue comme une d\u00e9pendance humiliante vis-\u00e0-vis de la France par les d\u00e9tracteurs du FCFA. La Banque centrale \u00abn\u2019aura \u00e0 l\u2019avenir plus d\u2019obligation particuli\u00e8re concernant le placement de ses r\u00e9serves de changes. Elle sera libre de placer ses avoirs dans les actifs de son choix\u00bb, selon la pr\u00e9sidence fran\u00e7aise.<\/p>\n<p class=\"rtejustify\"><strong>\u25a0 Gouvernance:<\/strong> La France va se retirer des instances de gouvernance de l&rsquo;Union mon\u00e9taire ouest-africaine o\u00f9 elle \u00e9tait pr\u00e9sente. \u00abLe pays ne nommera plus aucun repr\u00e9sentant au conseil d\u2019administration et au Comit\u00e9 de politique mon\u00e9taire de la BCEAO, ni \u00e0 la Commission bancaire de l\u2019UEMOA\u00bb, a expliqu\u00e9 l&rsquo;Elys\u00e9e. Il s&rsquo;agit de d\u00e9samorcer les critiques, selon lesquelles Paris \u00abcontinuait de dicter ses d\u00e9cisions dans ces instances via ses repr\u00e9sentants\u00bb.<\/p>\n<p class=\"rtecenter\"><strong>Ce qui ne change pas<\/strong><\/p>\n<p class=\"rtejustify\"><strong>\u25a0 Parit\u00e9:<\/strong> La parit\u00e9 fixe avec l&rsquo;euro du franc CFA, futur Eco, est maintenue (1 euro = 655,96 francs CFA). Il s&rsquo;agit d&rsquo;\u00e9viter les risques d&rsquo;inflation (pr\u00e9sente dans d&rsquo;autres pays d&rsquo;Afrique). Cette parit\u00e9 fixe est pourtant l&rsquo;une des caract\u00e9ristiques du FCFA les plus critiqu\u00e9es par des \u00e9conomistes africains. Pour eux, \u00abl&rsquo;arrimage \u00e0 l&rsquo;euro, monnaie forte, pose probl\u00e8me pour les \u00e9conomies de la r\u00e9gion, beaucoup moins comp\u00e9titives\u00bb. Lesquelles ont besoin de donner la priorit\u00e9 \u00e0 la croissance \u00e9conomique et \u00e0 l&#8217;emploi plut\u00f4t que de lutter contre l&rsquo;inflation. Ces \u00e9conomistes plaident ainsi pour \u00abla fin de la parit\u00e9 fixe avec l&rsquo;euro et l&rsquo;indexation sur un panier des principales devises mondiales, le dollar, l&rsquo;euro et le yuan chinois, correspondant aux principaux partenaires \u00e9conomiques de l&rsquo;Afrique\u00bb.<\/p>\n<p class=\"rtejustify\"><strong>\u25a0\u00a0Garantie:<\/strong> Paris conservera son r\u00f4le de garant financier pour les huit pays de l&rsquo;UEMOA. \u00abSi la BCEAO fait face \u00e0 un manque de disponibilit\u00e9s pour couvrir ses engagements en devises, elle pourra se procurer les euros n\u00e9cessaires aupr\u00e8s de la France\u00bb, explique l&rsquo;Elys\u00e9e. Cette garantie prendra la forme d&rsquo;une ligne de cr\u00e9dit. Il est question aussi d\u2019\u00e9viter la sp\u00e9culation et la fuite des capitaux.<\/p>\n<p class=\"rtejustify\"><strong>\u25a0 Incertitudes sur l&rsquo;Eco:<\/strong> \u00abLa r\u00e9forme du FCFA est une \u00e9tape pr\u00e9alable dans la feuille de route du projet de monnaie unique de la C\u00e9d\u00e9ao\u00bb, selon la pr\u00e9sidence fran\u00e7aise. Les pays ont \u00e9voqu\u00e9 l&rsquo;ann\u00e9e 2020, mais sans fixer de calendrier pr\u00e9cis. Les d\u00e9tracteurs de la r\u00e9forme, jugent sa mise en \u0153uvre incertaine d\u00e8s l\u2019ann\u00e9e prochaine. D\u2019autant plus qu\u2019il reste encore du travail \u00e0 faire pour r\u00e9pondre aux crit\u00e8res de convergence. Les pays de l&rsquo;UEMOA, qui respectent dans l&rsquo;ensemble ces crit\u00e8res, pourraient constituer l&rsquo;avant-garde de l&rsquo;Eco, cette nouvelle monnaie.<\/p>\n<p class=\"rtejustify\"><em>F. Z. T.<\/em><\/p>\n<\/div>\n<p>Auteur: hlafriqi<br \/>\n<a href=\"https:\/\/www.leconomiste.com\/article\/1055032-reforme-du-franc-cfa-ce-qui-va-changer\">Cliquez ici pour lire l&rsquo;article depuis sa source.<\/a><\/p>\n","protected":false},"excerpt":{"rendered":"<p>Un int\u00e9r\u00eat aussi bien \u00e9conomique que politique Satisfecit du FMI La DG du FMI a salu\u00e9 la r\u00e9forme du franc CFA d\u00e9cid\u00e9e par plusieurs pays d&rsquo;Afrique de l&rsquo;Ouest et la France. Pour Kristalina Georgieva, ces changements \u00abconstituent une \u00e9tape essentielle dans la modernisation d&rsquo;accords de longue date entre l&rsquo;Union \u00e9conomique et mon\u00e9taire ouest-africaine (UEMOA) et [&hellip;]<\/p>\n","protected":false},"author":1763,"featured_media":71323,"comment_status":"closed","ping_status":"closed","sticky":false,"template":"","format":"standard","meta":{"fifu_image_url":"","fifu_image_alt":"","footnotes":""},"categories":[78,54],"tags":[],"class_list":["post-71322","post","type-post","status-publish","format-standard","has-post-thumbnail","hentry","category-economie","category-maroc"],"_links":{"self":[{"href":"https:\/\/linitiative.ca\/International\/wp-json\/wp\/v2\/posts\/71322","targetHints":{"allow":["GET"]}}],"collection":[{"href":"https:\/\/linitiative.ca\/International\/wp-json\/wp\/v2\/posts"}],"about":[{"href":"https:\/\/linitiative.ca\/International\/wp-json\/wp\/v2\/types\/post"}],"author":[{"embeddable":true,"href":"https:\/\/linitiative.ca\/International\/wp-json\/wp\/v2\/users\/1763"}],"replies":[{"embeddable":true,"href":"https:\/\/linitiative.ca\/International\/wp-json\/wp\/v2\/comments?post=71322"}],"version-history":[{"count":0,"href":"https:\/\/linitiative.ca\/International\/wp-json\/wp\/v2\/posts\/71322\/revisions"}],"wp:featuredmedia":[{"embeddable":true,"href":"https:\/\/linitiative.ca\/International\/wp-json\/"}],"wp:attachment":[{"href":"https:\/\/linitiative.ca\/International\/wp-json\/wp\/v2\/media?parent=71322"}],"wp:term":[{"taxonomy":"category","embeddable":true,"href":"https:\/\/linitiative.ca\/International\/wp-json\/wp\/v2\/categories?post=71322"},{"taxonomy":"post_tag","embeddable":true,"href":"https:\/\/linitiative.ca\/International\/wp-json\/wp\/v2\/tags?post=71322"}],"curies":[{"name":"wp","href":"https:\/\/api.w.org\/{rel}","templated":true}]}}