{"id":71335,"date":"2019-12-25T18:00:00","date_gmt":"2019-12-25T23:00:00","guid":{"rendered":"https:\/\/linitiative.ca\/International\/presidentielle-du-12-decembre-2019-le-president-tebboune-recoit-les-felicitations-de-chefs-detat\/"},"modified":"2019-12-25T18:00:00","modified_gmt":"2019-12-25T23:00:00","slug":"presidentielle-du-12-decembre-2019-le-president-tebboune-recoit-les-felicitations-de-chefs-detat","status":"publish","type":"post","link":"https:\/\/linitiative.ca\/International\/presidentielle-du-12-decembre-2019-le-president-tebboune-recoit-les-felicitations-de-chefs-detat\/","title":{"rendered":"Pr\u00e9sidentielle du 12 d\u00e9cembre 2019 : Le pr\u00e9sident Tebboune re\u00e7oit les f\u00e9licitations de chefs d\u2019\u00e9tat"},"content":{"rendered":"<p>Le pr\u00e9sident de la R\u00e9publique, Abdelmadjid Tebboune, a re\u00e7u des messages de f\u00e9licitations de la part de chefs d\u2019\u00c9tat et de responsables d\u2019organisations internationales, suite \u00e0 sa victoire \u00e0 l\u2019\u00e9lection pr\u00e9sidentielle du 12 d\u00e9cembre.\u00a0<\/p>\n<p>Le pr\u00e9sident d\u2019Ouzb\u00e9kistan, Shavkat Mirziyoyev, a pr\u00e9sent\u00e9 ses \u00absinc\u00e8res f\u00e9licitations\u00bb au pr\u00e9sident Tebboune, affirmant que sa \u00abbrillante victoire\u00bb \u00e0 l\u2019\u00e9lection pr\u00e9sidentielle confirme qu\u2019il s\u2019agit d\u2019\u00abun grand homme politique exp\u00e9riment\u00e9 qui a conquis l\u2019immense prestige et le haut respect du peuple alg\u00e9rien et que son programme \u00e9lectoral a gagn\u00e9 sa confiance\u00bb. Il a exprim\u00e9 sa conviction que durant le mandat du pr\u00e9sident Tebboune, \u00ables relations de coop\u00e9ration multiforme qui existent, depuis de nombreuses ann\u00e9es, entre les deux pays amis, bas\u00e9es sur les principes de la confiance mutuelle et du respect, se d\u00e9veloppent davantage pour atteindre un niveau plus \u00e9lev\u00e9 dans l\u2019int\u00e9r\u00eat des peuples alg\u00e9rien et ouzbek\u00bb. De son c\u00f4t\u00e9, la pr\u00e9sidente \u00e9thiopienne, Sahle-Work Zewde, a pr\u00e9sent\u00e9 ses f\u00e9licitations au pr\u00e9sident Tebboune, exprimant sa conviction que son \u00e9lection \u00e0 la\u00a0 t\u00eate de la magistrature supr\u00eame du pays \u00abrenforcera davantage les relations amicales de longue date existant entre les deux pays\u00bb.<\/p>\n<p>Elle a \u00e9galement saisi cette occasion, pour exprimer ses \u00abmeilleurs v\u0153ux de sant\u00e9 et de bonheur, de prosp\u00e9rit\u00e9 et de bien-\u00eatre pour le peuple alg\u00e9rien fr\u00e8re\u00bb. Dans un message de f\u00e9licitations, l&rsquo;\u00e9mir de l&rsquo;\u00c9tat du Qatar, Tamim Ben Hamad al-Thani, a pr\u00e9sent\u00e9 ses sinc\u00e8res f\u00e9licitations au pr\u00e9sident Tebboune, lui exprimant ses v\u0153ux de \u00abr\u00e9ussite dans la r\u00e9alisation des aspirations du peuple alg\u00e9rien fr\u00e8re \u00e0 la s\u00e9curit\u00e9, \u00e0 la stabilit\u00e9, au progr\u00e8s et au d\u00e9veloppement\u00bb.<\/p>\n<p>Cheikh Tamim Ben Hamad al-Thani a r\u00e9affirm\u00e9 \u00abla d\u00e9termination de l&rsquo;\u00c9tat du Qatar \u00e0 poursuivre la consolidation et le raffermissement des \u00e9troites relations de fraternit\u00e9 qui lient les deux pays\u00bb. Pour sa part, le Vice-\u00c9mir de l&rsquo;\u00c9tat du Qatar, Abdallah Ben Hamad al-Thani, a adress\u00e9 ses \u00abchaleureuses f\u00e9licitations\u00bb au pr\u00e9sident Tebboune et ses \u00abmeilleurs v\u0153ux de succ\u00e8s dans l&rsquo;accomplissement de sa mission au service du peuple alg\u00e9rien\u00bb. Dans son message de f\u00e9licitations, le pr\u00e9sident \u00e9gyptien Abdel Fattah Al-Sissi a affirm\u00e9 que la victoire de Tebboune \u00e0 la pr\u00e9sidentielle du 12 d\u00e9cembre \u00abtraduit la confiance plac\u00e9e en lui par le peuple alg\u00e9rien et en sa capacit\u00e9 \u00e0 conduire le pays vers un avenir prosp\u00e8re\u00bb, soulignant l&rsquo;attachement de son pays \u00ab\u00e0 \u0153uvrer conjointement \u00e0 renforcer les liens de fraternit\u00e9 et de coop\u00e9ration unissant nos deux peuples et pays fr\u00e8res\u00bb.<\/p>\n<p>Le directeur g\u00e9n\u00e9ral de l&rsquo;Organisation islamique pour l&rsquo;\u00e9ducation, les sciences et la culture (Isesco), Salim Mohamed Al-Malik, a \u00e9crit au pr\u00e9sident \u00e9lu, Abdelmadjid Tebboune : \u00abJe vous souhaite le plein succ\u00e8s dans votre mission au service de votre pays, dans la r\u00e9alisation des aspirations de votre peuple, ainsi que dans le d\u00e9veloppement et la modernisation de l&rsquo;\u00c9tat alg\u00e9rien, afin qu&rsquo;il puisse occuper la place qui lui sied dans le concert des nations.\u00bb<\/p>\n<p>Pour sa part, le directeur g\u00e9n\u00e9ral de l&rsquo;Organisation arabe du d\u00e9veloppement industriel et des mines (OADIM), Adel Saqe, a adress\u00e9 un message de f\u00e9licitations au pr\u00e9sident de la R\u00e9publique, dans lequel il lui a pr\u00e9sent\u00e9 \u00abses v\u0153ux de succ\u00e8s au service de l&rsquo;Alg\u00e9rie et de son vaillant peuple\u00bb, et salu\u00e9 \u00able r\u00f4le axial de l&rsquo;Alg\u00e9rie dans le soutien et l&rsquo;appui aux institutions de l&rsquo;action arabe commune, dont l&rsquo;OADIM\u00bb.<\/p>\n<p>L\u2019Organisation de l\u2019Unit\u00e9 syndicale africaine (OUSA) a\u00a0 pr\u00e9sent\u00e9 ses \u00abchaleureuses f\u00e9licitations\u00bb au pr\u00e9sident Tebboune, tout en lui souhaitant \u00abbeaucoup de succ\u00e8s\u00bb dans sa nouvelle mission. \u00abVotre \u00e9lection t\u00e9moigne de votre qualit\u00e9 d\u2019homme d\u2019\u00c9tat et exprime la reconnaissance de vos efforts fournis durant votre parcours et des\u00a0 imminents services que vous avez rendus \u00e0 la Nation et au peuple alg\u00e9rien\u00bb, \u00e9crit l\u2019OUSA, \u00e0 l\u2019adresse de M. Tebboune. L\u2019Organisation a exprim\u00e9 sa conviction de voir le pr\u00e9sident de la\u00a0 R\u00e9publique \u00absoutenir les travailleurs africains et le mouvement syndical panafricain ind\u00e9pendant et authentique \u00e0 travers l\u2019OUSA qui repr\u00e9sente les\u00a0 centrales syndicales nationales des travailleurs dans l\u2019ensemble des pays africains\u00bb.\u00a0<\/p>\n<p>Auteur: elmoudjahid<br \/>\n<a href=\"http:\/\/www.elmoudjahid.com\/fr\/actualites\/146313\">Cliquez ici pour lire l&rsquo;article depuis sa source.<\/a><\/p>\n","protected":false},"excerpt":{"rendered":"<p>Le pr\u00e9sident de la R\u00e9publique, Abdelmadjid Tebboune, a re\u00e7u des messages de f\u00e9licitations de la part de chefs d\u2019\u00c9tat et de responsables d\u2019organisations internationales, suite \u00e0 sa victoire \u00e0 l\u2019\u00e9lection pr\u00e9sidentielle du 12 d\u00e9cembre.\u00a0 Le pr\u00e9sident d\u2019Ouzb\u00e9kistan, Shavkat Mirziyoyev, a pr\u00e9sent\u00e9 ses \u00absinc\u00e8res f\u00e9licitations\u00bb au pr\u00e9sident Tebboune, affirmant que sa \u00abbrillante victoire\u00bb \u00e0 l\u2019\u00e9lection pr\u00e9sidentielle [&hellip;]<\/p>\n","protected":false},"author":1744,"featured_media":0,"comment_status":"closed","ping_status":"closed","sticky":false,"template":"","format":"standard","meta":{"fifu_image_url":"","fifu_image_alt":"","footnotes":""},"categories":[73,53],"tags":[],"class_list":["post-71335","post","type-post","status-publish","format-standard","hentry","category-actualite","category-algerie"],"_links":{"self":[{"href":"https:\/\/linitiative.ca\/International\/wp-json\/wp\/v2\/posts\/71335","targetHints":{"allow":["GET"]}}],"collection":[{"href":"https:\/\/linitiative.ca\/International\/wp-json\/wp\/v2\/posts"}],"about":[{"href":"https:\/\/linitiative.ca\/International\/wp-json\/wp\/v2\/types\/post"}],"author":[{"embeddable":true,"href":"https:\/\/linitiative.ca\/International\/wp-json\/wp\/v2\/users\/1744"}],"replies":[{"embeddable":true,"href":"https:\/\/linitiative.ca\/International\/wp-json\/wp\/v2\/comments?post=71335"}],"version-history":[{"count":0,"href":"https:\/\/linitiative.ca\/International\/wp-json\/wp\/v2\/posts\/71335\/revisions"}],"wp:attachment":[{"href":"https:\/\/linitiative.ca\/International\/wp-json\/wp\/v2\/media?parent=71335"}],"wp:term":[{"taxonomy":"category","embeddable":true,"href":"https:\/\/linitiative.ca\/International\/wp-json\/wp\/v2\/categories?post=71335"},{"taxonomy":"post_tag","embeddable":true,"href":"https:\/\/linitiative.ca\/International\/wp-json\/wp\/v2\/tags?post=71335"}],"curies":[{"name":"wp","href":"https:\/\/api.w.org\/{rel}","templated":true}]}}