{"id":71337,"date":"2019-12-26T12:00:00","date_gmt":"2019-12-26T17:00:00","guid":{"rendered":"https:\/\/linitiative.ca\/International\/conseil-constitutionnel-les-candidats-a-la-presidentielle-du-12-decembre-invites-a-etablir-leurs-comptes-de-campagne-electorale\/"},"modified":"2019-12-26T12:00:00","modified_gmt":"2019-12-26T17:00:00","slug":"conseil-constitutionnel-les-candidats-a-la-presidentielle-du-12-decembre-invites-a-etablir-leurs-comptes-de-campagne-electorale","status":"publish","type":"post","link":"https:\/\/linitiative.ca\/International\/conseil-constitutionnel-les-candidats-a-la-presidentielle-du-12-decembre-invites-a-etablir-leurs-comptes-de-campagne-electorale\/","title":{"rendered":"Conseil constitutionnel:   Les candidats \u00e0 la pr\u00e9sidentielle du 12 d\u00e9cembre invit\u00e9s \u00e0 \u00e9tablir leurs comptes de campagne \u00e9lectorale"},"content":{"rendered":"<p>\u00a0Conform\u00e9ment aux dispositions de l&rsquo;article 196 de la loi organique portant r\u00e9gime \u00e9lectoral, \u00ab\u00a0les candidats \u00e0 l&rsquo;\u00e9lection pr\u00e9sidentielle du 12 d\u00e9cembre 2019 sont tenus d&rsquo;\u00e9tablir un compte de campagne retra\u00e7ant, selon leur origine et leur nature, l&rsquo;ensemble des recettes per\u00e7ues et des d\u00e9penses effectu\u00e9es. Les comptes des candidats sont d\u00e9pos\u00e9s aupr\u00e8s du Conseil constitutionnel\u00a0\u00bb, a pr\u00e9cis\u00e9 le communiqu\u00e9. \u00ab\u00a0Le rapport du compte de campagne \u00e9lectorale doit porter le sceau et la signature d&rsquo;un expert comptable ou d&rsquo;un commissaire aux comptes agr\u00e9\u00e9 et retracer, selon leur origine et leur nature les recettes d\u00fbment justifi\u00e9es , ainsi que les d\u00e9penses appuy\u00e9es de pi\u00e8ces justificatives\u00a0\u00bb, ajoute la m\u00eame source. Conform\u00e9ment aux dispositions de l&rsquo;article 56 (alin\u00e9a 4) du r\u00e8glement fixant les r\u00e8gles de fonctionnement du Conseil constitutionnel, modifi\u00e9 et compl\u00e9t\u00e9, \u00ab\u00a0ce compte peut \u00eatre d\u00e9pos\u00e9 par toute personne en possession d&rsquo;une d\u00e9l\u00e9gation l\u00e9gale du candidat concern\u00e9 aupr\u00e8s du greffe du Conseil Constitutionnel dans un d\u00e9lai n&rsquo;exc\u00e9dant pas le 18 mars 2020\u00a0\u00bb.<\/p>\n<p><strong>APS<\/strong><\/p>\n<p>Auteur: elmoudjahid<br \/>\n<a href=\"http:\/\/www.elmoudjahid.com\/fr\/actualites\/146315\">Cliquez ici pour lire l&rsquo;article depuis sa source.<\/a><\/p>\n","protected":false},"excerpt":{"rendered":"<p>\u00a0Conform\u00e9ment aux dispositions de l&rsquo;article 196 de la loi organique portant r\u00e9gime \u00e9lectoral, \u00ab\u00a0les candidats \u00e0 l&rsquo;\u00e9lection pr\u00e9sidentielle du 12 d\u00e9cembre 2019 sont tenus d&rsquo;\u00e9tablir un compte de campagne retra\u00e7ant, selon leur origine et leur nature, l&rsquo;ensemble des recettes per\u00e7ues et des d\u00e9penses effectu\u00e9es. Les comptes des candidats sont d\u00e9pos\u00e9s aupr\u00e8s du Conseil constitutionnel\u00a0\u00bb, a [&hellip;]<\/p>\n","protected":false},"author":1744,"featured_media":0,"comment_status":"closed","ping_status":"closed","sticky":false,"template":"","format":"standard","meta":{"fifu_image_url":"","fifu_image_alt":"","footnotes":""},"categories":[73,53],"tags":[],"class_list":["post-71337","post","type-post","status-publish","format-standard","hentry","category-actualite","category-algerie"],"_links":{"self":[{"href":"https:\/\/linitiative.ca\/International\/wp-json\/wp\/v2\/posts\/71337","targetHints":{"allow":["GET"]}}],"collection":[{"href":"https:\/\/linitiative.ca\/International\/wp-json\/wp\/v2\/posts"}],"about":[{"href":"https:\/\/linitiative.ca\/International\/wp-json\/wp\/v2\/types\/post"}],"author":[{"embeddable":true,"href":"https:\/\/linitiative.ca\/International\/wp-json\/wp\/v2\/users\/1744"}],"replies":[{"embeddable":true,"href":"https:\/\/linitiative.ca\/International\/wp-json\/wp\/v2\/comments?post=71337"}],"version-history":[{"count":0,"href":"https:\/\/linitiative.ca\/International\/wp-json\/wp\/v2\/posts\/71337\/revisions"}],"wp:attachment":[{"href":"https:\/\/linitiative.ca\/International\/wp-json\/wp\/v2\/media?parent=71337"}],"wp:term":[{"taxonomy":"category","embeddable":true,"href":"https:\/\/linitiative.ca\/International\/wp-json\/wp\/v2\/categories?post=71337"},{"taxonomy":"post_tag","embeddable":true,"href":"https:\/\/linitiative.ca\/International\/wp-json\/wp\/v2\/tags?post=71337"}],"curies":[{"name":"wp","href":"https:\/\/api.w.org\/{rel}","templated":true}]}}