{"id":71338,"date":"2019-12-26T13:30:00","date_gmt":"2019-12-26T18:30:00","guid":{"rendered":"https:\/\/linitiative.ca\/International\/m-tebboune-preside-une-reunion-du-haut-conseil-de-securite-prise-de-mesures-pour-la-protection-des-frontieres-et-le-territoire-national\/"},"modified":"2019-12-26T13:30:00","modified_gmt":"2019-12-26T18:30:00","slug":"m-tebboune-preside-une-reunion-du-haut-conseil-de-securite-prise-de-mesures-pour-la-protection-des-frontieres-et-le-territoire-national","status":"publish","type":"post","link":"https:\/\/linitiative.ca\/International\/m-tebboune-preside-une-reunion-du-haut-conseil-de-securite-prise-de-mesures-pour-la-protection-des-frontieres-et-le-territoire-national\/","title":{"rendered":"M. Tebboune  pr\u00e9side une r\u00e9union du Haut conseil de s\u00e9curit\u00e9 : Prise  de mesures pour la protection des fronti\u00e8res et le territoire national"},"content":{"rendered":"<p>Avant l&rsquo;entame de la r\u00e9union, qui a eu lieu au si\u00e8ge de la pr\u00e9sidence de la R\u00e9publique, \u00ab\u00a0M. Tebboune a invit\u00e9 l&rsquo;assistance \u00e0 observer une minute de silence \u00e0 la m\u00e9moire du d\u00e9funt de la nation, le Moudjahid G\u00e9n\u00e9ral de corps d&rsquo;Arm\u00e9e Ahmed Ga\u00efd Salah et en hommage \u00e0 ses grands sacrifices et d\u00e9vouement au service de la patrie\u00a0\u00bb, pr\u00e9cise le communiqu\u00e9. Le Haut conseil de s\u00e9curit\u00e9 a d\u00e9but\u00e9 ses travaux \u00ab\u00a0en saluant l&rsquo;\u00e9lan populaire qui a accompagn\u00e9 le d\u00e9funt \u00e0 sa derni\u00e8re demeure, un \u00e9lan qui a \u00e9pat\u00e9 le Monde entier et d\u00e9montr\u00e9 v\u00e9ritablement la synergie du peuple alg\u00e9rien vaillant et son Arm\u00e9e nationale populaire (ANP), Garant de la Constitution et des institutions de la R\u00e9publique\u00a0\u00bb. Par ailleurs, le Haut conseil de s\u00e9curit\u00e9 \u00ab\u00a0a examin\u00e9 la situation dans la r\u00e9gion, notamment au niveau des fronti\u00e8res avec la Libye et le Mali\u00a0\u00bb, souligne la m\u00eame source. A ce propos, le Haut conseil de s\u00e9curit\u00e9 \u00ab\u00a0a d\u00e9cid\u00e9 d&rsquo;une batterie de mesures \u00e0 prendre pour la protection de nos fronti\u00e8res et notre territoire national et la redynamisation du r\u00f4le de l&rsquo;Alg\u00e9rie au plan international, particuli\u00e8rement en ce qui concerne ces deux dossiers, et de mani\u00e8re g\u00e9n\u00e9rale dans le Sahel, la r\u00e9gion saharienne et l&rsquo;Afrique\u00a0\u00bb, pr\u00e9cise encore le communiqu\u00e9 de la Pr\u00e9sidence.<\/p>\n<p>APS<\/p>\n<p>Auteur: elmoudjahid<br \/>\n<a href=\"http:\/\/www.elmoudjahid.com\/fr\/actualites\/146316\">Cliquez ici pour lire l&rsquo;article depuis sa source.<\/a><\/p>\n","protected":false},"excerpt":{"rendered":"<p>Avant l&rsquo;entame de la r\u00e9union, qui a eu lieu au si\u00e8ge de la pr\u00e9sidence de la R\u00e9publique, \u00ab\u00a0M. Tebboune a invit\u00e9 l&rsquo;assistance \u00e0 observer une minute de silence \u00e0 la m\u00e9moire du d\u00e9funt de la nation, le Moudjahid G\u00e9n\u00e9ral de corps d&rsquo;Arm\u00e9e Ahmed Ga\u00efd Salah et en hommage \u00e0 ses grands sacrifices et d\u00e9vouement au [&hellip;]<\/p>\n","protected":false},"author":1744,"featured_media":0,"comment_status":"closed","ping_status":"closed","sticky":false,"template":"","format":"standard","meta":{"fifu_image_url":"","fifu_image_alt":"","footnotes":""},"categories":[73,53],"tags":[],"class_list":["post-71338","post","type-post","status-publish","format-standard","hentry","category-actualite","category-algerie"],"_links":{"self":[{"href":"https:\/\/linitiative.ca\/International\/wp-json\/wp\/v2\/posts\/71338","targetHints":{"allow":["GET"]}}],"collection":[{"href":"https:\/\/linitiative.ca\/International\/wp-json\/wp\/v2\/posts"}],"about":[{"href":"https:\/\/linitiative.ca\/International\/wp-json\/wp\/v2\/types\/post"}],"author":[{"embeddable":true,"href":"https:\/\/linitiative.ca\/International\/wp-json\/wp\/v2\/users\/1744"}],"replies":[{"embeddable":true,"href":"https:\/\/linitiative.ca\/International\/wp-json\/wp\/v2\/comments?post=71338"}],"version-history":[{"count":0,"href":"https:\/\/linitiative.ca\/International\/wp-json\/wp\/v2\/posts\/71338\/revisions"}],"wp:attachment":[{"href":"https:\/\/linitiative.ca\/International\/wp-json\/wp\/v2\/media?parent=71338"}],"wp:term":[{"taxonomy":"category","embeddable":true,"href":"https:\/\/linitiative.ca\/International\/wp-json\/wp\/v2\/categories?post=71338"},{"taxonomy":"post_tag","embeddable":true,"href":"https:\/\/linitiative.ca\/International\/wp-json\/wp\/v2\/tags?post=71338"}],"curies":[{"name":"wp","href":"https:\/\/api.w.org\/{rel}","templated":true}]}}