{"id":71340,"date":"2019-12-26T09:14:59","date_gmt":"2019-12-26T14:14:59","guid":{"rendered":"https:\/\/linitiative.ca\/International\/99437-jm-oran-2021-l-annee-2019-un-tournant-dans-le-processus-de-preparation-de-la-19e-edition\/"},"modified":"2019-12-26T09:14:59","modified_gmt":"2019-12-26T14:14:59","slug":"99437-jm-oran-2021-l-annee-2019-un-tournant-dans-le-processus-de-preparation-de-la-19e-edition","status":"publish","type":"post","link":"https:\/\/linitiative.ca\/International\/99437-jm-oran-2021-l-annee-2019-un-tournant-dans-le-processus-de-preparation-de-la-19e-edition\/","title":{"rendered":"JM Oran-2021: l&rsquo;ann\u00e9e 2019, un tournant dans le processus de pr\u00e9paration de la 19e \u00e9dition"},"content":{"rendered":"<div readability=\"36\">\n<p><strong>ORAN- L\u2019ann\u00e9e 2019 qui s&rsquo;ach\u00e8ve aura \u00e9t\u00e9 un tournant d\u00e9cisif dans la pr\u00e9paration de la 19\u00e8me \u00e9dition des Jeux M\u00e9diterran\u00e9ens qu\u2019abritera Oran en 2021. Le comit\u00e9 international de cette manifestation\u00a0(CIJM) table \u00e9norm\u00e9ment sur cette \u00e9dition pour redonner aux JM le lustre d\u2019antan qu\u2019ils commencent \u00e0 perdre depuis quelques ann\u00e9es, selon les observateurs.<\/strong><\/p>\n<\/div>\n<div readability=\"154.5\">\n<p>Et pour relever un tel d\u00e9fi, des engagements ont \u00e9t\u00e9 pris dans ce sens et la mobilisation est totale pour faire du rendez-vous une v\u00e9ritable f\u00eate pour la jeunesse des rives de la m\u00e9diterran\u00e9e.<\/p>\n<p>Il se trouve n\u00e9anmoins que certaines contraintes sont apparues au grand jour au cours de cette ann\u00e9e 2019, plongeant tout le monde dans la peur de ne pas honorer \u00e0 temps les engagements pris. Allusion faite, entre autres, aux chantiers du complexe olympique et du village m\u00e9diterran\u00e9en, tous les deux implant\u00e9s dans la commune de Bir El Djir (Est d\u2019Oran).<\/p>\n<blockquote readability=\"10\">\n<p><em><strong>Deux infrastructures de taille qui ont pris plus qu\u2019il faut de temps pour qu\u2019elles soient livr\u00e9es. Conscients ainsi des risques que pourrait engendrer un \u00e9ventuel retard dans la livraison de ces deux sites, les plus\u00a0importants dans l\u2019organisation des JM, les pouvoirs publics ont d\u00e9cid\u00e9 de prendre le taureau par les cornes.<\/strong><\/em><\/p>\n<\/blockquote>\n<p>En effet, le conseil interminist\u00e9riel, pr\u00e9sid\u00e9 par le Premier Ministre, le 18 juin 2019, aura \u00e9t\u00e9 le d\u00e9clencheur d\u2019une course contre la montre pour rattraper le retard enregistr\u00e9 dans l\u2019ach\u00e8vement de ces deux infrastructures, ainsi que tous les autres sites, au nombre de huit, faisant depuis un peu plus d\u2019une ann\u00e9e l\u2019objet d\u2019une vaste op\u00e9ration de r\u00e9habilitation.<\/p>\n<blockquote readability=\"5\">\n<p><span class=\"c30\"><strong>\u00a0 \u00a0<em>Les pouvoirs publics s\u2019engagent<\/em><\/strong><\/span><\/p>\n<\/blockquote>\n<p>\u00a0Le Premier ministre n\u2019est pas all\u00e9 avec le dos de la cuill\u00e8re pour affirmer que \u00ab\u00a0la pr\u00e9paration de cet \u00e9v\u00e9nement constituait l&rsquo;une des priorit\u00e9s du Gouvernement\u00a0\u00bb, ajoutant que \u00ab\u00a0tous les engagements pris par\u00a0notre pays seront respect\u00e9s\u00a0\u00bb. Il a rappel\u00e9 \u00e9galement \u00ab\u00a0la n\u00e9cessit\u00e9\u00a0\u00bb de r\u00e9unir toutes les conditions \u00e0 m\u00eame d&rsquo;assurer une bonne organisation de cette manifestation, conform\u00e9ment aux standards internationaux en vigueur, \u00e0 m\u00eame de permettre \u00e0 l&rsquo;Alg\u00e9rie de faire connaitre son legs historique, culturel et civilisationnel\u00bb.<\/p>\n<p>Le ton \u00e9tait ainsi donn\u00e9. La mise en place d&rsquo;une commission nationale dont il assure lui m\u00eame la pr\u00e9sidence, et qui se r\u00e9unit au moins une fois tous les deux mois, se voulait une parfaite illustration de l\u2019int\u00e9r\u00eat qu\u2019accordent les plus hautes autorit\u00e9s du pays \u00e0 cet \u00e9v\u00e8nement sportif.<\/p>\n<p>Depuis d\u2019ailleurs, les choses ont boug\u00e9 d\u2019une mani\u00e8re significative. Les chantiers concern\u00e9s avancent sensiblement gr\u00e2ce \u00e0 la mobilisation de gros moyens financiers et humains. Les sous-commissions technique, organique, financi\u00e8re, touristique, de communication et s\u00e9curitaire, mises en place\u00a0dans la foul\u00e9e sous la tutelle des secteurs concern\u00e9s, ont \u00e9galement inject\u00e9 un nouveau souffle aux pr\u00e9paratifs.<\/p>\n<blockquote readability=\"10\">\n<p><em><strong>R\u00e9sultats des courses : le conseil ex\u00e9cutif du Comit\u00e9 international des jeux m\u00e9diterran\u00e9ens (CIJM), qui a tenu d\u00e9but d\u00e9cembre 2019 sa premi\u00e8re r\u00e9union en Alg\u00e9rie, plus pr\u00e9cis\u00e9ment \u00e0 Oran, s\u2019est d\u00e9clar\u00e9 \u00ab\u00a0confiant quant \u00e0 l\u2019organisation par Oran d\u2019une \u00e9dition de premier ordre\u00a0\u00bb.<\/strong><\/em><\/p>\n<\/blockquote>\n<p>La pr\u00e9paration de cette \u00e9dition a connu une \u00ab\u00a0\u00e9volution palpable\u00a0\u00bb selon le pr\u00e9sident du (CIJM) Amar Addadi. Il s\u2019est d\u2019ailleurs \u00ab\u00a0r\u00e9joui par les progr\u00e8s r\u00e9alis\u00e9s\u00a0\u00bb dans les pr\u00e9paratifs de cet \u00e9v\u00e8nement.<\/p>\n<p>\u00ab\u00a0Il reste n\u00e9anmoins certains volet li\u00e9s notamment \u00e0 l\u2019aspect technique qu\u2019il faudra bien prendre en charge et tr\u00e8s rapidement pour que la prochaine \u00e9dition soit une totale r\u00e9ussite\u00a0\u00bb, a-t-il cependant insist\u00e9.<\/p>\n<blockquote readability=\"5\">\n<p><span class=\"c30\"><em><strong>\u00a0Une \u00ab\u00a0avanc\u00e9e\u00a0\u00bb dans les pr\u00e9paratifs salu\u00e9e par le CIJM<\/strong><\/em><\/span><\/p>\n<\/blockquote>\n<p>Emboitant le pas \u00e0 Amar Addadi, le pr\u00e9sident de la Commission de suivi et de coordination du CIJM, Bernard Amslam, a, lui aussi, qualifi\u00e9 l\u2019avancement des pr\u00e9paratifs de \u00ab\u00a0tournant d\u00e9cisif pour l\u2019avenir des jeux\u00a0\u00bb.<\/p>\n<p>L\u2019int\u00e9r\u00eat extr\u00eame accord\u00e9 par les pouvoirs publics pour la r\u00e9ussite de la prochaine \u00e9dition des JM est traduit \u00e9galement par cette importante enveloppe financi\u00e8re qu\u2019ils ont mise \u00e0 la disposition du COJM.<\/p>\n<p>En effet, un budget de l\u2019ordre de 40 millions USD a \u00e9t\u00e9 mobilis\u00e9 en vue d\u2019assurer le bon fonctionnement des diff\u00e9rentes op\u00e9rations entreprises par le COJM dans le cadre des pr\u00e9paratifs du rendez-vous m\u00e9diterran\u00e9en.<\/p>\n<p>Cette enveloppe commence \u00e0 \u00eatre d\u00e9bloqu\u00e9e au profit des organisateurs, ce qui leur permet d\u2019entamer, entre autres, des actions de communication visant \u00e0 assurer une meilleure promotion de l\u2019\u00e9v\u00e8nement, selon le nouveau directeur des JM d&rsquo;Oran 2012, Salim Il\u00e8s.<\/p>\n<blockquote readability=\"10\">\n<p><em><strong>En fait, du c\u00f4t\u00e9 du COJM, l\u2019on reconnait que la promotion des JM n\u2019a pas atteint son rythme de croisi\u00e8re lors de l\u2019ann\u00e9e 2019. Les raisons \u00e9voqu\u00e9es ont trait notamment \u00e0 l\u2019indisponibilit\u00e9 des moyens financiers qui couvrent une campagne aussi importante comme celle de promouvoir l\u2019\u00e9v\u00e8nement. Un obstacle qui n\u2019a d\u00e9sormais plus lieu d\u2019\u00eatre apr\u00e8s l\u2019adoption officielle en cette ann\u00e9e 2019 du budget d\u00e9di\u00e9 au COJM.<\/strong><\/em><\/p>\n<\/blockquote>\n<p>Gr\u00e2ce \u00e0 ce budget aussi, les nouvelles infrastructures sportives en cours de r\u00e9alisation \u00e0 Oran, \u00e0 l\u2019image du complexe sportif de Bir El Djir, devant \u00eatre r\u00e9ceptionn\u00e9 dans sa totalit\u00e9 en juin 2020, ainsi que le village m\u00e9diterran\u00e9en implant\u00e9 dans la m\u00eame commune, seront \u00e9quip\u00e9es d\u2019un mat\u00e9riel ultra moderne, a promis l\u2019ancien champion alg\u00e9rien en natation.<\/p>\n<p>Ainsi, plusieurs importantes \u00e9tapes auront \u00e9t\u00e9 franchies avec succ\u00e8s dans le processus de pr\u00e9paration des JM au cours de l\u2019ann\u00e9e 2019, en attendant de faire de m\u00eame concernant certains autres volets inh\u00e9rents au \u00ab\u00a0dispositif technique des jeux\u00a0\u00bb au cours du premier semestre de l\u2019ann\u00e9e 2020.<\/p>\n<p>Le temps presse, mais du c\u00f4t\u00e9 du COJM, \u00ab\u00a0on avance doucement mais s\u00fbrement\u00a0\u00bb, rassure-t-on.<\/p>\n<\/div>\n<p>Auteur:<br \/>\n<a href=\"http:\/\/www.aps.dz\/sport\/99437-jm-oran-2021-l-annee-2019-un-tournant-dans-le-processus-de-preparation-de-la-19e-edition?utm_source=feedburner&#038;utm_medium=feed&#038;utm_campaign=Feed%3A+aps-sport+%28APS+-+SPORT%29\">Cliquez ici pour lire l&rsquo;article depuis sa source.<\/a><\/p>\n","protected":false},"excerpt":{"rendered":"<p>ORAN- L\u2019ann\u00e9e 2019 qui s&rsquo;ach\u00e8ve aura \u00e9t\u00e9 un tournant d\u00e9cisif dans la pr\u00e9paration de la 19\u00e8me \u00e9dition des Jeux M\u00e9diterran\u00e9ens qu\u2019abritera Oran en 2021. Le comit\u00e9 international de cette manifestation\u00a0(CIJM) table \u00e9norm\u00e9ment sur cette \u00e9dition pour redonner aux JM le lustre d\u2019antan qu\u2019ils commencent \u00e0 perdre depuis quelques ann\u00e9es, selon les observateurs. Et pour relever [&hellip;]<\/p>\n","protected":false},"author":1790,"featured_media":0,"comment_status":"closed","ping_status":"closed","sticky":false,"template":"","format":"standard","meta":{"fifu_image_url":"","fifu_image_alt":"","footnotes":""},"categories":[53,75],"tags":[],"class_list":["post-71340","post","type-post","status-publish","format-standard","hentry","category-algerie","category-sport"],"_links":{"self":[{"href":"https:\/\/linitiative.ca\/International\/wp-json\/wp\/v2\/posts\/71340","targetHints":{"allow":["GET"]}}],"collection":[{"href":"https:\/\/linitiative.ca\/International\/wp-json\/wp\/v2\/posts"}],"about":[{"href":"https:\/\/linitiative.ca\/International\/wp-json\/wp\/v2\/types\/post"}],"author":[{"embeddable":true,"href":"https:\/\/linitiative.ca\/International\/wp-json\/wp\/v2\/users\/1790"}],"replies":[{"embeddable":true,"href":"https:\/\/linitiative.ca\/International\/wp-json\/wp\/v2\/comments?post=71340"}],"version-history":[{"count":0,"href":"https:\/\/linitiative.ca\/International\/wp-json\/wp\/v2\/posts\/71340\/revisions"}],"wp:attachment":[{"href":"https:\/\/linitiative.ca\/International\/wp-json\/wp\/v2\/media?parent=71340"}],"wp:term":[{"taxonomy":"category","embeddable":true,"href":"https:\/\/linitiative.ca\/International\/wp-json\/wp\/v2\/categories?post=71340"},{"taxonomy":"post_tag","embeddable":true,"href":"https:\/\/linitiative.ca\/International\/wp-json\/wp\/v2\/tags?post=71340"}],"curies":[{"name":"wp","href":"https:\/\/api.w.org\/{rel}","templated":true}]}}