{"id":71346,"date":"2019-12-26T04:08:21","date_gmt":"2019-12-26T09:08:21","guid":{"rendered":"https:\/\/linitiative.ca\/International\/emigration-clandestine-des-peines-de-2-a-4-annees-de-prison-ferme-a-lencontre-de-passeurs\/"},"modified":"2019-12-26T04:08:21","modified_gmt":"2019-12-26T09:08:21","slug":"emigration-clandestine-des-peines-de-2-a-4-annees-de-prison-ferme-a-lencontre-de-passeurs","status":"publish","type":"post","link":"https:\/\/linitiative.ca\/International\/emigration-clandestine-des-peines-de-2-a-4-annees-de-prison-ferme-a-lencontre-de-passeurs\/","title":{"rendered":"\u00c9migration clandestine :\u00a0Des peines de 2 \u00e0 4 ann\u00e9es de prison ferme \u00e0\u00a0l\u2019encontre de passeurs\u00a0"},"content":{"rendered":"<h4 class=\"title-14\"\/>\n<p class=\"p3\"><span class=\"s3\"><strong>L<\/strong><\/span><span class=\"s2\">e tribunal correctionnel d\u2019Oran sis \u00e0 la cit\u00e9 Djame d\u2019Oran a prononc\u00e9, hier, des peines de 4 ann\u00e9es de prison ferme \u00e0 l\u2019encontre d\u2019un passeur en fuite, de 2 ann\u00e9es \u00e0 l\u2019encontre trois autres passeurs et de 2 mois avec sursis \u00e0 l\u2019encontre d\u2019autres accus\u00e9s dans\u00a0l\u2019affaire de tentative d\u2019\u00e9migration clandestine.<\/span><\/p>\n<p class=\"p3\"><span class=\"s2\">Le 18 d\u00e9cembre dernier, le procureur de la R\u00e9publique pr\u00e8s le tribunal\u00a0correctionnel d\u2019Oran avait requis une peine de 10 ann\u00e9es de prison ferme \u00e0 l\u2019encontre d\u2019un passeur, accus\u00e9 principal dans cette affaire qui est en \u00e9tat de fuite et d\u2019autres peines de 3 ann\u00e9es de prison ferme \u00e0 l\u2019encontre de trois autres inculp\u00e9s et de deux mois de prison ferme \u00e0 l\u2019encontre d\u2019autres impliqu\u00e9s.<\/span><\/p>\n<p class=\"p3\"><span class=\"s2\">Cette affaire remonte au d\u00e9but du mois de d\u00e9cembre en cours, lorsque les gardes-c\u00f4tes ont mis en \u00e9chec une tentative d\u2019embarquement clandestin \u00e0 partir de la localit\u00e9 c\u00f4ti\u00e8re de Kristel, \u00e0 l\u2019est d\u2019Oran, de 18 personnes, dont trois passeurs et des ressortissants marocains.<\/span><\/p>\n<p class=\"p3\"><span class=\"s2\">L\u2019enqu\u00eate a r\u00e9v\u00e9l\u00e9 que les mis en cause ont rencontr\u00e9 un individu ayant des contacts avec des \u00abharraga\u00bb \u00e9tablis en Espagne qui proposaient des travers\u00e9es illicites vers l\u2019autre rive de la M\u00e9diterran\u00e9e, moyennant des sommes variant entre 250 000 et 450 000 DA par candidat \u00e0 l\u2019\u00e9migration clandestine.<\/span><\/p>\n<p class=\"p3\"><span class=\"s2\">Durant l\u2019audience, les passeurs ont ni\u00e9 les faits, pr\u00e9tendant \u00eatre des candidats \u00e0 la travers\u00e9e illicite. L\u2019un d\u2019eux a m\u00eame d\u00e9clar\u00e9 avoir achet\u00e9 une embarcation pour une somme de 7 millions de dinars aupr\u00e8s d\u2019un individu r\u00e9sidant \u00e0 Maghnia (Tlemcen).<\/span> <span class=\"s4\"><strong><br \/><\/strong><\/span><\/p>\n<p><span class=\"post-views-label\">Post Views:<\/span> <span class=\"post-views-count\">379<\/span><\/p>\n<p><br class=\"c2\"\/><\/p>\n<p>Auteur: Anis Khecheba<br \/>\n<a href=\"https:\/\/www.elwatan.com\/edition\/actualite\/emigration-clandestine-des-peines-de-2-a-4-annees-de-prison-ferme-a-lencontre-de-passeurs-26-12-2019\">Cliquez ici pour lire l&rsquo;article depuis sa source.<\/a><\/p>\n","protected":false},"excerpt":{"rendered":"<p>Le tribunal correctionnel d\u2019Oran sis \u00e0 la cit\u00e9 Djame d\u2019Oran a prononc\u00e9, hier, des peines de 4 ann\u00e9es de prison ferme \u00e0 l\u2019encontre d\u2019un passeur en fuite, de 2 ann\u00e9es \u00e0 l\u2019encontre trois autres passeurs et de 2 mois avec sursis \u00e0 l\u2019encontre d\u2019autres accus\u00e9s dans\u00a0l\u2019affaire de tentative d\u2019\u00e9migration clandestine. Le 18 d\u00e9cembre dernier, le [&hellip;]<\/p>\n","protected":false},"author":1743,"featured_media":0,"comment_status":"closed","ping_status":"closed","sticky":false,"template":"","format":"standard","meta":{"fifu_image_url":"","fifu_image_alt":"","footnotes":""},"categories":[73,53],"tags":[],"class_list":["post-71346","post","type-post","status-publish","format-standard","hentry","category-actualite","category-algerie"],"_links":{"self":[{"href":"https:\/\/linitiative.ca\/International\/wp-json\/wp\/v2\/posts\/71346","targetHints":{"allow":["GET"]}}],"collection":[{"href":"https:\/\/linitiative.ca\/International\/wp-json\/wp\/v2\/posts"}],"about":[{"href":"https:\/\/linitiative.ca\/International\/wp-json\/wp\/v2\/types\/post"}],"author":[{"embeddable":true,"href":"https:\/\/linitiative.ca\/International\/wp-json\/wp\/v2\/users\/1743"}],"replies":[{"embeddable":true,"href":"https:\/\/linitiative.ca\/International\/wp-json\/wp\/v2\/comments?post=71346"}],"version-history":[{"count":0,"href":"https:\/\/linitiative.ca\/International\/wp-json\/wp\/v2\/posts\/71346\/revisions"}],"wp:attachment":[{"href":"https:\/\/linitiative.ca\/International\/wp-json\/wp\/v2\/media?parent=71346"}],"wp:term":[{"taxonomy":"category","embeddable":true,"href":"https:\/\/linitiative.ca\/International\/wp-json\/wp\/v2\/categories?post=71346"},{"taxonomy":"post_tag","embeddable":true,"href":"https:\/\/linitiative.ca\/International\/wp-json\/wp\/v2\/tags?post=71346"}],"curies":[{"name":"wp","href":"https:\/\/api.w.org\/{rel}","templated":true}]}}