{"id":71349,"date":"2019-12-26T04:10:31","date_gmt":"2019-12-26T09:10:31","guid":{"rendered":"https:\/\/linitiative.ca\/International\/presidence-de-lautorite-independante-des-elections-anie-laveu-troublant-de-mohamed-charfi\/"},"modified":"2019-12-26T04:10:31","modified_gmt":"2019-12-26T09:10:31","slug":"presidence-de-lautorite-independante-des-elections-anie-laveu-troublant-de-mohamed-charfi","status":"publish","type":"post","link":"https:\/\/linitiative.ca\/International\/presidence-de-lautorite-independante-des-elections-anie-laveu-troublant-de-mohamed-charfi\/","title":{"rendered":"Pr\u00e9sidence de l\u2019Autorit\u00e9 ind\u00e9pendante des \u00e9lections (ANIE) : L\u2019aveu troublant de Mohamed Charfi"},"content":{"rendered":"<h4 class=\"title-14\"\/>\n<div class=\"featured_image\"><img loading=\"lazy\" decoding=\"async\" width=\"500\" height=\"536\" src=\"https:\/\/www.elwatan.com\/wp-content\/uploads\/2019\/12\/chrofi-b-souhil.gif\" class=\"attachment-post-thumbnail size-post-thumbnail wp-post-image\" alt=\"Pr\u00e9sidence de l\u2019Autorit\u00e9 ind\u00e9pendante des \u00e9lections (ANIE) : L\u2019aveu troublant de Mohamed Charfi\"\/><span class=\"featured-image-caption\">Photo : B. Souhil<\/span><\/div>\n<p class=\"p3\"><span class=\"s2\">L<\/span><span class=\"s2\">e pr\u00e9sident de l\u2019Autorit\u00e9 nationale ind\u00e9pendante des \u00e9lections (ANIE), Mohamed Charfi, fait un aveu lourd de sens. Il affirme clairement qu\u2019il a \u00e9t\u00e9 charg\u00e9 de cette mission par le chef d\u2019\u00e9tat-major de l\u2019ANP, Ahmed Ga\u00efd Salah, d\u00e9c\u00e9d\u00e9 lundi dernier d\u2019une crise cardiaque et enterr\u00e9, hier, au cimeti\u00e8re d\u2019El Alia, \u00e0 Alger.<\/span><\/p>\n<p class=\"p4\"><span class=\"s2\">Hallucinant\u00a0! <em>\u00abNous esp\u00e9rons \u00eatre la hauteur de cette mission qui nous \u00e9t\u00e9 confi\u00e9e par Dieu, gr\u00e2ce \u00e0 l\u2019interm\u00e9diaire de cet homme int\u00e8gre<\/em> (Ga\u00efd Salah, ndlr)<em>, lorsqu\u2019il nous a charg\u00e9 personnellement de prendre cette responsabilit\u00e9 importante\u00bb<\/em>, a-t-il d\u00e9clar\u00e9, avant-hier au micro de l\u2019ENTV, qui lui a donn\u00e9 la parole pour rendre un dernier hommage au d\u00e9funt. La d\u00e9claration n\u2019est pas pass\u00e9e inaper\u00e7ue.<\/span><\/p>\n<p class=\"p4\"><span class=\"s2\">La VAR DZ \u2013 un syst\u00e8me cr\u00e9\u00e9 sur le r\u00e9seau Facebook pour d\u00e9masquer tous les clients du r\u00e9gime qui changent de positions au gr\u00e9 des situation \u2013 l\u2019a saisie \u00e0 la vol\u00e9e et fait une comparaison avec ses d\u00e9clarations \u00e0 l\u2019occasion de son installation officielle, le 15 septembre dernier, \u00e0 la t\u00eate de l\u2019ANIE.<\/span><\/p>\n<p class=\"p4\"><span class=\"s2\">Lors de cette c\u00e9r\u00e9monie, \u00e0 laquelle a particip\u00e9 le porte-parole du panel du dialogue, Karim Youn\u00e8s, Mohamed Charfi avait remerci\u00e9 <em>\u00abses pairs membres de l\u2019Autorit\u00e9 des \u00e9lections pour l\u2019avoir pl\u00e9biscit\u00e9\u00bb<\/em>.<\/span><\/p>\n<p class=\"p4\"><span class=\"s2\"><em>\u00abJe vous remercie de m\u2019avoir pl\u00e9biscit\u00e9 pour pr\u00e9sider cette instance et participer au passage du t\u00e9moins \u00e0 la nouvelle g\u00e9n\u00e9ration\u00bb<\/em>, avait-il lanc\u00e9. Le choix des membres de l\u2019ANIE et la mani\u00e8re avec laquelle elle a \u00e9t\u00e9 install\u00e9e avait, rappelons-le, suscit\u00e9, \u00e0 l\u2019\u00e9poque d\u00e9j\u00e0, des doutes.<\/span><\/p>\n<p class=\"p4\"><span class=\"s2\">Tout a \u00e9t\u00e9 fait dans la pr\u00e9cipitation. Juste apr\u00e8s la suggestion par le chef d\u2019\u00e9tat-major de l\u2019ANP de la date de la convocation du corps \u00e9lectoral pour la pr\u00e9sidentielle du 12 d\u00e9cembre dernier, la machine a \u00e9t\u00e9 mise en branle pour respecter ce d\u00e9lai.<\/span><\/p>\n<p class=\"p4\"><span class=\"s2\">Le panel du dialogue et de la m\u00e9diation conduit par Karim Youn\u00e8s a \u00e9t\u00e9 contraint de cl\u00f4turer son processus et faire l\u2019impasse sur la conf\u00e9rence nationale qui \u00e9tait au programme en vue d\u2019arriver \u00e0 <em>\u00abune d\u00e9marche consensuelle de sortie de crise\u00bb.<\/em><\/span><\/p>\n<p class=\"p4\"><span class=\"s2\">Aussit\u00f4t apr\u00e8s la remise de son rapport au chef de l\u2019Etat, l\u2019ancien pr\u00e9sident de l\u2019APN a \u00e9t\u00e9 charg\u00e9 d\u2019entamer les contacts en vue de constituer l\u2019Autorit\u00e9 ind\u00e9pendante des \u00e9lections.<\/span><\/p>\n<p class=\"p4\"><span class=\"s2\">Et la liste de ses membres a \u00e9t\u00e9 vite pr\u00e9par\u00e9e. Eclips\u00e9 de la sc\u00e8ne depuis son limogeage du gouvernement, en septembre 2013, Mohamed Charfi figure parmi les membres choisis et il devient pr\u00e9sident de l\u2019ANIE, \u00e0 l\u2019issue d\u2019une c\u00e9r\u00e9monie organis\u00e9e \u00e0 l\u2019h\u00f4tel El\u00a0Djazair (ex-St George). Et c\u2019\u00e9tait la surprise pour tous les observateurs de la sc\u00e8ne nationale.<\/span><\/p>\n<p class=\"p4\"><span class=\"s2\">En tout cas, sa d\u00e9claration d\u2019avant-hier constitue une v\u00e9ritable remise en cause de toute la d\u00e9marche mise en \u0153uvre par le pouvoir, depuis le mois de septembre dernier, pour organiser le dernier scrutin pr\u00e9sidentiel. La cooptation est une culture chez les r\u00e9gimes qui a fini par \u00eatre d\u00e9nonc\u00e9e de l\u2019int\u00e9rieur\u2026<\/span><\/p>\n<p><span class=\"post-views-label\">Post Views:<\/span> <span class=\"post-views-count\">11\u00a0745<\/span><\/p>\n<p><br class=\"c2\"\/><\/p>\n<p>Auteur: Anis Khecheba<br \/>\n<a href=\"https:\/\/www.elwatan.com\/edition\/actualite\/laveu-troublant-de-mohamed-charfi-26-12-2019\">Cliquez ici pour lire l&rsquo;article depuis sa source.<\/a><\/p>\n","protected":false},"excerpt":{"rendered":"<p>Photo : B. Souhil Le pr\u00e9sident de l\u2019Autorit\u00e9 nationale ind\u00e9pendante des \u00e9lections (ANIE), Mohamed Charfi, fait un aveu lourd de sens. Il affirme clairement qu\u2019il a \u00e9t\u00e9 charg\u00e9 de cette mission par le chef d\u2019\u00e9tat-major de l\u2019ANP, Ahmed Ga\u00efd Salah, d\u00e9c\u00e9d\u00e9 lundi dernier d\u2019une crise cardiaque et enterr\u00e9, hier, au cimeti\u00e8re d\u2019El Alia, \u00e0 Alger. [&hellip;]<\/p>\n","protected":false},"author":1743,"featured_media":71350,"comment_status":"closed","ping_status":"closed","sticky":false,"template":"","format":"standard","meta":{"fifu_image_url":"","fifu_image_alt":"","footnotes":""},"categories":[73,53],"tags":[],"class_list":["post-71349","post","type-post","status-publish","format-standard","has-post-thumbnail","hentry","category-actualite","category-algerie"],"_links":{"self":[{"href":"https:\/\/linitiative.ca\/International\/wp-json\/wp\/v2\/posts\/71349","targetHints":{"allow":["GET"]}}],"collection":[{"href":"https:\/\/linitiative.ca\/International\/wp-json\/wp\/v2\/posts"}],"about":[{"href":"https:\/\/linitiative.ca\/International\/wp-json\/wp\/v2\/types\/post"}],"author":[{"embeddable":true,"href":"https:\/\/linitiative.ca\/International\/wp-json\/wp\/v2\/users\/1743"}],"replies":[{"embeddable":true,"href":"https:\/\/linitiative.ca\/International\/wp-json\/wp\/v2\/comments?post=71349"}],"version-history":[{"count":0,"href":"https:\/\/linitiative.ca\/International\/wp-json\/wp\/v2\/posts\/71349\/revisions"}],"wp:featuredmedia":[{"embeddable":true,"href":"https:\/\/linitiative.ca\/International\/wp-json\/"}],"wp:attachment":[{"href":"https:\/\/linitiative.ca\/International\/wp-json\/wp\/v2\/media?parent=71349"}],"wp:term":[{"taxonomy":"category","embeddable":true,"href":"https:\/\/linitiative.ca\/International\/wp-json\/wp\/v2\/categories?post=71349"},{"taxonomy":"post_tag","embeddable":true,"href":"https:\/\/linitiative.ca\/International\/wp-json\/wp\/v2\/tags?post=71349"}],"curies":[{"name":"wp","href":"https:\/\/api.w.org\/{rel}","templated":true}]}}