{"id":71351,"date":"2019-12-26T04:11:09","date_gmt":"2019-12-26T09:11:09","guid":{"rendered":"https:\/\/linitiative.ca\/International\/mohamed-hennad-politologue-le-hirak-nest-pas-cense-designer-des-representants-le-faire-est-une-aventure-suicidaire\/"},"modified":"2019-12-26T04:11:09","modified_gmt":"2019-12-26T09:11:09","slug":"mohamed-hennad-politologue-le-hirak-nest-pas-cense-designer-des-representants-le-faire-est-une-aventure-suicidaire","status":"publish","type":"post","link":"https:\/\/linitiative.ca\/International\/mohamed-hennad-politologue-le-hirak-nest-pas-cense-designer-des-representants-le-faire-est-une-aventure-suicidaire\/","title":{"rendered":"Mohamed Hennad. Politologue : \u00abLe hirak n\u2019est pas cens\u00e9 d\u00e9signer des repr\u00e9sentants, le\u00a0faire est une aventure suicidaire\u00bb"},"content":{"rendered":"<h4 class=\"title-14\"\/>\n<div class=\"featured_image\"><img loading=\"lazy\" decoding=\"async\" width=\"600\" height=\"589\" src=\"https:\/\/www.elwatan.com\/wp-content\/uploads\/2019\/12\/hennad.gif\" class=\"attachment-post-thumbnail size-post-thumbnail wp-post-image\" alt=\"Mohamed Hennad. Politologue : \u00abLe hirak n\u2019est pas cens\u00e9 d\u00e9signer des repr\u00e9sentants, le faire est une aventure suicidaire\u00bb\"\/><\/div>\n<p class=\"p4\"><em><strong><span class=\"s1\">\u2013 Tebboune a tendu la main au hirak, l\u2019invitant \u00e0 pr\u00e9senter des repr\u00e9sentants et de s\u2019organiser afin de dialoguer avec le pouvoir. Que pensez-vous de cette offre de dialogue qui a suscit\u00e9 de la m\u00e9fiance et une grande suspicion\u00a0?<\/span><\/strong><\/em><\/p>\n<p class=\"p4\"><span class=\"s1\">Vous savez, cette id\u00e9e de main tendue est trop souvent une simple clause de style. Elle est g\u00e9n\u00e9ralement \u00e9voqu\u00e9e \u00e0 la suite d\u2019un fait accompli qui ne laisse gu\u00e8re de choix \u00e0 la partie concern\u00e9e que d\u2019accepter un dialogue qui comporte toujours le risque d\u2019\u00eatre trop asym\u00e9trique.<\/span><\/p>\n<p class=\"p4\"><span class=\"s1\">Je continue \u00e0 penser que le hirak n\u2019est pas cens\u00e9 d\u00e9signer des repr\u00e9sentants et, d\u2019ailleurs, ce n\u2019est nullement une bonne id\u00e9e. Bien au contraire, ce serait une aventure suicidaire.<\/span><\/p>\n<p class=\"p4\"><span class=\"s1\">Maintenant qu\u2019un nouveau pr\u00e9sident de la R\u00e9publique est \u00e9lu, c\u2019est au pouvoir de proposer les voies et moyens susceptibles de mettre fin \u00e0 la crise politique. A charge pour l\u2019opinion publique d\u2019en juger la pertinence.<\/span><\/p>\n<p class=\"p4\"><em><strong><span class=\"s1\">\u2013 Beaucoup d\u2019hommes de loi estiment que la justice est toujours aux ordres. Ils en veulent pour preuve le nombre d\u2019arrestations qui a augment\u00e9 depuis l\u2019\u00e9lection du 12 d\u00e9cembre et les d\u00e9tenus qui sont toujours en prison. Il n\u2019y a aucun signe d\u2019apaisement de la part du r\u00e9gime. Que cherche-t-il\u00a0?<\/span><\/strong><\/em><\/p>\n<p class=\"p4\"><span class=\"s1\">Il faut faire, quand m\u00eame, la part des choses. D\u2019abord, l\u2019institution judiciaire ne peut pas se lib\u00e9rer compl\u00e8tement de la tutelle du pouvoir en un temps si court. Surtout au vu de sa situation avant le hirak qui l\u2019a aid\u00e9e \u00e0 commencer son processus d\u2019ind\u00e9pendance.<\/span><\/p>\n<p class=\"p4\"><span class=\"s1\">Ensuite, qu\u2019on l\u2019admette ou non, l\u2019Alg\u00e9rie traverse bien une p\u00e9riode transitoire. Preuve en est les appels au dialogue, que ce soit c\u00f4t\u00e9 pouvoir ou c\u00f4t\u00e9 hirak, pour s\u2019entendre sur la mani\u00e8re dont le pays doit \u00eatre le mieux g\u00e9r\u00e9. Enfin, l\u2019ind\u00e9pendance de la justice reste tributaire de la qualit\u00e9 du magistrat, non seulement d\u2019un point de vue \u00e9thique mais aussi du point de vue formation.<\/span><\/p>\n<p class=\"p4\"><span class=\"s1\">Et le moins que l\u2019on puisse dire est que la formation de ces magistrats laisse souvent \u00e0 d\u00e9sirer, vu la situation d\u00e9plorable dans laquelle se trouve l\u2019enseignement sup\u00e9rieur en Alg\u00e9rie. Ajoutez \u00e0 tout cela la nature de la culture nationale qui n\u2019aide pas \u00e0 vaincre le n\u00e9potisme.<\/span><\/p>\n<p class=\"p4\"><span class=\"s1\">Ceci dit, il faut s\u2019attendre \u00e0 un certain apaisement de la part du r\u00e9gime dans les prochains jours. Les mesures seront-elles sinc\u00e8res et suffisantes\u00a0? Attendons pour voir\u00a0!<\/span><\/p>\n<p class=\"p4\"><em><strong><span class=\"s1\">\u2013 Une partie des Alg\u00e9riens, notamment ceux qui ont tourn\u00e9 le dos au scrutin du 12 d\u00e9cembre, revendiquaient une p\u00e9riode de transition. Si cette option n\u2019est plus de mise, quelle serait alors l\u2019alternative pour le pays\u00a0?<\/span><\/strong><\/em><\/p>\n<p class=\"p5\"><span class=\"s1\">Force est de constater que la derni\u00e8re \u00e9lection n\u2019a nullement r\u00e9solu la crise du pouvoir\u00a0! Peut-\u00eatre bien au contraire. D\u2019abord la faiblesse du taux de participation enregistr\u00e9 dans une \u00e9lection aussi d\u00e9cisive pour l\u2019avenir du pays, cette foi-ci plus que jamais\u00a0! Ensuite le fait qu\u2019une r\u00e9gion toute enti\u00e8re n\u2019ait pas vot\u00e9.<\/span><\/p>\n<p class=\"p5\"><span class=\"s1\">A vrai dire, nous continuons, depuis l\u2019annulation de l\u2019inf\u00e2me 5<sup>e<\/sup> mandat, \u00e0 vivre une transition politique. Et cette transition ne saurait prendre fin tant qu\u2019on ne se sera pas entendu sur un processus \u00e9lectoral, qui sera couronn\u00e9 par un scrutin dont les r\u00e9sultats ne seront pas contest\u00e9s.<\/span><\/p>\n<p class=\"p4\"><em><strong><span class=\"s1\">\u2013 La disparition de Ga\u00efd Salah, le tout-puissant chef de l\u2019arm\u00e9e, va-t-elle chambouler les calculs de l\u2019\u00e9tat-major et du pouvoir ?<\/span><\/strong><\/em><\/p>\n<p class=\"p5\"><span class=\"s1\">Je ne pense pas, du moins pour le court terme. Ceci, pour deux raisons\u00a0: primo, le haut commandement de l\u2019arm\u00e9e a travaill\u00e9 et pris beaucoup de d\u00e9cisions ensemble, sous la houlette du d\u00e9funt, pendant de longs mois.<\/span><\/p>\n<p class=\"p5\"><span class=\"s1\">Deuxio, ce commandement ne peut pas se permettre de changer de cap du jour au lendemain au risque d\u2019ajouter de l\u2019huile sur le feu de la crise du pouvoir que conna\u00eet l\u2019Alg\u00e9rie depuis le d\u00e9but du hirak contre le 5<sup>e<\/sup> mandat.<\/span><\/p>\n<p class=\"p5\"><span class=\"s1\">Bien au contraire, les chefs militaires vont essayer de mettre \u00e0 profit l\u2019empathie publique que la mort, survenue pr\u00e9cocement, a induite afin de trouver un moyen de sortir de l\u2019impasse \u00e0 laquelle a conduit la derni\u00e8re \u00e9lection. Mais, reste \u00e0 savoir si cette empathie va durer le temps n\u00e9cessaire pour faire cesser le hirak.<\/span><\/p>\n<p class=\"p4\"><em><strong><span class=\"s1\">\u2013 Son d\u00e9c\u00e8s va-t-il impacter le d\u00e9but de r\u00e8gne du nouveau pr\u00e9sident, Abdelmadjid Tebboune, que d\u2019aucuns pr\u00e9sentent comme \u00e9tant tr\u00e8s proche du d\u00e9sormais ex-patron de l\u2019ANP et qui souffre surtout de l\u00e9gitimit\u00e9 en raison du rejet du scrutin par la majorit\u00e9 des Alg\u00e9riens\u00a0?<\/span><\/strong><\/em><\/p>\n<p class=\"p5\"><span class=\"s1\">Il me semble que la mort subite d\u2019Ahmed Ga\u00efd Salah, une semaine \u00e0 peine apr\u00e8s l\u2019investiture de M. Tebboune, a \u00e9t\u00e9 un coup tr\u00e8s dur pour le nouveau Pr\u00e9sident, parce qu\u2019elle est survenue au moment o\u00f9 celui-ci avait le plus besoin de son \u00abaccompagnement\u00bb.<\/span><\/p>\n<p class=\"p5\"><span class=\"s1\">Si le retrait ou la disparition du chef d\u2019\u00e9tat-major avait eu lieu apr\u00e8s quelques mois, cela aurait \u00e9t\u00e9 b\u00e9n\u00e9fique pour M. Tebboune qui sera, ainsi, plus libre de ses mouvements gr\u00e2ce \u00e0 son affranchissement d\u2019une tutelle qui aurait \u00e9t\u00e9 trop lourde \u00e0 supporter.<\/span><\/p>\n<p class=\"p5\"><span class=\"s1\">Ceci dit, il faut attendre les actes du nouveau chef d\u2019\u00e9tat-major, que d\u2019aucuns n\u2019ont pas tard\u00e9 \u00e0 le pr\u00e9senter comme le bon choix pour ses qualit\u00e9s tant intellectuelles que professionnelles. Mais il faut ajouter aussi le facteur hirak et la mani\u00e8re dont celui-ci \u00e9voluera.<\/span><\/p>\n<p class=\"p4\"><em><strong><span class=\"s1\">\u2013 Les partis politiques qui \u00e9taient, depuis 1962, au pouvoir, notamment le FLN et le RND, sont sur le d\u00e9clin. Avec quelle majorit\u00e9 va gouverner le nouveau locataire d\u2019El\u00a0Mouradia\u00a0?<\/span><\/strong><\/em><\/p>\n<p class=\"p5\"><span class=\"s1\">Rappelons-nous que M. Tebboune s\u2019est pr\u00e9sent\u00e9 comme \u00abcandidat libre\u00bb, alors qu\u2019il \u00e9tait membre du comit\u00e9 central du FLN, lequel avait, \u00e0 notre grand \u00e9tonnement et pour des raisons qui gagneraient \u00e0 \u00eatre \u00e9lucid\u00e9es, d\u00e9cid\u00e9 de soutenir le candidat d\u2019un autre parti, le RND en l\u2019occurrence\u00a0!<\/span><\/p>\n<p class=\"p5\"><span class=\"s1\">Le nouveau Pr\u00e9sident semble chercher sa \u00abmajorit\u00e9\u00bb en dehors des partis, plut\u00f4t aupr\u00e8s du hirak dont il se r\u00e9clame. Il tient \u00e0 \u00e9viter d\u2019\u00eatre soutenu par un quelconque parti, notamment le FLN et le RND, car un tel soutien confirmerait la continuit\u00e9 dans l\u2019absurdit\u00e9. De toute fa\u00e7on, l\u2019\u00e8re du FLN et du RND semble r\u00e9volue et le pays sera heureux d\u2019apprendre leur disparition totale de la sc\u00e8ne politique.<\/span><\/p>\n<p class=\"p5\"><span class=\"s1\">Pour la majorit\u00e9 des Alg\u00e9riens, ces deux partis ont \u00e9t\u00e9 les supp\u00f4ts d\u2019un pouvoir qui a \u00abfoutu\u00bb le chaos dans le pays et dilapid\u00e9 ses ressources aussi bien humaines que mat\u00e9rielles\u2026. A moins d\u2019un renversement impr\u00e9visible de la situation. Car, ne l\u2019oublions jamais, \u00abl\u2019Etat profond\u00bb a la peau dure.<\/span><\/p>\n<p class=\"p5\"><span class=\"s1\">Cependant, la majorit\u00e9 que le nouveau Pr\u00e9sident recherche ne semble gu\u00e8re \u00e0 la port\u00e9e de sa main, vu les conditions dans lesquelles son \u00e9lection s\u2019est d\u00e9roul\u00e9e. Aussi, il va certainement tenter de changer la donne \u00e0 son profit, notamment \u00e0 travers la satisfaction de certaines revendications que le hirak ne cesse de mettre en avant depuis le d\u00e9but.<\/span><\/p>\n<p class=\"p5\"><span class=\"s1\">D\u2019ailleurs, l\u2019on ne voit pas comment le dialogue auquel le nouveau Pr\u00e9sident a appel\u00e9 pourra commencer avant que ne soient consentis des gages de bonne volont\u00e9 et sans qu\u2019un minimum de confiance n\u2019e\u00fbt pas \u00e9t\u00e9 pr\u00e9alablement \u00e9tabli.<\/span><\/p>\n<p><span class=\"post-views-label\">Post Views:<\/span> <span class=\"post-views-count\">5\u00a0103<\/span><\/p>\n<p><br class=\"c2\"\/><\/p>\n<p>Auteur: Anis Khecheba<br \/>\n<a href=\"https:\/\/www.elwatan.com\/edition\/actualite\/le-hirak-nest-pas-cense-designer-des-representants-le-faire-est-une-aventure-suicidaire-26-12-2019\">Cliquez ici pour lire l&rsquo;article depuis sa source.<\/a><\/p>\n","protected":false},"excerpt":{"rendered":"<p>\u2013 Tebboune a tendu la main au hirak, l\u2019invitant \u00e0 pr\u00e9senter des repr\u00e9sentants et de s\u2019organiser afin de dialoguer avec le pouvoir. Que pensez-vous de cette offre de dialogue qui a suscit\u00e9 de la m\u00e9fiance et une grande suspicion\u00a0? Vous savez, cette id\u00e9e de main tendue est trop souvent une simple clause de style. Elle [&hellip;]<\/p>\n","protected":false},"author":1743,"featured_media":71352,"comment_status":"closed","ping_status":"closed","sticky":false,"template":"","format":"standard","meta":{"fifu_image_url":"","fifu_image_alt":"","footnotes":""},"categories":[73,53],"tags":[],"class_list":["post-71351","post","type-post","status-publish","format-standard","has-post-thumbnail","hentry","category-actualite","category-algerie"],"_links":{"self":[{"href":"https:\/\/linitiative.ca\/International\/wp-json\/wp\/v2\/posts\/71351","targetHints":{"allow":["GET"]}}],"collection":[{"href":"https:\/\/linitiative.ca\/International\/wp-json\/wp\/v2\/posts"}],"about":[{"href":"https:\/\/linitiative.ca\/International\/wp-json\/wp\/v2\/types\/post"}],"author":[{"embeddable":true,"href":"https:\/\/linitiative.ca\/International\/wp-json\/wp\/v2\/users\/1743"}],"replies":[{"embeddable":true,"href":"https:\/\/linitiative.ca\/International\/wp-json\/wp\/v2\/comments?post=71351"}],"version-history":[{"count":0,"href":"https:\/\/linitiative.ca\/International\/wp-json\/wp\/v2\/posts\/71351\/revisions"}],"wp:featuredmedia":[{"embeddable":true,"href":"https:\/\/linitiative.ca\/International\/wp-json\/"}],"wp:attachment":[{"href":"https:\/\/linitiative.ca\/International\/wp-json\/wp\/v2\/media?parent=71351"}],"wp:term":[{"taxonomy":"category","embeddable":true,"href":"https:\/\/linitiative.ca\/International\/wp-json\/wp\/v2\/categories?post=71351"},{"taxonomy":"post_tag","embeddable":true,"href":"https:\/\/linitiative.ca\/International\/wp-json\/wp\/v2\/tags?post=71351"}],"curies":[{"name":"wp","href":"https:\/\/api.w.org\/{rel}","templated":true}]}}