{"id":71353,"date":"2019-12-26T04:12:05","date_gmt":"2019-12-26T09:12:05","guid":{"rendered":"https:\/\/linitiative.ca\/International\/mouvement-de-contestation-populaire-a-quand-la-liberation-des-detenus\/"},"modified":"2019-12-26T04:12:05","modified_gmt":"2019-12-26T09:12:05","slug":"mouvement-de-contestation-populaire-a-quand-la-liberation-des-detenus","status":"publish","type":"post","link":"https:\/\/linitiative.ca\/International\/mouvement-de-contestation-populaire-a-quand-la-liberation-des-detenus\/","title":{"rendered":"Mouvement de contestation populaire : A quand la lib\u00e9ration des d\u00e9tenus ?"},"content":{"rendered":"<h4 class=\"title-14\"\/>\n<div class=\"featured_image\"><img loading=\"lazy\" decoding=\"async\" width=\"1000\" height=\"699\" src=\"https:\/\/www.elwatan.com\/wp-content\/uploads\/2019\/12\/prison-sami-k-col.gif\" class=\"attachment-post-thumbnail size-post-thumbnail wp-post-image\" alt=\"Mouvement de contestation populaire : A quand la lib\u00e9ration des d\u00e9tenus ?\"\/><span class=\"featured-image-caption\">Photo : Sami K.<\/span><\/div>\n<p class=\"p4\"><strong>Ces derniers jours, 22 d\u00e9tenus du mouvement populaire ont \u00e9t\u00e9 lib\u00e9r\u00e9s. Le premier contingent, compos\u00e9 de 13 personnes incarc\u00e9r\u00e9es en juin, a \u00e9t\u00e9 \u00e9largi apr\u00e8s avoir purg\u00e9 une peine de 6 mois de prison ferme \u00e0 la maison d\u2019arr\u00eat d\u2019El Harrach.<\/strong><\/p>\n<p class=\"p4\"><span class=\"s1\"><strong>D<\/strong><\/span><span class=\"s1\">es manifestants du mouvement populaire continuent de croupir en prison. Ces derni\u00e8res heures, des d\u00e9tenus d\u2019opinion, incarc\u00e9r\u00e9s le 21 juin pour port de l\u2019embl\u00e8me amazigh, ont \u00e9t\u00e9 remis en libert\u00e9 avoir purg\u00e9 leur peine.<\/span><\/p>\n<p class=\"p4\"><span class=\"s1\">Une dizaine d\u2019autres ont vu leur peine r\u00e9duite par la cour d\u2019Alger. Y a-t-il volont\u00e9 des autorit\u00e9s d\u2019aller vers l\u2019apaisement et ainsi converger<\/span> <span class=\"s1\">vers le dialogue annonc\u00e9 par le chef de l\u2019Etat, Abdelmadjid Tebboune\u00a0? <em>\u00abNous n\u2019avons constat\u00e9 aucune volont\u00e9 d\u2019apaisement chez les autorit\u00e9s.<\/em><\/span><\/p>\n<p class=\"p4\"><span class=\"s1\"><em>Les premiers d\u00e9tenus lib\u00e9r\u00e9s ont purg\u00e9 leurs peines. Pour le deuxi\u00e8me groupe qui a comparu devant la cour d\u2019Alger, il y a eu r\u00e9duction de la peine \u00e0 cinq jours de la date butoir. Il n\u2019y a absolument pas de volont\u00e9 d\u2019apaiser, sinon comment maintenir en prison le commandant Lakhdar Bourega\u00e2 alors qu\u2019il est \u00e2g\u00e9 (87 ans) et malade.<\/em><\/span><\/p>\n<p class=\"p4\"><span class=\"s1\"><em>Et puis les arrestations se sont poursuivies ces derniers jours. Vendredi dernier, deux filles franco-alg\u00e9riennes et leur m\u00e8re ont \u00e9t\u00e9 interpell\u00e9es pour avoir pris des photographies, avant d\u2019\u00eatre remises en libert\u00e9. Une \u00e9tudiante a \u00e9t\u00e9 plac\u00e9e en d\u00e9tention pour \u2018\u2018atteinte au moral de l\u2019arm\u00e9e\u2019\u2019.<\/em><\/span><\/p>\n<p class=\"p4\"><span class=\"s1\"><em>Et puis demain jeudi (aujourd\u2019hui), il y aura \u00e0 Skikda le proc\u00e8s en appel du militant Messaoud Leftissi poursuivi pour \u2018\u2018incitation \u00e0 attroupement non arm\u00e9\u2019\u2019. Donc rien ne nous permet de parler d\u2019une volont\u00e9 d\u2019apaisement\u00bb<\/em>, s\u2019offusque Kaci Tansaout, coordinateur du Comit\u00e9 pour la lib\u00e9ration des d\u00e9tenus d\u2019opinion (CNLD).<\/span><\/p>\n<p class=\"p4\"><span class=\"s1\">A ce jour, il y aurait au moins 300 d\u00e9tenus du mouvement populaire \u00e0 avoir \u00e9t\u00e9 plac\u00e9s en d\u00e9tention pr\u00e9ventive pour plusieurs chefs d\u2019inculpation\u00a0: atteinte \u00e0 l\u2019unit\u00e9 et\/ou la s\u00e9curit\u00e9 nationale, attroupement arm\u00e9 ou non arm\u00e9\u2026 <em>\u00abNous ne disposons pas des chiffres exacts. Parfois, nous apprenons trop retard le placement d\u2019un d\u00e9tenu sous mandat de d\u00e9p\u00f4t.<\/em><\/span><\/p>\n<p class=\"p4\"><span class=\"s1\"><em>D\u2019ailleurs, le minist\u00e8re de la Justice et la police doivent communiquer sur le nombre exacte\u00bb<\/em>, sugg\u00e8re le coordinateur du CNLD, qui fait un inventaire r\u00e9gulier des d\u00e9tentions.<\/span><\/p>\n<p class=\"p4\"><span class=\"s1\">Ces derniers jours, 22 d\u00e9tenus du mouvement populaire ont \u00e9t\u00e9 lib\u00e9r\u00e9s. Le premier contingent compos\u00e9 de 13 personnes, incarc\u00e9r\u00e9es en juin, a \u00e9t\u00e9 \u00e9largi apr\u00e8s avoir purg\u00e9 une peine de 6 mois de prison ferme \u00e0 la maison d\u2019arr\u00eat d\u2019El Harrach.<\/span><\/p>\n<p class=\"p4\"><span class=\"s1\"><strong>Les d\u00e9tenus rejoindront les marches hebdomadaires<\/strong><\/span><\/p>\n<p class=\"p4\"><span class=\"s1\">Mardi, 9 autres d\u00e9tenus, qui devaient quitter la prison le lundi 30 d\u00e9cembre (condamn\u00e9s \u00e0 1 an de prison dont 6 mois avec sursis), ont vu leurs peines r\u00e9duites \u00e0 6 mois de prison, dont 3 mois avec sursis par la cour d\u2019Alger.<\/span><\/p>\n<p class=\"p4\"><span class=\"s1\">Une fois dehors, les d\u00e9tenus ont t\u00e9moign\u00e9 de leurs conditions d\u2019incarc\u00e9ration <em>\u00abinhumaines\u00bb. \u00abLa situation en prison \u00e9tait tr\u00e8s difficile pour les d\u00e9tenus d\u2019opinion. Il n\u2019y avait aucune hygi\u00e8ne, la nourriture \u00e9tait infecte\u2026<\/em><\/span><\/p>\n<p class=\"p4\"><span class=\"s1\"><em>Les prisonniers se contentaient de manger pour survivre. Ils se partageaient ce qu\u2019apportaient les familles chaque 15 jours\u00bb<\/em>, s\u2019alarme Tansaout.<\/span><\/p>\n<p class=\"p4\"><span class=\"s1\">Le CNLD, qui a exig\u00e9 la lib\u00e9ration des d\u00e9tenus, assure qu\u2019il milite pour la r\u00e9habilitation\u00a0des prisonniers injustement condamn\u00e9s. <em>\u00abNous continuerons d\u2019exiger la lib\u00e9ration des d\u00e9tenus injustement incarc\u00e9r\u00e9s. Nous demandons aussi r\u00e9paration apr\u00e8s ces mois de d\u00e9tention arbitraire\u00bb<\/em>, rel\u00e8ve le coordinateur.<\/span><\/p>\n<p class=\"p4\"><span class=\"s1\">Le Comit\u00e9 compte maintenir le combat apr\u00e8s la lib\u00e9ration des prisonniers qui devront rejoindre les marches hebdomadaires o\u00f9 un carr\u00e9 leur sera r\u00e9serv\u00e9, annonce le coordinateur. Ev\u00e9nement heureux apr\u00e8s des mois d\u2019incarc\u00e9ration\u00a0: un des d\u00e9tenus rejoindra l\u2019\u00e9quipe de la JSK.<\/span><\/p>\n<p class=\"p4\"><span class=\"s1\"><em>\u00abDjaber Aibeche, priv\u00e9 de son poste et originaire d\u2019El Milia (Jijel), r\u00e9sidant \u00e0 Alger, sera avec la JSK \u00e0 partir de janvier 2020.\u00bb<\/em> L\u2019ancien joueur du RCK, qui a purg\u00e9 sa peine lundi 23 d\u00e9cembre, retrouvera les terrains de football avec les Canaris.<\/span><\/p>\n<p class=\"p4\"><span class=\"s1\"><em>\u00abLe pr\u00e9sident de la JSK (Cherif Mellal) et l\u2019\u00e9quipe de Berb\u00e8re TV ont re\u00e7u \u00e0 cette occasion, symboliquement, des dipl\u00f4mes de reconnaissance, et ce, \u00e0 la maison de Aibeche en ce mardi 24 d\u00e9cembre\u00bb<\/em>, signale le Comit\u00e9 sur sa page Facebook.<\/span><\/p>\n<p><span class=\"post-views-label\">Post Views:<\/span> <span class=\"post-views-count\">1\u00a0975<\/span><\/p>\n<p><br class=\"c2\"\/><\/p>\n<p>Auteur: Anis Khecheba<br \/>\n<a href=\"https:\/\/www.elwatan.com\/edition\/actualite\/a-quand-la-liberation-des-detenus-26-12-2019\">Cliquez ici pour lire l&rsquo;article depuis sa source.<\/a><\/p>\n","protected":false},"excerpt":{"rendered":"<p>Photo : Sami K. Ces derniers jours, 22 d\u00e9tenus du mouvement populaire ont \u00e9t\u00e9 lib\u00e9r\u00e9s. Le premier contingent, compos\u00e9 de 13 personnes incarc\u00e9r\u00e9es en juin, a \u00e9t\u00e9 \u00e9largi apr\u00e8s avoir purg\u00e9 une peine de 6 mois de prison ferme \u00e0 la maison d\u2019arr\u00eat d\u2019El Harrach. Des manifestants du mouvement populaire continuent de croupir en prison. [&hellip;]<\/p>\n","protected":false},"author":1743,"featured_media":71354,"comment_status":"closed","ping_status":"closed","sticky":false,"template":"","format":"standard","meta":{"fifu_image_url":"","fifu_image_alt":"","footnotes":""},"categories":[73,53],"tags":[],"class_list":["post-71353","post","type-post","status-publish","format-standard","has-post-thumbnail","hentry","category-actualite","category-algerie"],"_links":{"self":[{"href":"https:\/\/linitiative.ca\/International\/wp-json\/wp\/v2\/posts\/71353","targetHints":{"allow":["GET"]}}],"collection":[{"href":"https:\/\/linitiative.ca\/International\/wp-json\/wp\/v2\/posts"}],"about":[{"href":"https:\/\/linitiative.ca\/International\/wp-json\/wp\/v2\/types\/post"}],"author":[{"embeddable":true,"href":"https:\/\/linitiative.ca\/International\/wp-json\/wp\/v2\/users\/1743"}],"replies":[{"embeddable":true,"href":"https:\/\/linitiative.ca\/International\/wp-json\/wp\/v2\/comments?post=71353"}],"version-history":[{"count":0,"href":"https:\/\/linitiative.ca\/International\/wp-json\/wp\/v2\/posts\/71353\/revisions"}],"wp:featuredmedia":[{"embeddable":true,"href":"https:\/\/linitiative.ca\/International\/wp-json\/"}],"wp:attachment":[{"href":"https:\/\/linitiative.ca\/International\/wp-json\/wp\/v2\/media?parent=71353"}],"wp:term":[{"taxonomy":"category","embeddable":true,"href":"https:\/\/linitiative.ca\/International\/wp-json\/wp\/v2\/categories?post=71353"},{"taxonomy":"post_tag","embeddable":true,"href":"https:\/\/linitiative.ca\/International\/wp-json\/wp\/v2\/tags?post=71353"}],"curies":[{"name":"wp","href":"https:\/\/api.w.org\/{rel}","templated":true}]}}