{"id":71355,"date":"2019-12-26T09:42:00","date_gmt":"2019-12-26T14:42:00","guid":{"rendered":"https:\/\/linitiative.ca\/International\/taoufik-bourgou-sommes-nous-desormais-en-guerre-en-libye-et-aux-cotes-de-la-turquie\/"},"modified":"2019-12-26T09:42:00","modified_gmt":"2019-12-26T14:42:00","slug":"taoufik-bourgou-sommes-nous-desormais-en-guerre-en-libye-et-aux-cotes-de-la-turquie","status":"publish","type":"post","link":"https:\/\/linitiative.ca\/International\/taoufik-bourgou-sommes-nous-desormais-en-guerre-en-libye-et-aux-cotes-de-la-turquie\/","title":{"rendered":"Taoufik Bourgou: sommes-nous d\u00e9sormais en guerre en Libye et aux c\u00f4t\u00e9s de la Turquie ?"},"content":{"rendered":"<p>L\u2019annonce faite par le pr\u00e9sident turc annon\u00e7ant que la Tunisie a pris fait et cause pour le gouvernement Sarraj sonne comme l\u2019acte 1 d\u2019une recolonisation de la Tunisie par la Turquie. On pourra d\u00e9sormais avancer deux bornes historiques : \u00ab 1705 \u2013 2019 \u00bb.<\/p>\n<p>L\u2019histoire retiendra que les deux pr\u00e9tendus dictateurs qui ont gouvern\u00e9 la Tunisie entre 1956 et 2011 n\u2019ont pas fait ce qu\u2019un pr\u00e9sident \u00e9lu vient de faire : se faire imposer une guerre par une puissance moyenne, lointaine et qui est en rivalit\u00e9 avec la Gr\u00e8ce, l\u2019Egypte, Chypre, Isra\u00ebl, la France, l\u2019Italie, les Emirats Arabes Unis et l\u2019Arabie Saoudite. Voil\u00e0 ce \u00e0 quoi a aboutit le slogan \u00ab Achab yourid \u00bb et ce \u00e0 quoi a aboutit \u00ab Halet way \u00bb.<\/p>\n<p>Notre pr\u00e9sident n\u2019a pas \u00e9t\u00e9 en capacit\u00e9 de comprendre l\u2019enjeu, ni les cons\u00e9quences pr\u00e9visibles d\u2019une visite humiliante, une visite du fait accompli. Ni lui, ni son entourage n\u2019ont compris la s\u00e9miotique diplomatique de la politique de puissance d\u2019Erdogan.<\/p>\n<p>Le maitre de la Turquie s\u2019est d\u00e9plac\u00e9 avec son ministre de la d\u00e9fense, celui de la s\u00e9curit\u00e9 et celui des affaires \u00e9trang\u00e8res dans ce qui ressemble \u00e0 un remake d\u2019un accord de protectorat et une prise d\u2019un corridor pour prendre \u00e0 revers Tripoli. Avec une telle d\u00e9l\u00e9gation on ne discute pas du d\u00e9veloppement du sud de la Tunisie, on ne discute que des modalit\u00e9s techniques de la t\u00eate de pont.<br \/>Le second \u00e9pisode de cette visite de la honte sera un d\u00e9barquement massif de troupes turques, depuis ou \u00e0 c\u00f4t\u00e9 du territoire tunisien. Il s\u2019agit d\u2019une ali\u00e9nation de l\u2019ind\u00e9pendance nationale et de la mise sous tutelle du pays. Rien moins que cela.<\/p>\n<p>On ne pourrait faire de reproches, si le maitre de Carthage \u00e9tait un Marzouki ou un Ghanouchi, on attendait autre chose de Monsieur Kais Said qu\u2019une r\u00e9othmanisation du pays et une mise entre parenth\u00e8se, pour ne pas dire une rature historique de l\u2019ind\u00e9pendance du pays.<\/p>\n<p>Pire encore, le locataire de Carthage a-t-il mesur\u00e9 l\u2019impact d\u2019un tel alignement dans un pays qui compte presque un million de r\u00e9fugi\u00e9s libyens de toute tendance sur le sol national ? A-t-il jaug\u00e9 le poids des contre-alliances qu\u2019il va susciter dans le monde arabe ? A-t-il \u00e9t\u00e9 suffisamment conseill\u00e9 par son entourage qu\u2019un tel alignement couperait \u00e0 terme la Tunisie de ses partenaires naturels et surtout de l\u2019Europe occidentale ou vivent pr\u00e8s d\u2019un million de tunisiens ?<\/p>\n<p>Avec l\u2019acceptation du Diktat turc, dont les clauses resteront secr\u00e8tes et occultes, le nouveau Pr\u00e9sident de la R\u00e9publique vient d\u2019\u00e9chouer lamentablement son mandat, il montre son incapacit\u00e9 sur la sc\u00e8ne internationale apr\u00e8s avoir montr\u00e9 son impuissance sur la sc\u00e8ne nationale.<\/p>\n<p>Avec la crise gouvernementale, l\u2019alignement sur la Turquie risque de faire de la Tunisie, une sorte de Mandchoukouo sous tutelle et bient\u00f4t sous perfusion turque.<\/p>\n<p class=\"c2\"><strong>Taoufik Bourgou<\/strong><br \/><em>Professeur de science politique<\/em><\/p>\n<p>Auteur:<br \/>\n<a href=\"https:\/\/www.leaders.com.tn\/article\/28720-taoufik-bourgou-nous-sommes-desormais-en-guerre-en-libye-et-aux-cotes-de-la-turquie\">Cliquez ici pour lire l&rsquo;article depuis sa source.<\/a><\/p>\n","protected":false},"excerpt":{"rendered":"<p>L\u2019annonce faite par le pr\u00e9sident turc annon\u00e7ant que la Tunisie a pris fait et cause pour le gouvernement Sarraj sonne comme l\u2019acte 1 d\u2019une recolonisation de la Tunisie par la Turquie. On pourra d\u00e9sormais avancer deux bornes historiques : \u00ab 1705 \u2013 2019 \u00bb. L\u2019histoire retiendra que les deux pr\u00e9tendus dictateurs qui ont gouvern\u00e9 la [&hellip;]<\/p>\n","protected":false},"author":1772,"featured_media":0,"comment_status":"closed","ping_status":"closed","sticky":false,"template":"","format":"standard","meta":{"fifu_image_url":"","fifu_image_alt":"","footnotes":""},"categories":[73,55],"tags":[],"class_list":["post-71355","post","type-post","status-publish","format-standard","hentry","category-actualite","category-tunisie"],"_links":{"self":[{"href":"https:\/\/linitiative.ca\/International\/wp-json\/wp\/v2\/posts\/71355","targetHints":{"allow":["GET"]}}],"collection":[{"href":"https:\/\/linitiative.ca\/International\/wp-json\/wp\/v2\/posts"}],"about":[{"href":"https:\/\/linitiative.ca\/International\/wp-json\/wp\/v2\/types\/post"}],"author":[{"embeddable":true,"href":"https:\/\/linitiative.ca\/International\/wp-json\/wp\/v2\/users\/1772"}],"replies":[{"embeddable":true,"href":"https:\/\/linitiative.ca\/International\/wp-json\/wp\/v2\/comments?post=71355"}],"version-history":[{"count":0,"href":"https:\/\/linitiative.ca\/International\/wp-json\/wp\/v2\/posts\/71355\/revisions"}],"wp:attachment":[{"href":"https:\/\/linitiative.ca\/International\/wp-json\/wp\/v2\/media?parent=71355"}],"wp:term":[{"taxonomy":"category","embeddable":true,"href":"https:\/\/linitiative.ca\/International\/wp-json\/wp\/v2\/categories?post=71355"},{"taxonomy":"post_tag","embeddable":true,"href":"https:\/\/linitiative.ca\/International\/wp-json\/wp\/v2\/tags?post=71355"}],"curies":[{"name":"wp","href":"https:\/\/api.w.org\/{rel}","templated":true}]}}