{"id":71356,"date":"2019-12-26T10:10:00","date_gmt":"2019-12-26T15:10:00","guid":{"rendered":"https:\/\/linitiative.ca\/International\/notre-histoire-par-habib-bourguiba-jr-savourez-la-version-arabe-en-presentation-ce-samedi-28-decembre-aux-archives-nationales\/"},"modified":"2019-12-26T10:10:00","modified_gmt":"2019-12-26T15:10:00","slug":"notre-histoire-par-habib-bourguiba-jr-savourez-la-version-arabe-en-presentation-ce-samedi-28-decembre-aux-archives-nationales","status":"publish","type":"post","link":"https:\/\/linitiative.ca\/International\/notre-histoire-par-habib-bourguiba-jr-savourez-la-version-arabe-en-presentation-ce-samedi-28-decembre-aux-archives-nationales\/","title":{"rendered":"\u00ab Notre histoire \u00bb, par Habib Bourguiba Jr : savourez la version arabe en pr\u00e9sentation ce samedi 28 d\u00e9cembre aux Archives nationales"},"content":{"rendered":"<p>Vous avez aim\u00e9 les entretiens d\u2019Habib Bourguiba Jr avec Mohamed Kerrou, publi\u00e9s en langue fran\u00e7aises. Vous adorerez la version en arabe qui para\u00eetra ces jours-ci, en comm\u00e9moration du dixi\u00e8me anniversaire de son d\u00e9c\u00e8s. En deux-en-un, simultan\u00e9s, la version originale, \u00e9puis\u00e9e, b\u00e9n\u00e9ficiera d\u2019une deuxi\u00e8me \u00e9dition, enrichie, et celle en arabe viennent r\u00e9pondre \u00e0 une large demande.<br \/>La pr\u00e9sentation des deux ouvrages aura lieu ce samedi 28 d\u00e9cembre, en souvenir du jour de son d\u00e9c\u00e8s, aux Archives Nationales, Boulevard 9 avril 1938, \u00e0 partir de 10h30.<\/p>\n<p>\u00ab C\u2019est gr\u00e2ce \u00e0 la conjugaison des efforts d\u2019un groupe de personnes motiv\u00e9es et enthousiastes, \u00e0 l\u2019approbation pr\u00e9alable de Habib Bourguiba Jr et du travail consid\u00e9rable effectu\u00e9 entre 2002-2011 que la premi\u00e8re \u00e9dition de cet ouvrage a vu le jour. \u2018\u2019Notre Histoire\u2019\u2019 a, en effet, \u00e9t\u00e9 publi\u00e9 par C\u00e9r\u00e8s, en 2013, quatre ans apr\u00e8s le d\u00e9c\u00e8s de son auteur, Bourguiba Jr qui souhaitait qu\u2019il le soit, \u00e0 titre posthume. \u00bb<\/p>\n<p><span class=\"c2\"><strong>Lire aussi:<br \/><\/strong><\/span> <a href=\"https:\/\/www.leaders.com.tn\/article\/1542-bourguiba-jr-hommages-et-temoignages\"><span class=\"c2\"><strong>Bourguiba Jr : Hommages et t\u00e9moignages<\/strong><\/span><\/a><span class=\"c2\"><strong><br \/><\/strong><\/span> <a href=\"https:\/\/www.leaders.com.tn\/article\/12485-un-livre-exceptionnel-le-temoignage-de-habib-bourguiba-jr\"><span class=\"c2\"><strong>Un livre exceptionnel: le t\u00e9moignage de Habib Bourguiba Jr<\/strong><\/span><\/a><\/p>\n<p>Auteur:<br \/>\n<a href=\"https:\/\/www.leaders.com.tn\/article\/28712-notre-histoire-par-habib-bourguiba-jr-savourez-la-version-arabe-en-presentation-ce-samedi-28-decembre-aux-archives-nationales\">Cliquez ici pour lire l&rsquo;article depuis sa source.<\/a><\/p>\n","protected":false},"excerpt":{"rendered":"<p>Vous avez aim\u00e9 les entretiens d\u2019Habib Bourguiba Jr avec Mohamed Kerrou, publi\u00e9s en langue fran\u00e7aises. Vous adorerez la version en arabe qui para\u00eetra ces jours-ci, en comm\u00e9moration du dixi\u00e8me anniversaire de son d\u00e9c\u00e8s. En deux-en-un, simultan\u00e9s, la version originale, \u00e9puis\u00e9e, b\u00e9n\u00e9ficiera d\u2019une deuxi\u00e8me \u00e9dition, enrichie, et celle en arabe viennent r\u00e9pondre \u00e0 une large demande.La [&hellip;]<\/p>\n","protected":false},"author":1772,"featured_media":0,"comment_status":"closed","ping_status":"closed","sticky":false,"template":"","format":"standard","meta":{"fifu_image_url":"","fifu_image_alt":"","footnotes":""},"categories":[73,55],"tags":[],"class_list":["post-71356","post","type-post","status-publish","format-standard","hentry","category-actualite","category-tunisie"],"_links":{"self":[{"href":"https:\/\/linitiative.ca\/International\/wp-json\/wp\/v2\/posts\/71356","targetHints":{"allow":["GET"]}}],"collection":[{"href":"https:\/\/linitiative.ca\/International\/wp-json\/wp\/v2\/posts"}],"about":[{"href":"https:\/\/linitiative.ca\/International\/wp-json\/wp\/v2\/types\/post"}],"author":[{"embeddable":true,"href":"https:\/\/linitiative.ca\/International\/wp-json\/wp\/v2\/users\/1772"}],"replies":[{"embeddable":true,"href":"https:\/\/linitiative.ca\/International\/wp-json\/wp\/v2\/comments?post=71356"}],"version-history":[{"count":0,"href":"https:\/\/linitiative.ca\/International\/wp-json\/wp\/v2\/posts\/71356\/revisions"}],"wp:attachment":[{"href":"https:\/\/linitiative.ca\/International\/wp-json\/wp\/v2\/media?parent=71356"}],"wp:term":[{"taxonomy":"category","embeddable":true,"href":"https:\/\/linitiative.ca\/International\/wp-json\/wp\/v2\/categories?post=71356"},{"taxonomy":"post_tag","embeddable":true,"href":"https:\/\/linitiative.ca\/International\/wp-json\/wp\/v2\/tags?post=71356"}],"curies":[{"name":"wp","href":"https:\/\/api.w.org\/{rel}","templated":true}]}}