{"id":71361,"date":"2019-12-26T05:00:00","date_gmt":"2019-12-26T10:00:00","guid":{"rendered":"https:\/\/linitiative.ca\/International\/2019-premiere-partie\/"},"modified":"2019-12-26T05:00:00","modified_gmt":"2019-12-26T10:00:00","slug":"2019-premiere-partie","status":"publish","type":"post","link":"https:\/\/linitiative.ca\/International\/2019-premiere-partie\/","title":{"rendered":"2019&#8230; (premi\u00e8re partie)"},"content":{"rendered":"<p class=\"c3\">Il est de tradition, \u00e0 l&rsquo;approche de chaque premier janvier, de publier des bilans et des chronologies retra\u00e7ant les principaux \u00e9v\u00e9nements de l&rsquo;ann\u00e9e \u00e9coul\u00e9e. Cette fois-ci, nous avons pr\u00e9f\u00e9r\u00e9 vous faire revivre 2019 \u00e0 travers des haltes sur le formidable mouvement populaire qui l&rsquo;a travers\u00e9e de bout en bout. Du 22 f\u00e9vrier \u00e0 cette fin d\u00e9cembre, l&rsquo;ombre de Ga\u00efd Salah plane sur l&rsquo;actualit\u00e9 mouvement\u00e9e d&rsquo;une ann\u00e9e pas comme les autres. L&rsquo;Histoire retiendra qu&rsquo;il a \u00e9vinc\u00e9 le Pr\u00e9sident honni par le peuple mais pas pour le remplacer comme font g\u00e9n\u00e9ralement les militaires. Elle retiendra \u00e9galement la mise \u00e0 nu de l&rsquo;oligarchie appel\u00e9e \u00e0 rendre compte de ses m\u00e9faits devant la justice. L&rsquo;Histoire n&rsquo;oubliera pas de garder dans ses entrailles cette v\u00e9rit\u00e9 d\u00e9routante : des militaires disposant de tous les leviers qui font tout pour aller au&#8230; vote et livrer le pouvoir aux civils ! Faut-il rappeler que nous \u00e9tions franchement contre ces \u00e9lections pour la bonne raison que les conditions idoines n&rsquo;\u00e9taient pas r\u00e9unies pour l&rsquo;exercice de la d\u00e9mocratie selon les normes \u00e9tablies? Mais force est de constater que Ga\u00efd Salah, qui a promis qu&rsquo;aucune goutte de sang ne sera vers\u00e9e, est parti en tenant parole&#8230; Voici des extraits de nos chroniques depuis le d\u00e9but 2019.<br \/>\u00a0<\/p>\n<p class=\"c3\">* 31 janvier 2019 : \u00ab L&rsquo;oligarchie, compos\u00e9e de nouveaux riches dont les fortunes ont gonfl\u00e9 sur le dos du Tr\u00e9sor public, a vu son pouvoir \u00e9conomique se renforcer pour empi\u00e9ter sur le pouvoir politique&#8230;Toutes ces forces de l&rsquo;argent ne veulent pas d&rsquo;un changement car il signifie que Haddad ne pourra plus s&rsquo;amuser \u00e0 construire des stades qui co\u00fbtent plus cher que des enceintes c\u00e9l\u00e8bres d&rsquo;Europe, ni s&rsquo;\u00e9terniser sur un bout de route ou transformer des producteurs en torches vivantes dans les locaux m\u00eames de sa cha\u00eene t\u00e9l\u00e9 ! \u00ab<\/p>\n<p class=\"c3\">* 28 f\u00e9vrier 2019 : \u00abL&rsquo;un des exemples les plus grotesques de ces r\u00e9actions d&rsquo;un autre \u00e2ge est la censure audiovisuelle de ces marches ! Comme si les jeunes regardent encore le JT du 20 heures ! A l&rsquo;heure de ce sacro-saint rendez-vous de l&rsquo;info (pour les anciennes g\u00e9n\u00e9rations), il se sera pass\u00e9 pr\u00e8s de douze heures depuis que les premiers marcheurs ont pris possession de la rue. Douze heures, c&rsquo;est-\u00e0-dire 720 minutes ou 43 200 secondes ! A chaque seconde, plusieurs messages Facebook ou Twitter, des photos, des vid\u00e9os Youtube auront fait le tour de l&rsquo;Alg\u00e9rie et du monde pour porter les nouvelles des manifs !\u00a0<br \/>Nous sommes face \u00e0 des d\u00e9fis nouveaux ! Nous sommes face \u00e0 une jeunesse qui n&rsquo;a pas connu le 5 Octobre, ni le d\u00e9part de Chadli et qui \u00e9tait probablement trop jeune pour comprendre ce qui se passait dans l&rsquo;Alg\u00e9rie des ann\u00e9es 90. C&rsquo;est une jeunesse marqu\u00e9e par les clips Youtube et les tendances post-ra\u00ef de la musique, une jeunesse qui d\u00e9serte la t\u00e9l\u00e9vision pour l&rsquo;\u00e9cran, \u00e9troit mais \u00f4 combien riche, des smartphones.\u00bb<\/p>\n<p class=\"c3\">* 7 mars 2019 : \u00ab L&rsquo;arm\u00e9e s&rsquo;est exprim\u00e9e mardi par la voix du g\u00e9n\u00e9ral-major Ga\u00efd Salah. Ce qui ressort de son discours est clair : l&rsquo;ANP ne rentrera pas dans le jeu politique. Apr\u00e8s le d\u00e9rapage de Tamanrasset, Ga\u00efd Salah semble se reprendre puisqu&rsquo;il a \u00e9vit\u00e9 de porter un jugement de valeur sur les marches, se contentant de rappeler le climat de paix et de stabilit\u00e9 dans lequel se trouve le pays, fruit de la lutte et des sacrifices du peuple alg\u00e9rien.\u00bb<\/p>\n<p class=\"c3\">* 16 mars 2019 : \u00ab Le peuple a trop dormi et, pendant tout le temps o\u00f9 il faisait la sieste, une brochette d&rsquo;affairistes a mis main basse sur les richesses nationales. Le pouvoir politique, avec ses assembl\u00e9es fonctionnant \u00e0 la \u00abchkara\u00bb, s&rsquo;est mis au service de cette oligarchie envahissante. Aucun domaine n&rsquo;\u00e9chappera \u00e0 ses tentaculaires bras. Nous sommes pass\u00e9s du monopole public au monopole priv\u00e9. Les hommes d&rsquo;affaires honn\u00eates qui refusent le diktat et la soumission sont vite r\u00e9prim\u00e9s, sous une forme ou une autre ! \u00bb<\/p>\n<p class=\"c3\">* 28 mars 2019 : \u00ab Quant \u00e0 l&rsquo;arm\u00e9e, il faut savoir ce que l&rsquo;on attend exactement d&rsquo;elle ! Il y a quelque temps, des voix parmi les d\u00e9mocrates demandaient&#8230; un coup d&rsquo;Etat ! Ils avaient leurs arguments et nous avions les n\u00f4tres pour nous opposer fermement \u00e0 ces demandes. Tout en renouvelant notre reconnaissance \u00e0 l&rsquo;ANP d&rsquo;avoir \u00e9pargn\u00e9 au pays des conflits majeurs et m\u00eame une guerre civile \u00e0 large \u00e9chelle au lendemain de l&rsquo;ind\u00e9pendance ; tout en r\u00e9affirmant notre fid\u00e9lit\u00e9 au r\u00e9ajustement r\u00e9volutionnaire de juin 1965 qui a arr\u00eat\u00e9 le flou id\u00e9ologique et les errements despotiques de Ben Bella, mettant le pays sur les rails de la stabilit\u00e9 et du d\u00e9veloppement ; tout en rappelant le r\u00f4le positif de l&rsquo;arm\u00e9e en 1991\/92 pour mettre un terme \u00e0 d&rsquo;autres errements et pour sa lutte exemplaire contre le terrorisme et tout en redisant notre fiert\u00e9 pour le r\u00f4le de l&rsquo;ANP dans le retour de la s\u00e9curit\u00e9 \u00e0 Gharda\u00efa o\u00f9 le pouvoir \u00abcivil\u00bb pr\u00f4n\u00e9 par le Drabki a montr\u00e9 ses limites, nous nous opposons avec force \u00e0 une nouvelle intervention de l&rsquo;arm\u00e9e dans les affaires politiques !\u00bb<\/p>\n<p class=\"c3\">* 4 avril 2019 : \u00ab L&rsquo;ANP vient, encore une fois, d&rsquo;intervenir pour \u00e9pargner au pays de dangereuses d\u00e9rives. Cela n&rsquo;est pas nouveau. Quand \u00e7a va mal en Alg\u00e9rie, la grande muette parle ! Mais la nouveaut\u00e9, cette fois-ci, est que l&rsquo;ANP refuse de s&rsquo;investir enti\u00e8rement comme elle a l&rsquo;habitude de le faire. \u00bb<\/p>\n<p class=\"c3\">* 11 avril 2019 : \u00ab Cette Constitution, tripot\u00e9e, malax\u00e9e, souill\u00e9e, chang\u00e9e et re-chang\u00e9e, taill\u00e9e sur mesure pour votre roi ; cette Constitution bafou\u00e9e dans ses grands principes de libert\u00e9 et de dignit\u00e9 et qui ne vous int\u00e9ressait que pour prolonger les indus mandats, la voil\u00e0 qui devient la prunelle de vos yeux, l&rsquo;objet de votre adoration ! Quand cela vous arrangeait, vous nous disiez : \u2018\u2019Ce n&rsquo;est pas le Coran !\u2019\u2019 Et aujourd&rsquo;hui que l&rsquo;avenir du pays ne peut se dessiner sans actes extra-constitutionnels, vous refusez de voir la r\u00e9alit\u00e9 en face et cette r\u00e9alit\u00e9 passe par d&rsquo;autres mesures politiques accept\u00e9es par tous.\u00bb<\/p>\n<p class=\"c3\">* 20 avril 2019 : \u00ab L&rsquo;arm\u00e9e s&rsquo;est solennellement engag\u00e9e \u00e0 pousser vers la r\u00e9alisation des objectifs du peuple et \u00e0 le prot\u00e9ger. N&rsquo;ayant que peu d&rsquo;issues de secours s\u00e9curis\u00e9es, et face aux multiples p\u00e9rils qui guettent le pays, peuple et arm\u00e9e sont condamn\u00e9s \u00e0 agir de concert et \u00e0 se faire mutuellement confiance. Du reste, nous saurons, d\u00e8s ce vendredi, comment l&rsquo;arm\u00e9e va \u2018\u2019prot\u00e9ger\u2019\u2019 le peuple contre les d\u00e9rives polici\u00e8res.\u00bb<\/p>\n<p class=\"c3\">* 25 avril 2019 : \u00abFace au r\u00f4le de l&rsquo;arm\u00e9e et aux discours de son chef, il y a plusieurs types de r\u00e9actions qui vont du refus total de voir les militaires s&rsquo;impliquer dans les affaires politiques \u00e0 une solidarit\u00e9 sans faille avec l&rsquo;ANP. Dans notre dernier article, nous avons essay\u00e9 de faire la part des choses : quelle que soit notre position politique, nous devons tout mettre en \u0153uvre pour pr\u00e9server l&rsquo;unit\u00e9 de l&rsquo;arm\u00e9e, elle-m\u00eame garante de l&rsquo;unit\u00e9 du peuple et du territoire. En d&rsquo;autres termes, nous pouvons avoir des griefs contre la mani\u00e8re d&rsquo;agir de l&rsquo;arm\u00e9e, impatients que nous sommes de voir la r\u00e9volution citoyenne aboutir, mais cela ne doit pas mener \u00e0 fragiliser l&rsquo;ANP. A chaque fois qu&rsquo;une arm\u00e9e tombe, c&rsquo;est son pays qui s&rsquo;\u00e9croule ! Sans elle, il n&rsquo;y a point d&rsquo;issue possible \u00e0 la crise actuelle. Et si cela para\u00eet excessif pour certains, nous les renvoyons \u00e0 l&rsquo;histoire de ce pays si intimement li\u00e9e \u00e0 celle de ses \u00e9lites militaires. Il n&rsquo;y a aucune autre force organis\u00e9e capable d&rsquo;influer, \u00e0 elle seule, sur le cours des \u00e9v\u00e9nements. Le mouvement du 22 f\u00e9vrier aurait pu \u00eatre l&rsquo;autre force organis\u00e9e ayant la capacit\u00e9 de s&rsquo;imposer sur le terrain de la d\u00e9cision politique. H\u00e9las, et nous le regrettions d\u00e8s le d\u00e9part, ce mouvement a \u00e9t\u00e9 incapable de d\u00e9gager une repr\u00e9sentation cr\u00e9dible qui aurait pu faire avancer les choses. \u00bb<\/p>\n<p class=\"c3\">* 28 avril 2018 : \u00ab L&rsquo;a\u00e9roport d&rsquo;Alger, le m\u00e9tro, le tram aux mains des Fran\u00e7ais, le plus grand port d&rsquo;Alger aux mains des Emirats, que reste-t-il de notre souverainet\u00e9 alors que l&rsquo;importation massive de tout et de rien saigne dramatiquement nos ressources financi\u00e8res pour le plus grand bien des trafiquants de devises qui se pr\u00e9sentent comme de vrais industriels et op\u00e9rateurs \u00e9conomiques ?<br \/>En v\u00e9rit\u00e9, c&rsquo;est la France et d&rsquo;autres puissances \u00e9trang\u00e8res ainsi que les pays du Golfe qui tirent les marrons du feu, gr\u00e2ce au travail en profondeur d&rsquo;une bande d&rsquo;usurpateurs qui a presque tout vendu et tout gaspill\u00e9! \u00bb<\/p>\n<p class=\"c3\">* 5 mai 2019 : \u00ab La solution ? Nul ne la d\u00e9tient en dehors des forces arm\u00e9es. Sans repr\u00e9sentation parlant en son nom et tapant quand il le faut sur la table, le mouvement du 22 f\u00e9vrier est totalement impuissant. Il est dans l&rsquo;incapacit\u00e9, \u00e0 lui seul et avec les moyens utilis\u00e9s jusque-l\u00e0, de r\u00e9aliser ses objectifs. Quant \u00e0 cette prolongation sans fin, elle sert et servira le pouvoir qui semble ne plus \u00eatre d\u00e9rang\u00e9 par les sorties color\u00e9es du vendredi. Seule donc l&rsquo;arm\u00e9e peut encore donner le bon et dernier coup de pouce en d\u00e9broussaillant la piste des articles 7 et 8 ou en sommant le Pr\u00e9sident int\u00e9rimaire \u00e0 d\u00e9missionner tout en pr\u00e9parant sa succession par une personnalit\u00e9 faisant l&rsquo;unanimit\u00e9. L&rsquo;ANP a pu d\u00e9tr\u00f4ner Bouteflika sans s&rsquo;impliquer dans un coup d&rsquo;\u00c9tat. Elle peut le faire plus facilement pour n&rsquo;importe quelle autre personnalit\u00e9 du pouvoir. Faut-il encore\u00a0 qu&rsquo;elle\u00a0 veuille\u00a0 agir\u00a0 en ce sens ?\u00bb<\/p>\n<p class=\"c3\">* 12 mai 2019 : \u00ab A ce moment-l\u00e0, ce n&rsquo;est pas seulement le clan pr\u00e9sidentiel qui perdait la partie; les \u00abprintanistes\u00bb et leurs amis \u00e9trangers venaient de r\u00e9aliser que l&rsquo;Alg\u00e9rie est un dur morceau. Ce qui \u00e9tait pr\u00e9vu est que l&rsquo;arm\u00e9e se range du c\u00f4t\u00e9 de la \u00abl\u00e9galit\u00e9\u00bb, autrement dit qu&rsquo;elle intervienne pour mater le mouvement du 22 f\u00e9vrier. Les discours et les plans \u00e9taient pr\u00eats : il n&rsquo;y a qu&rsquo;\u00e0 suivre des cyberactivistes \u00e9rig\u00e9s en objecteurs de conscience et des cha\u00eenes inf\u00e9od\u00e9es \u00e0 certains courants pour comprendre que Ga\u00efd Salah a surpris tout ce beau monde.<br \/>L&rsquo;arm\u00e9e qui se range aux c\u00f4t\u00e9s du peuple, ce n&rsquo;\u00e9tait pas pr\u00e9vu du tout. \u00bb<\/p>\n<p class=\"c3\">* 19 mai 2019 : \u00ab : C&rsquo;est au moment o\u00f9 il \u00e9tait uni, fort et craint que le Hirak aurait d\u00fb se doter d&rsquo;une direction capable de le mener vers la r\u00e9alisation des aspirations populaires. Il a certainement trop compt\u00e9 sur l&rsquo;arm\u00e9e et la d\u00e9ception d&rsquo;une grande partie des manifestants vient peut-\u00eatre de ce sentiment d&rsquo;avoir \u00e9t\u00e9 \u00ababandonn\u00e9\u00bb en cours de chemin.<br \/>Ce qui n&rsquo;est pas vrai, bien entendu, car l&rsquo;ANP agit sur un terrain min\u00e9, toute action pouvant \u00eatre interpr\u00e9t\u00e9e comme un \u00abcoup d&rsquo;\u00c9tat\u00bb, avec son corollaire de r\u00e9actions en cha\u00eene au niveau africain et international.<br \/>Triste constat : cette arm\u00e9e qui intervenait d\u00e9j\u00e0 en 1963 pour corriger les erreurs des politiques en grave d\u00e9sunion, cette m\u00eame arm\u00e9e qui a su, malgr\u00e9 tout, pr\u00e9server l&rsquo;unit\u00e9 nationale tout au long de ces 57 ann\u00e9es d&rsquo;ind\u00e9pendance d\u00e9cri\u00e9es aujourd&rsquo;hui, la voil\u00e0 rattrap\u00e9e par son destin.<br \/>Le peuple marche et attend que le chef de l&rsquo;arm\u00e9e parle pour applaudir ou bouder&#8230; C&rsquo;est toujours l&rsquo;arm\u00e9e qui \u00abcorrige\u00bb quand elle a un peu de temps, entre d\u00e9fendre les fronti\u00e8res et s\u00e9curiser l&rsquo;\u00e9preuve du bac ! \u00bb<br \/>M. F.<\/p>\n<p>Auteur:<br \/>\n<a href=\"https:\/\/www.lesoirdalgerie.com\/les-choses-de-la-vie\/2019-premiere-partie-35924\">Cliquez ici pour lire l&rsquo;article depuis sa source.<\/a><\/p>\n","protected":false},"excerpt":{"rendered":"<p>Il est de tradition, \u00e0 l&rsquo;approche de chaque premier janvier, de publier des bilans et des chronologies retra\u00e7ant les principaux \u00e9v\u00e9nements de l&rsquo;ann\u00e9e \u00e9coul\u00e9e. Cette fois-ci, nous avons pr\u00e9f\u00e9r\u00e9 vous faire revivre 2019 \u00e0 travers des haltes sur le formidable mouvement populaire qui l&rsquo;a travers\u00e9e de bout en bout. Du 22 f\u00e9vrier \u00e0 cette fin [&hellip;]<\/p>\n","protected":false},"author":1741,"featured_media":0,"comment_status":"closed","ping_status":"closed","sticky":false,"template":"","format":"standard","meta":{"fifu_image_url":"","fifu_image_alt":"","footnotes":""},"categories":[73,53],"tags":[],"class_list":["post-71361","post","type-post","status-publish","format-standard","hentry","category-actualite","category-algerie"],"_links":{"self":[{"href":"https:\/\/linitiative.ca\/International\/wp-json\/wp\/v2\/posts\/71361","targetHints":{"allow":["GET"]}}],"collection":[{"href":"https:\/\/linitiative.ca\/International\/wp-json\/wp\/v2\/posts"}],"about":[{"href":"https:\/\/linitiative.ca\/International\/wp-json\/wp\/v2\/types\/post"}],"author":[{"embeddable":true,"href":"https:\/\/linitiative.ca\/International\/wp-json\/wp\/v2\/users\/1741"}],"replies":[{"embeddable":true,"href":"https:\/\/linitiative.ca\/International\/wp-json\/wp\/v2\/comments?post=71361"}],"version-history":[{"count":0,"href":"https:\/\/linitiative.ca\/International\/wp-json\/wp\/v2\/posts\/71361\/revisions"}],"wp:attachment":[{"href":"https:\/\/linitiative.ca\/International\/wp-json\/wp\/v2\/media?parent=71361"}],"wp:term":[{"taxonomy":"category","embeddable":true,"href":"https:\/\/linitiative.ca\/International\/wp-json\/wp\/v2\/categories?post=71361"},{"taxonomy":"post_tag","embeddable":true,"href":"https:\/\/linitiative.ca\/International\/wp-json\/wp\/v2\/tags?post=71361"}],"curies":[{"name":"wp","href":"https:\/\/api.w.org\/{rel}","templated":true}]}}