{"id":71362,"date":"2019-12-26T11:43:16","date_gmt":"2019-12-26T16:43:16","guid":{"rendered":"https:\/\/linitiative.ca\/International\/saaid-amzazi-expose-les-mesures-prioritaires-pour-la-mise-en-oeuvre-de-la-loi-cadre-51-17\/"},"modified":"2019-12-26T11:43:16","modified_gmt":"2019-12-26T16:43:16","slug":"saaid-amzazi-expose-les-mesures-prioritaires-pour-la-mise-en-oeuvre-de-la-loi-cadre-51-17","status":"publish","type":"post","link":"https:\/\/linitiative.ca\/International\/saaid-amzazi-expose-les-mesures-prioritaires-pour-la-mise-en-oeuvre-de-la-loi-cadre-51-17\/","title":{"rendered":"Saa\u00efd Amzazi expose les mesures prioritaires pour la mise en \u0153uvre de la loi-cadre 51-17"},"content":{"rendered":"<p><strong>Le ministre a relev\u00e9 que ces mesures s\u2019articulent autour de cinq principaux axes.<\/strong><\/p>\n<div class=\"c10\"\/>\n<p>Le ministre de l\u2019\u00c9ducation nationale, de la formation professionnelle, de l\u2019enseignement sup\u00e9rieur et de la recherche scientifique, Saa\u00efd Amzazi a expos\u00e9 \u00e0 Rabat les <strong>mesures prioritaires<\/strong> programm\u00e9es pour les trois prochaines ann\u00e9es dans le cadre de la mise en \u0153uvre de la loi-cadre 51-17 relative au syst\u00e8me d\u2019\u00e9ducation, de formation et de recherche scientifique et de la vision strat\u00e9gique de la r\u00e9forme 2015-2030.<\/p>\n<p>Il a relev\u00e9 que ces mesures s\u2019articulent autour de cinq principaux axes. Le ministre a pr\u00e9cis\u00e9 qu\u2019il s\u2019agit en premier lieu de la g\u00e9n\u00e9ralisation de l\u2019<strong>enseignement<\/strong> pr\u00e9scolaire pour tous les enfants \u00e2g\u00e9s de 4 \u00e0 6 ans, ainsi que de l\u2019adoption d\u2019un syst\u00e8me p\u00e9dagogique pour l\u2019enseignement sup\u00e9rieur r\u00e9pondant aux exigences du d\u00e9veloppement national.<\/p>\n<div class=\"wp-block-embed__wrapper\"><iframe loading=\"lazy\" title=\"Service D\u00e9sactivation\/R\u00e9activation de la carte mon\u00e9tique - Chaabi Net\" width=\"1140\" height=\"641\" src=\"https:\/\/www.youtube.com\/embed\/ZWia2opt630?feature=oembed\" frameborder=\"0\" allow=\"accelerometer; autoplay; encrypted-media; gyroscope; picture-in-picture\" allowfullscreen=\"\">[embedded content]<\/iframe><\/div>\n<p>Ces mesures concernent aussi la r\u00e9vision du syst\u00e8me d\u2019octroi d\u2019accr\u00e9ditations et d\u2019\u00e9quivalence des dipl\u00f4mes, du syst\u00e8me de suivi et d\u2019\u00e9valuation appliqu\u00e9 aux \u00e9tablissements d\u2019<strong>\u00e9ducation<\/strong> et de formation relevant du secteur priv\u00e9, en mettant en place un nouveau cadre contractuel, en plus de la cr\u00e9ation du Conseil national de la recherche scientifique charg\u00e9 d\u2019accompagner la strat\u00e9gie de recherche scientifique et technique et d\u2019assurer la coordination entre les diff\u00e9rents intervenants dans ce domaine.<\/p>\n<div class=\"c17\">\n<fieldset class=\"c16\">\n<legend><strong><span class=\"c11\">Challenge<\/span><span class=\"c12\">news<\/span><\/strong><\/legend>\n<div class=\"c15\">Le meilleur de Challenge s\u00e9lectionn\u00e9 par la r\u00e9daction :<\/p>\n<\/div>\n<\/fieldset>\n<\/div>\n<p>Auteur: challenge<br \/>\n<a href=\"https:\/\/www.challenge.ma\/saaid-amzazi-expose-les-mesures-prioritaires-pour-la-mise-en-oeuvre-de-la-loi-cadre-51-17-126705\/\">Cliquez ici pour lire l&rsquo;article depuis sa source.<\/a><\/p>\n","protected":false},"excerpt":{"rendered":"<p>Le ministre a relev\u00e9 que ces mesures s\u2019articulent autour de cinq principaux axes. Le ministre de l\u2019\u00c9ducation nationale, de la formation professionnelle, de l\u2019enseignement sup\u00e9rieur et de la recherche scientifique, Saa\u00efd Amzazi a expos\u00e9 \u00e0 Rabat les mesures prioritaires programm\u00e9es pour les trois prochaines ann\u00e9es dans le cadre de la mise en \u0153uvre de la [&hellip;]<\/p>\n","protected":false},"author":1787,"featured_media":0,"comment_status":"closed","ping_status":"closed","sticky":false,"template":"","format":"standard","meta":{"fifu_image_url":"","fifu_image_alt":"","footnotes":""},"categories":[78,54],"tags":[],"class_list":["post-71362","post","type-post","status-publish","format-standard","hentry","category-economie","category-maroc"],"_links":{"self":[{"href":"https:\/\/linitiative.ca\/International\/wp-json\/wp\/v2\/posts\/71362","targetHints":{"allow":["GET"]}}],"collection":[{"href":"https:\/\/linitiative.ca\/International\/wp-json\/wp\/v2\/posts"}],"about":[{"href":"https:\/\/linitiative.ca\/International\/wp-json\/wp\/v2\/types\/post"}],"author":[{"embeddable":true,"href":"https:\/\/linitiative.ca\/International\/wp-json\/wp\/v2\/users\/1787"}],"replies":[{"embeddable":true,"href":"https:\/\/linitiative.ca\/International\/wp-json\/wp\/v2\/comments?post=71362"}],"version-history":[{"count":0,"href":"https:\/\/linitiative.ca\/International\/wp-json\/wp\/v2\/posts\/71362\/revisions"}],"wp:attachment":[{"href":"https:\/\/linitiative.ca\/International\/wp-json\/wp\/v2\/media?parent=71362"}],"wp:term":[{"taxonomy":"category","embeddable":true,"href":"https:\/\/linitiative.ca\/International\/wp-json\/wp\/v2\/categories?post=71362"},{"taxonomy":"post_tag","embeddable":true,"href":"https:\/\/linitiative.ca\/International\/wp-json\/wp\/v2\/tags?post=71362"}],"curies":[{"name":"wp","href":"https:\/\/api.w.org\/{rel}","templated":true}]}}