{"id":71384,"date":"2019-12-27T07:11:44","date_gmt":"2019-12-27T12:11:44","guid":{"rendered":"https:\/\/linitiative.ca\/International\/marrakech-sous-leffet-de-lalcool-un-quatuor-met-fin-a-la-vie-dun-riverain\/"},"modified":"2019-12-27T07:11:44","modified_gmt":"2019-12-27T12:11:44","slug":"marrakech-sous-leffet-de-lalcool-un-quatuor-met-fin-a-la-vie-dun-riverain","status":"publish","type":"post","link":"https:\/\/linitiative.ca\/International\/marrakech-sous-leffet-de-lalcool-un-quatuor-met-fin-a-la-vie-dun-riverain\/","title":{"rendered":"Marrakech : Sous l\u2019effet de l\u2019alcool, un quatuor met fin  \u00e0 la vie d\u2019un riverain"},"content":{"rendered":"<header readability=\"1.20967741935\">\n<\/header>\n<div class=\"entry-content clearfix\" readability=\"50\"><img decoding=\"async\" class=\"post_layout_5_img\" src=\"http:\/\/aujourdhui.ma\/wp-content\/uploads\/2019\/07\/Alcool.jpg?x29840\" alt=\"Marrakech : Sous l\u2019effet de l\u2019alcool, un quatuor met fin \u00e0 la vie d\u2019un riverain\"\/><\/p>\n<p class=\"p1\"><span class=\"s1\"><span class=\"c4\"><strong>Pour avoir tu\u00e9 un jeune homme au quartier Gueliz, \u00e0 Marrakech, trois malfrats viennent d\u2019\u00eatre arr\u00eat\u00e9s par les \u00e9l\u00e9ments de la police judiciaire relevant de la s\u00fbret\u00e9 de Marrakech.<\/strong><\/span><\/span><span id=\"more-327996\"\/><\/p>\n<p class=\"p1\"><span class=\"s1\">Un quatri\u00e8me suspect est toujours en fuite. Une note de recherche a \u00e9t\u00e9 diffus\u00e9e contre lui \u00e0 l\u2019\u00e9chelle nationale. En effet, l\u2019affaire remonte au dimanche dernier quand les quatre brigands qui \u00e9taient sous l\u2019effet de l\u2019alcool ont coup\u00e9, dans une heure tardive, le chemin \u00e0 la victime. Sous la menace d\u2019une arme blanche, ils avaient l\u2019intention de lui subtiliser une somme d\u2019argent.<\/span><\/p>\n<p class=\"p1\"><span class=\"s1\">Quand il a manifest\u00e9 une r\u00e9sistance farouche, l\u2019un d\u2019eux lui a ass\u00e9n\u00e9 un coup de couteau au niveau du cou. Tous les quatre ont pris la fuite. La victime a \u00e9t\u00e9 conduite vers le service des urgences \u00e0 l\u2019h\u00f4pital Ibn Tofa\u00efl o\u00f9 elle a rendu l\u2019\u00e2me. Alors que les investigations ont \u00e9t\u00e9 men\u00e9es pour se solder par l\u2019arrestation du quatuor.<\/span><\/p>\n<\/div>\n<p>Auteur: Abderrafii ALOUMLIKI<br \/>\n<a href=\"http:\/\/aujourdhui.ma\/faits-divers\/marrakech-sous-leffet-de-lalcool-un-quatuor-met-fin-a-la-vie-dun-riverain\">Cliquez ici pour lire l&rsquo;article depuis sa source.<\/a><\/p>\n","protected":false},"excerpt":{"rendered":"<p>Pour avoir tu\u00e9 un jeune homme au quartier Gueliz, \u00e0 Marrakech, trois malfrats viennent d\u2019\u00eatre arr\u00eat\u00e9s par les \u00e9l\u00e9ments de la police judiciaire relevant de la s\u00fbret\u00e9 de Marrakech. Un quatri\u00e8me suspect est toujours en fuite. Une note de recherche a \u00e9t\u00e9 diffus\u00e9e contre lui \u00e0 l\u2019\u00e9chelle nationale. En effet, l\u2019affaire remonte au dimanche dernier [&hellip;]<\/p>\n","protected":false},"author":1759,"featured_media":0,"comment_status":"closed","ping_status":"closed","sticky":false,"template":"","format":"standard","meta":{"fifu_image_url":"","fifu_image_alt":"","footnotes":""},"categories":[73,54],"tags":[],"class_list":["post-71384","post","type-post","status-publish","format-standard","hentry","category-actualite","category-maroc"],"_links":{"self":[{"href":"https:\/\/linitiative.ca\/International\/wp-json\/wp\/v2\/posts\/71384","targetHints":{"allow":["GET"]}}],"collection":[{"href":"https:\/\/linitiative.ca\/International\/wp-json\/wp\/v2\/posts"}],"about":[{"href":"https:\/\/linitiative.ca\/International\/wp-json\/wp\/v2\/types\/post"}],"author":[{"embeddable":true,"href":"https:\/\/linitiative.ca\/International\/wp-json\/wp\/v2\/users\/1759"}],"replies":[{"embeddable":true,"href":"https:\/\/linitiative.ca\/International\/wp-json\/wp\/v2\/comments?post=71384"}],"version-history":[{"count":0,"href":"https:\/\/linitiative.ca\/International\/wp-json\/wp\/v2\/posts\/71384\/revisions"}],"wp:attachment":[{"href":"https:\/\/linitiative.ca\/International\/wp-json\/wp\/v2\/media?parent=71384"}],"wp:term":[{"taxonomy":"category","embeddable":true,"href":"https:\/\/linitiative.ca\/International\/wp-json\/wp\/v2\/categories?post=71384"},{"taxonomy":"post_tag","embeddable":true,"href":"https:\/\/linitiative.ca\/International\/wp-json\/wp\/v2\/tags?post=71384"}],"curies":[{"name":"wp","href":"https:\/\/api.w.org\/{rel}","templated":true}]}}