{"id":71387,"date":"2019-12-27T08:50:36","date_gmt":"2019-12-27T13:50:36","guid":{"rendered":"https:\/\/linitiative.ca\/International\/hayat-bichr-benjamaa-sexprime-par-le-pinceau-sur-des-situations-au-maroc\/"},"modified":"2019-12-27T08:50:36","modified_gmt":"2019-12-27T13:50:36","slug":"hayat-bichr-benjamaa-sexprime-par-le-pinceau-sur-des-situations-au-maroc","status":"publish","type":"post","link":"https:\/\/linitiative.ca\/International\/hayat-bichr-benjamaa-sexprime-par-le-pinceau-sur-des-situations-au-maroc\/","title":{"rendered":"Hayat Bichr-Benjamaa s\u2019exprime par  le pinceau sur des situations au Maroc"},"content":{"rendered":"<p><img decoding=\"async\" class=\"post_layout_5_img\" src=\"http:\/\/aujourdhui.ma\/wp-content\/uploads\/2019\/12\/Hayat-Bichr-Benjamaa.jpg?x29840\" alt=\"Hayat Bichr-Benjamaa s\u2019exprime par le pinceau sur des situations au Maroc\"\/><\/p>\n<p class=\"p1\"><span class=\"s1 c4\"><strong>Elle participe \u00e0 une exposition \u00e0 Rabat<\/strong><\/span><span id=\"more-327972\"\/><\/p>\n<div class=\"base-box mom_box_sc_custom mom_box_sc clear c5\" readability=\"11\">\n<p class=\"p1\"><strong><em>En plus de ces questions sociales et culturelles, Hayat Bichr-Benjamaa,\u00a0<\/em><em>qui a d\u00e9j\u00e0 expos\u00e9 au Diwan en 2017, s\u2019inspire d\u2019autres objets \u00e0 l\u2019instar du tapis appel\u00e9 \u00abEl Hanbel\u00bb.<\/em><\/strong><\/p>\n<\/div>\n<p class=\"p1\"><span class=\"s1\"><a href=\"http:\/\/aujourdhui.ma\/wp-content\/uploads\/2019\/12\/Hayat-Bichr-Benjamaa-Exposition.jpg?x29840\"><img loading=\"lazy\" decoding=\"async\" class=\"wp-image-327979 alignleft\" src=\"http:\/\/aujourdhui.ma\/wp-content\/uploads\/2019\/12\/Hayat-Bichr-Benjamaa-Exposition.jpg?x29840\" alt=\"\" width=\"223\" height=\"489\" srcset=\"http:\/\/aujourdhui.ma\/wp-content\/uploads\/2019\/12\/Hayat-Bichr-Benjamaa-Exposition.jpg 375w, http:\/\/aujourdhui.ma\/wp-content\/uploads\/2019\/12\/Hayat-Bichr-Benjamaa-Exposition-137x300.jpg 137w\" sizes=\"auto, (max-width: 223px) 100vw, 223px\"\/><\/a>L\u2019artiste-peintre marocaine Hayat Bichr-Benjamaa participe \u00e0 l\u2019exposition collective \u00abArt R\u00e9trospective\u00bb au Diwan MGallery \u00e0 Rabat, qui se poursuit jusqu\u2019au 10 janvier. Elle y prend part aux c\u00f4t\u00e9s d\u2019une trentaine d\u2019artistes qui pr\u00e9sentent, \u00e0 leur tour, leurs \u0153uvres dans cet espace qui f\u00eate ses dix ans.<\/span><\/p>\n<p class=\"p1\"><span class=\"s1\">Dans cette exposition, Hayat Bichr-Benjamaa pr\u00e9sente notamment une \u0153uvre qui suscite l\u2019int\u00e9r\u00eat. Elle l\u2019intitule \u00abLa voie de la lumi\u00e8re\u00bb. Une \u0153uvre meubl\u00e9e d\u2019une femme dont la tenue, un hayek, porte la mention \u00ab\u00e9ducation\u00bb en arabe. Histoire de signifier que l\u2019enseignement, sujet toujours d\u2019actualit\u00e9, illumine les parcours. A propos de cette toile, l\u2019artiste pr\u00e9cise: <em>\u00abJ\u2019\u00e9tais, un de ces jours, attir\u00e9e par le mot \u00ab\u00e9ducation\u00bb dans des journaux chez moi. Alors je l\u2019ai pris pour le coller sur le tableau \u00e9galement meubl\u00e9 d\u2019une jeune fille tel un ange. C\u2019est pour m\u2019exprimer sur des situations au Maroc\u00bb.<\/em> A lui seul, le collage est sp\u00e9cial puisqu\u2019il s\u2019int\u00e8gre \u00e0 la toile faite en peinture \u00e0 l\u2019huile comme l\u2019explicite l\u2019artiste qui doit une fi\u00e8re chandelle \u00e0 la commissaire de l\u2019exposition Najoua Hassouni.<\/span><\/p>\n<p class=\"p1\"><span class=\"s1\">Outre le collage en cette langue, l\u2019artiste-peintre, n\u00e9e \u00e0 Rabat, opte pour celui en tifinagh. <em>\u00abJe m\u2019int\u00e9resse \u00e0 la culture amazighe. Je me suis \u00e9galement sp\u00e9cialis\u00e9e en patrimoine arabo-jud\u00e9o- amazigh marocain qui est oubli\u00e9. Mon objectif est de faire vivre l\u2019histoire\u00bb,<\/em> d\u00e9taille-t-elle. L\u2019artiste, dipl\u00f4m\u00e9e en langue et litt\u00e9rature anglaises, dit \u00e9galement oser le collage en h\u00e9breu. <em>\u00abChose que personne ne fait. C\u2019est mon cachet et mon style\u00bb,<\/em> avance la cr\u00e9atrice qui indique travailler aussi sur la femme marocaine, arabe et juive.<\/span><\/p>\n<p class=\"p1\"><span class=\"s1\">Quant aux couleurs dans cette \u0153uvre et d\u2019autres de l\u2019artiste, elles sont \u00abchaudes\u00bb. En plus de ces questions sociales et culturelles, Hayat Bichr-Benjamaa, qui a d\u00e9j\u00e0 expos\u00e9 au Diwan en 2017, s\u2019inspire d\u2019autres objets \u00e0 l\u2019instar du tapis appel\u00e9 \u00abEl Hanbel\u00bb.<\/span><\/p>\n<p class=\"p1\"><span class=\"s1\">Et ce n\u2019est pas tout. L\u2019artiste, qui se qualifie d\u2019autodidacte et passionn\u00e9e, a r\u00e9cemment particip\u00e9 \u00e0 la Nuit des galeries. Elle a expos\u00e9 lors de cet \u00e9v\u00e9nement \u00e0 la galerie \u00abNadira\u00bb son \u0153uvre qui abonde dans le sens de son sujet d\u2019int\u00e9r\u00eat. <em>\u00abJe suis sur une collection qui retrace l\u2019histoire du Maroc\u00bb,<\/em> encha\u00eene l\u2019artiste qui pr\u00e9f\u00e8re ne pas d\u00e9voiler les dessous de cette collection pour ne pas en g\u00e2cher le charme.<\/span><\/p>\n<p class=\"p1\"><span class=\"s1\">Cela \u00e9tant, l\u2019artiste-peintre, qui expose ses toiles depuis 2014, s\u2019est initi\u00e9e aux arts plastiques d\u00e8s son adolescence en prenant go\u00fbt pour les pastels et le collage. Une p\u00e9riode durant laquelle elle suivait \u00e9galement des \u00e9tudes de musique au Conservatoire national de Rabat. Parall\u00e8lement \u00e0 cette p\u00e9riode, elle a d\u00e9j\u00e0 fait des reproductions d\u2019\u0153uvres du 19\u00e8me si\u00e8cle et des portraits. Une d\u00e9marche qu\u2019elle troque pour les sujets sur lesquels elle se penche sur la base de ses recherches.<\/span><\/p>\n<p>Auteur: Salima Guisser<br \/>\n<a href=\"http:\/\/aujourdhui.ma\/culture\/hayat-bichr-benjamaa-sexprime-par-le-pinceau-sur-des-situations-au-maroc\">Cliquez ici pour lire l&rsquo;article depuis sa source.<\/a><\/p>\n","protected":false},"excerpt":{"rendered":"<p>Elle participe \u00e0 une exposition \u00e0 Rabat En plus de ces questions sociales et culturelles, Hayat Bichr-Benjamaa,\u00a0qui a d\u00e9j\u00e0 expos\u00e9 au Diwan en 2017, s\u2019inspire d\u2019autres objets \u00e0 l\u2019instar du tapis appel\u00e9 \u00abEl Hanbel\u00bb. L\u2019artiste-peintre marocaine Hayat Bichr-Benjamaa participe \u00e0 l\u2019exposition collective \u00abArt R\u00e9trospective\u00bb au Diwan MGallery \u00e0 Rabat, qui se poursuit jusqu\u2019au 10 janvier. [&hellip;]<\/p>\n","protected":false},"author":1759,"featured_media":0,"comment_status":"closed","ping_status":"closed","sticky":false,"template":"","format":"standard","meta":{"fifu_image_url":"","fifu_image_alt":"","footnotes":""},"categories":[73,54],"tags":[],"class_list":["post-71387","post","type-post","status-publish","format-standard","hentry","category-actualite","category-maroc"],"_links":{"self":[{"href":"https:\/\/linitiative.ca\/International\/wp-json\/wp\/v2\/posts\/71387","targetHints":{"allow":["GET"]}}],"collection":[{"href":"https:\/\/linitiative.ca\/International\/wp-json\/wp\/v2\/posts"}],"about":[{"href":"https:\/\/linitiative.ca\/International\/wp-json\/wp\/v2\/types\/post"}],"author":[{"embeddable":true,"href":"https:\/\/linitiative.ca\/International\/wp-json\/wp\/v2\/users\/1759"}],"replies":[{"embeddable":true,"href":"https:\/\/linitiative.ca\/International\/wp-json\/wp\/v2\/comments?post=71387"}],"version-history":[{"count":0,"href":"https:\/\/linitiative.ca\/International\/wp-json\/wp\/v2\/posts\/71387\/revisions"}],"wp:attachment":[{"href":"https:\/\/linitiative.ca\/International\/wp-json\/wp\/v2\/media?parent=71387"}],"wp:term":[{"taxonomy":"category","embeddable":true,"href":"https:\/\/linitiative.ca\/International\/wp-json\/wp\/v2\/categories?post=71387"},{"taxonomy":"post_tag","embeddable":true,"href":"https:\/\/linitiative.ca\/International\/wp-json\/wp\/v2\/tags?post=71387"}],"curies":[{"name":"wp","href":"https:\/\/api.w.org\/{rel}","templated":true}]}}