{"id":71390,"date":"2019-12-27T06:10:07","date_gmt":"2019-12-27T11:10:07","guid":{"rendered":"https:\/\/linitiative.ca\/International\/le-pps-appelle-le-gouvernement-a-consacrer-yennayer-fete-nationale\/"},"modified":"2019-12-27T06:10:07","modified_gmt":"2019-12-27T11:10:07","slug":"le-pps-appelle-le-gouvernement-a-consacrer-yennayer-fete-nationale","status":"publish","type":"post","link":"https:\/\/linitiative.ca\/International\/le-pps-appelle-le-gouvernement-a-consacrer-yennayer-fete-nationale\/","title":{"rendered":"Le PPS appelle le gouvernement \u00e0 consacrer Yennayer f\u00eate nationale"},"content":{"rendered":"<p class=\"has-text-color has-vivid-cyan-blue-color\"><strong>Le nouvel an amazigh s\u2019approche \u00e0 grands pas. En effet, ces derni\u00e8res ann\u00e9es les voix du\u00a0 tissu associatif et des acteurs amazighs se sont lev\u00e9es pour reconnaitre Yennayer, nouvel an amazigh, c\u00e9l\u00e9br\u00e9 chaque 13 janvier, comme jour de f\u00eate nationale.<\/strong><\/p>\n<p>Dans ce cadre, \u00a0le d\u00e9put\u00e9 Said Idbali, membre du Groupement parlementaire du progr\u00e8s et du socialisme (GPPS) \u00e0 la Chambre des repr\u00e9sentants, a adress\u00e9 une question \u00e9crite au chef du\u00a0 gouvernement, Sa\u00e2eddine El Othmani, afin de reconnaitre le nouvel an amazigh comme f\u00eate nationale et jour f\u00e9ri\u00e9, ch\u00f4m\u00e9 et pay\u00e9. Une revendication tant attendue par les Amazighs et les Marocains vu la port\u00e9e symbolique et historique de cet \u00e9v\u00e9nement.<\/p>\n<p>En outre, le d\u00e9put\u00e9\u00a0 du PPS a soulign\u00e9 dans la question \u00e9crite que toutes les conditions sont d\u00e9sormais favorables et ad\u00e9quates pour reconnaitre le nouvel an amazigh comme f\u00eate officielle et nationale pay\u00e9e \u00e0 l\u2019instar des autres f\u00eates c\u00e9l\u00e9br\u00e9es.<\/p>\n<p>Cette revendication est aussi l\u00e9gitime surtout\u00a0 avec la nouvelle constitution de 2011 ainsi que l\u2019adoption de la loi organique n\u00b026.16 d\u00e9finissant le processus de mise en \u0153uvre du caract\u00e8re officiel de l\u2019amazigh, ainsi que les modalit\u00e9s de son int\u00e9gration dans l\u2019enseignement et dans les domaines prioritaires de la vie publique.<\/p>\n<p>Said Idbali a appel\u00e9 \u00e9galement le chef du gouvernement \u00e0 veiller \u00e0 ce que toutes les composantes de l\u2019identit\u00e9 et la culture marocaines, dont\u00a0 l\u2019amazighe, soient d\u00e9velopp\u00e9es et pr\u00e9serv\u00e9es.<\/p>\n<p>Il a \u00e9galement insist\u00e9 sur la promotion des symboles de la culture, des f\u00eates ainsi que tout ce qui est relatif \u00e0 la culture de la soci\u00e9t\u00e9 marocaine et ses traditions enracin\u00e9es dans l\u2019Histoire.<\/p>\n<p>En revanche, dans sa question, le membre du Groupement parlementaire du progr\u00e8s et du socialisme (GPPS) a point\u00e9 du doigt sur les raisons qui freinent \u00ab\u00a0la mise en application de la Constitution et de la loi permettant la reconnaissance de l\u2019an amazigh, qui reste une revendication bloqu\u00e9e sans raisons\u00a0\u00bb.<\/p>\n<p>Selon lui toujours, la reconnaissance de l\u2019an amazigh comme f\u00eate nationale sera incontestablement une v\u00e9ritable reconnaissance de l\u2019identit\u00e9 amazighe et un pas important pour sa promotion.<\/p>\n<p>Par ailleurs, Idbali s\u2019est interrog\u00e9 dans la question \u00e9crite sur \u00ables mesures et d\u00e9marches qui seront prises par le chef du gouvernement afin de reconnaitre l\u2019an amazigh comme f\u00eate nationale ainsi que les raisons qui pourront l\u2019emp\u00eacher pour le faire\u00a0?\u00bb.<\/p>\n<p>Il est \u00e0 rappeler que l\u2019Organisation des Nations unies pour l\u2019\u00e9ducation, les sciences et la culture (UNESCO) avait class\u00e9 le nouvel an amazigh au patrimoine immat\u00e9riel universel, sans oublier bien entendu l\u2019alphabet tifinagh<strong>.<\/strong><\/p>\n<p class=\"c2\"><strong>Mohamed Nait Youssef<\/strong><\/p>\n<p>Auteur: M&rsquo;hammed rahal<br \/>\n<a href=\"http:\/\/albayane.press.ma\/le-pps-appelle-le-gouvernement-a-consacrer-yennayer-fete-nationale.html\">Cliquez ici pour lire l&rsquo;article depuis sa source.<\/a><\/p>\n","protected":false},"excerpt":{"rendered":"<p>Le nouvel an amazigh s\u2019approche \u00e0 grands pas. En effet, ces derni\u00e8res ann\u00e9es les voix du\u00a0 tissu associatif et des acteurs amazighs se sont lev\u00e9es pour reconnaitre Yennayer, nouvel an amazigh, c\u00e9l\u00e9br\u00e9 chaque 13 janvier, comme jour de f\u00eate nationale. Dans ce cadre, \u00a0le d\u00e9put\u00e9 Said Idbali, membre du Groupement parlementaire du progr\u00e8s et du [&hellip;]<\/p>\n","protected":false},"author":1760,"featured_media":0,"comment_status":"closed","ping_status":"closed","sticky":false,"template":"","format":"standard","meta":{"fifu_image_url":"","fifu_image_alt":"","footnotes":""},"categories":[73,54],"tags":[],"class_list":["post-71390","post","type-post","status-publish","format-standard","hentry","category-actualite","category-maroc"],"_links":{"self":[{"href":"https:\/\/linitiative.ca\/International\/wp-json\/wp\/v2\/posts\/71390","targetHints":{"allow":["GET"]}}],"collection":[{"href":"https:\/\/linitiative.ca\/International\/wp-json\/wp\/v2\/posts"}],"about":[{"href":"https:\/\/linitiative.ca\/International\/wp-json\/wp\/v2\/types\/post"}],"author":[{"embeddable":true,"href":"https:\/\/linitiative.ca\/International\/wp-json\/wp\/v2\/users\/1760"}],"replies":[{"embeddable":true,"href":"https:\/\/linitiative.ca\/International\/wp-json\/wp\/v2\/comments?post=71390"}],"version-history":[{"count":0,"href":"https:\/\/linitiative.ca\/International\/wp-json\/wp\/v2\/posts\/71390\/revisions"}],"wp:attachment":[{"href":"https:\/\/linitiative.ca\/International\/wp-json\/wp\/v2\/media?parent=71390"}],"wp:term":[{"taxonomy":"category","embeddable":true,"href":"https:\/\/linitiative.ca\/International\/wp-json\/wp\/v2\/categories?post=71390"},{"taxonomy":"post_tag","embeddable":true,"href":"https:\/\/linitiative.ca\/International\/wp-json\/wp\/v2\/tags?post=71390"}],"curies":[{"name":"wp","href":"https:\/\/api.w.org\/{rel}","templated":true}]}}