{"id":71393,"date":"2019-12-27T06:06:17","date_gmt":"2019-12-27T11:06:17","guid":{"rendered":"https:\/\/linitiative.ca\/International\/monastir-saisie-de-produits-avaries-de-decoration-pour-gateaux\/"},"modified":"2019-12-27T06:06:17","modified_gmt":"2019-12-27T11:06:17","slug":"monastir-saisie-de-produits-avaries-de-decoration-pour-gateaux","status":"publish","type":"post","link":"https:\/\/linitiative.ca\/International\/monastir-saisie-de-produits-avaries-de-decoration-pour-gateaux\/","title":{"rendered":"Monastir : Saisie de produits avari\u00e9s de d\u00e9coration pour g\u00e2teaux"},"content":{"rendered":"<p>Les \u00e9quipes de contr\u00f4le \u00e9conomique, relevant de la direction r\u00e9gionale du commerce \u00e0 Monastir, ont saisi, jeudi, des produits impropres \u00e0 la consommation dans un atelier de fabrication de g\u00e2teaux \u00e0 T\u00e9boulba (Gouvernorat de Monastir). Parmi ces articles, des p\u00e2tes \u00e0 sucre ainsi que des colorants alimentaires et paillettes avari\u00e9s utilis\u00e9s dans la d\u00e9coration pour g\u00e2teaux et p\u00e2tisseries. Les produits saisis ont \u00e9t\u00e9 d\u00e9truits, a indiqu\u00e9 \u00e0 l\u2019agence TAP, Jamel Methanani, inspecteur \u00e0 la direction r\u00e9gionale du commerce \u00e0 Monastir, affirmant que les campagnes de contr\u00f4le \u00e9conomique seront intensifi\u00e9es dans la r\u00e9gion d\u2019ici la veille du Nouvel an.<\/p>\n<p class=\"dpsp-share-text\">Partager c&rsquo;est aimer!<\/p>\n<div class=\"wp-post-author-wrap wp-post-author-shortcode left\">\n<h3 class=\"awpa-title\"\/>\n<div class=\"wp-post-author\">\n<div class=\"awpa-img awpa-author-block square\"><a href=\"http:\/\/lexpertjournal.net\/fr\/author\/expert\/\"><img loading=\"lazy\" decoding=\"async\" alt=\"\" src=\"http:\/\/0.gravatar.com\/avatar\/c828f0b17d24309f0d01a4eac3747085?s=150&#038;d=mm&#038;r=g\" srcset=\"http:\/\/0.gravatar.com\/avatar\/c828f0b17d24309f0d01a4eac3747085?s=300&#038;d=mm&#038;r=g 2x\" class=\"avatar avatar-150 photo\" height=\"150\" width=\"150\"\/><\/a><\/div>\n<\/div>\n<\/div>\n<p>Auteur: L&rsquo;expert<br \/>\n<a href=\"http:\/\/lexpertjournal.net\/fr\/2019\/12\/27\/monastir-saisie-de-produits-avaries-de-decoration-pour-gateaux\/\">Cliquez ici pour lire l&rsquo;article depuis sa source.<\/a><\/p>\n","protected":false},"excerpt":{"rendered":"<p>Les \u00e9quipes de contr\u00f4le \u00e9conomique, relevant de la direction r\u00e9gionale du commerce \u00e0 Monastir, ont saisi, jeudi, des produits impropres \u00e0 la consommation dans un atelier de fabrication de g\u00e2teaux \u00e0 T\u00e9boulba (Gouvernorat de Monastir). Parmi ces articles, des p\u00e2tes \u00e0 sucre ainsi que des colorants alimentaires et paillettes avari\u00e9s utilis\u00e9s dans la d\u00e9coration pour [&hellip;]<\/p>\n","protected":false},"author":1775,"featured_media":0,"comment_status":"closed","ping_status":"closed","sticky":false,"template":"","format":"standard","meta":{"fifu_image_url":"","fifu_image_alt":"","footnotes":""},"categories":[78,55],"tags":[],"class_list":["post-71393","post","type-post","status-publish","format-standard","hentry","category-economie","category-tunisie"],"_links":{"self":[{"href":"https:\/\/linitiative.ca\/International\/wp-json\/wp\/v2\/posts\/71393","targetHints":{"allow":["GET"]}}],"collection":[{"href":"https:\/\/linitiative.ca\/International\/wp-json\/wp\/v2\/posts"}],"about":[{"href":"https:\/\/linitiative.ca\/International\/wp-json\/wp\/v2\/types\/post"}],"author":[{"embeddable":true,"href":"https:\/\/linitiative.ca\/International\/wp-json\/wp\/v2\/users\/1775"}],"replies":[{"embeddable":true,"href":"https:\/\/linitiative.ca\/International\/wp-json\/wp\/v2\/comments?post=71393"}],"version-history":[{"count":0,"href":"https:\/\/linitiative.ca\/International\/wp-json\/wp\/v2\/posts\/71393\/revisions"}],"wp:attachment":[{"href":"https:\/\/linitiative.ca\/International\/wp-json\/wp\/v2\/media?parent=71393"}],"wp:term":[{"taxonomy":"category","embeddable":true,"href":"https:\/\/linitiative.ca\/International\/wp-json\/wp\/v2\/categories?post=71393"},{"taxonomy":"post_tag","embeddable":true,"href":"https:\/\/linitiative.ca\/International\/wp-json\/wp\/v2\/tags?post=71393"}],"curies":[{"name":"wp","href":"https:\/\/api.w.org\/{rel}","templated":true}]}}