{"id":71396,"date":"2019-12-27T13:00:14","date_gmt":"2019-12-27T18:00:14","guid":{"rendered":"https:\/\/linitiative.ca\/International\/oran-plus-de-70-exposants-au-salon-national-dartisanat\/"},"modified":"2019-12-27T13:00:14","modified_gmt":"2019-12-27T18:00:14","slug":"oran-plus-de-70-exposants-au-salon-national-dartisanat","status":"publish","type":"post","link":"https:\/\/linitiative.ca\/International\/oran-plus-de-70-exposants-au-salon-national-dartisanat\/","title":{"rendered":"Oran: plus de 70 exposants au salon national d\u2019artisanat"},"content":{"rendered":"<div readability=\"35\">\n<p><strong>ORAN &#8211; Le 7\u00e8me salon national de l\u2019artisanat s\u2019est ouvert, jeudi, au Centre des conventions \u00ab\u00a0Mohamed Benahmed\u00a0\u00bb d\u2019Oran avec la participation de 75 artisans de 17 wilayas.<\/strong><\/p>\n<\/div>\n<div readability=\"72.5\">\n<p>Cette manifestation se veut une v\u00e9ritable vitrine pour faire d\u00e9couvrir des produits artisanaux et artistiques, legs authentiques refl\u00e9tant la diversit\u00e9 et la richesse du patrimoine national, a soulign\u00e9 le pr\u00e9sident de la chambre locale d\u2019artisanat et des m\u00e9tiers.<\/p>\n<p>Ce rendez-vous devant se poursuivre jusqu\u2019au 2 janvier prochain, constitue une occasion pour jeter des passerelles de communication entre les artisans et impulser une dynamique d\u2019\u00e9change d\u2019exp\u00e9riences et de performances entre les participants, a indiqu\u00e9 Omar Djoudi.<\/p>\n<blockquote readability=\"8\">\n<p><em><strong>A cette occasion, des conventions seront sign\u00e9es avec des artisans de fabrication de bijoux traditionnels et vers\u00e9s dans les travaux du cuivre en vue d\u2019assurer la formation dans ces deux sp\u00e9cialit\u00e9s pour assurer leur p\u00e9rennit\u00e9.<\/strong><\/em><\/p>\n<\/blockquote>\n<p>Ce salon, co\u00efncidant avec les vacances scolaires d\u2019hiver, permet aux artisans de commercialiser leurs produits et les encourager \u00e0 fournir plus d\u2019efforts pour promouvoir l\u2019artisanat et am\u00e9liorer la qualit\u00e9 du produit, en le mettant \u00e0 la disposition de tous et \u00e0 des prix comp\u00e9titifs, a ajout\u00e9 le pr\u00e9sident de la CAM d\u2019Oran.<\/p>\n<p>Ce salon, organis\u00e9 par la CAM en collaboration avec la direction locale du tourisme et de l\u2019artisanat, est consacr\u00e9 \u00e0 des produits d\u2019artisanat et \u00e0 diverses sp\u00e9cialit\u00e9s qui suscitent l\u2019engouement du public comme les travaux sur bois, sur cuivre, les tenues traditionnelles, les bijoux, la poterie, la tapisserie traditionnelle.<\/p>\n<p>Un stand a \u00e9t\u00e9 consacr\u00e9 aux produits alimentaires locaux dont le miel, la confiture, les g\u00e2teaux, les produits cosm\u00e9tiques, de beaut\u00e9 et bio.<\/p>\n<\/div>\n<p>Auteur:<br \/>\n<a href=\"http:\/\/www.aps.dz\/culture\/99450-oran-plus-de-70-exposants-au-salon-national-d-artisanat\">Cliquez ici pour lire l&rsquo;article depuis sa source.<\/a><\/p>\n","protected":false},"excerpt":{"rendered":"<p>ORAN &#8211; Le 7\u00e8me salon national de l\u2019artisanat s\u2019est ouvert, jeudi, au Centre des conventions \u00ab\u00a0Mohamed Benahmed\u00a0\u00bb d\u2019Oran avec la participation de 75 artisans de 17 wilayas. Cette manifestation se veut une v\u00e9ritable vitrine pour faire d\u00e9couvrir des produits artisanaux et artistiques, legs authentiques refl\u00e9tant la diversit\u00e9 et la richesse du patrimoine national, a soulign\u00e9 [&hellip;]<\/p>\n","protected":false},"author":1790,"featured_media":0,"comment_status":"closed","ping_status":"closed","sticky":false,"template":"","format":"standard","meta":{"fifu_image_url":"","fifu_image_alt":"","footnotes":""},"categories":[53,79],"tags":[],"class_list":["post-71396","post","type-post","status-publish","format-standard","hentry","category-algerie","category-culture"],"_links":{"self":[{"href":"https:\/\/linitiative.ca\/International\/wp-json\/wp\/v2\/posts\/71396","targetHints":{"allow":["GET"]}}],"collection":[{"href":"https:\/\/linitiative.ca\/International\/wp-json\/wp\/v2\/posts"}],"about":[{"href":"https:\/\/linitiative.ca\/International\/wp-json\/wp\/v2\/types\/post"}],"author":[{"embeddable":true,"href":"https:\/\/linitiative.ca\/International\/wp-json\/wp\/v2\/users\/1790"}],"replies":[{"embeddable":true,"href":"https:\/\/linitiative.ca\/International\/wp-json\/wp\/v2\/comments?post=71396"}],"version-history":[{"count":0,"href":"https:\/\/linitiative.ca\/International\/wp-json\/wp\/v2\/posts\/71396\/revisions"}],"wp:attachment":[{"href":"https:\/\/linitiative.ca\/International\/wp-json\/wp\/v2\/media?parent=71396"}],"wp:term":[{"taxonomy":"category","embeddable":true,"href":"https:\/\/linitiative.ca\/International\/wp-json\/wp\/v2\/categories?post=71396"},{"taxonomy":"post_tag","embeddable":true,"href":"https:\/\/linitiative.ca\/International\/wp-json\/wp\/v2\/tags?post=71396"}],"curies":[{"name":"wp","href":"https:\/\/api.w.org\/{rel}","templated":true}]}}