{"id":71399,"date":"2019-12-27T13:00:28","date_gmt":"2019-12-27T18:00:28","guid":{"rendered":"https:\/\/linitiative.ca\/International\/2019-cinema-lempreinte-des-jeunes-realisateurs\/"},"modified":"2019-12-27T13:00:28","modified_gmt":"2019-12-27T18:00:28","slug":"2019-cinema-lempreinte-des-jeunes-realisateurs","status":"publish","type":"post","link":"https:\/\/linitiative.ca\/International\/2019-cinema-lempreinte-des-jeunes-realisateurs\/","title":{"rendered":"2019-Cin\u00e9ma: l&#8217;empreinte des jeunes r\u00e9alisateurs"},"content":{"rendered":"<div readability=\"38\">\n<p><strong>ALGER &#8211; Malgr\u00e9 une faible visibilit\u00e9 conjugu\u00e9e \u00e0 la raret\u00e9 d&rsquo;\u00e9v\u00e9nements en Alg\u00e9rie, l&rsquo;actualit\u00e9 cin\u00e9matographique de l&rsquo;ann\u00e9e qui s&rsquo;ach\u00e8ve aura \u00e9t\u00e9 marqu\u00e9e par une pr\u00e9sence pers\u00e9v\u00e9rante de jeunes r\u00e9alisateurs alg\u00e9riens dans les manifestations internationales. Les \u0153uvres port\u00e9es par ces cin\u00e9astes semblent inaugurer une vision rajeunie du cin\u00e9ma. Elles sont, en tous cas, salu\u00e9es par la critique et consacr\u00e9es par de nombreuses distinctions.<\/strong><\/p>\n<\/div>\n<div readability=\"124.76647681\">\n<p>Apr\u00e8s le succ\u00e8s de son premier long m\u00e9trage documentaire \u00ab\u00a0Fi Rassi rond-point\u00a0\u00bb (Dans ma t\u00eate un rond-point), le r\u00e9alisateur Hassan Ferhani a brillement fait parl\u00e9 de lui cette ann\u00e9e avec la sortie de \u00ab\u00a0143, rue du d\u00e9sert\u00a0\u00bb, un\u00a0 portrait poignant d&rsquo;une femme g\u00e9rante d&rsquo;un petit relais routier dans le d\u00e9sert alg\u00e9rien.<\/p>\n<p>Pr\u00e9sent\u00e9 en avant-premi\u00e8re mondiale au festival de Locarno, le documentaire remporte le Prix du \u00ab\u00a0meilleur r\u00e9alisateur \u00e9mergent\u00a0\u00bb et celui du \u00ab\u00a0Jury junior\u00a0\u00bb.<\/p>\n<p>Tout au long de l&rsquo;ann\u00e9e, il sera tour \u00e0 tour prim\u00e9 en Alg\u00e9rie, en Tunisie, en Cor\u00e9e du sud et en Egypte.<\/p>\n<p>Connu pour ses courts m\u00e9trages \u00ab\u00a0Demain Alger?\u00a0\u00bb et \u00ab\u00a0El Djazira\u00a0\u00bb, le r\u00e9alisateur Amine Sidi Boumediene a sign\u00e9 en 2019 son premier long m\u00e9trage de fiction, \u00ab\u00a0Abou Leila\u00a0\u00bb.<\/p>\n<p>Le film s\u00e9lectionn\u00e9 en comp\u00e9tition dans une trentaine de festivals internationaux a re\u00e7u le \u00ab\u00a0Prix du meilleur film New Wave\u00a0\u00bb du Festival europ\u00e9en du film de S\u00e9ville (Espagne) et celui de la critique au Cinemed (France).<\/p>\n<hr\/>\n<h3>Lire aussi:\u00a0<a href=\"http:\/\/www.aps.dz\/culture\/93284-hassen-ferhani-doublement-prime-au-festival-de-locarno\" target=\"_blank\" rel=\"noopener noreferrer\">Hassen Ferhani doublement prim\u00e9 au Festival de Locarno<\/a><\/h3>\n<hr\/>\n<p>Distribu\u00e9 dans \u00ab\u00a0Abou Leila\u00a0\u00bb, Lyes Salem s&rsquo;est vu pour sa part attribu\u00e9 le Tanit de la meilleure interpr\u00e9tation masculine aux Journ\u00e9es cin\u00e9matographiques de Carthage (Jcc, Tunisie).<\/p>\n<p>Autre premi\u00e8re \u0153uvre ayant fait parl\u00e9 d&rsquo;elle, \u00ab\u00a0Papicha\u00a0\u00bb de la r\u00e9alisatrice Mounia Meddour.<\/p>\n<p>Le film a \u00e9t\u00e9 pr\u00e9sent\u00e9 \u00e0 la semaine de la critique du dernier festival de Cannes et dans une dizaine de manifestations cin\u00e9matographiques \u00e0 travers le monde, France, Tunisie, et Belgique, entres autres.<\/p>\n<p>Au festival d&rsquo;Angoul\u00eame (France), \u00ab\u00a0Papicha\u00a0\u00bb s&rsquo;est adjug\u00e9 le prix du public, du meilleur sc\u00e9nario ainsi que celui de la meilleure actrice d\u00e9cern\u00e9 \u00e0 Lyna Khoudri. Cette derni\u00e8re, d\u00e9j\u00e0 distingu\u00e9e \u00e0 la Mostra de Venise en 2017 pour son r\u00f4le dans \u00ab\u00a0Les bienheureux\u00a0\u00bb de Sofia Djamaa, y confirme son talent d&rsquo;actrice.<\/p>\n<p>Chacun \u00e0 leur mani\u00e8re, Mounia Meddour et Amine Sidi Boumediene abordent les ann\u00e9es du terrorisme qui, en une d\u00e9cennie, a plomb\u00e9 le climat social et politique en Alg\u00e9rie, laissant des traces profondes chez des g\u00e9n\u00e9rations enti\u00e8res d&rsquo;Alg\u00e9riens.<\/p>\n<p>Au c\u00f4t\u00e9 des jeunes talents qui confortent leur place dans le septi\u00e8me art, l&rsquo;in\u00e9narrable Hamid Benamara, le cin\u00e9aste aux \u0153uvres atypiques, est revenu en 2019 avec \u00ab\u00a0Timelife\u00a0\u00bb, son dernier n\u00e9 s\u00e9lectionn\u00e9 dans des festivals en Russie et aux Etats-Unis, alors que Merzak Allouache signe le thriller \u00ab\u00a0Paysages d&rsquo;automne\u00a0\u00bb et \u00ab\u00a0Vent divin\u00a0\u00bb, autre long m\u00e9trage pr\u00e9sent\u00e9 en Allemagne.<\/p>\n<p class=\"c30\"><strong>Public sevr\u00e9<\/strong><\/p>\n<p>A l&rsquo;exception de \u00ab\u00a0143, rue du d\u00e9sert\u00a0\u00bb et de \u00ab\u00a0Paysages d&rsquo;automne\u00a0\u00bb de Merzak Allouache, projet\u00e9s deux fois lors du dernier Festival international du cin\u00e9ma d&rsquo;Alger (FICA), aucun des films sortis en 2019 n&rsquo;a \u00e9t\u00e9 projet\u00e9 au public en Alg\u00e9rie.<\/p>\n<p>En plus de l&rsquo;annulation des festivals du film arabe d&rsquo;Oran et celui du film m\u00e9diterran\u00e9en de Annaba, ces nouvelles productions p\u00e2tissent d&rsquo;une absence totale de distribution en Alg\u00e9rie, malgr\u00e9 l&rsquo;engouement du public cin\u00e9phile pour les sorties des films commerciaux \u00e9trangers.<\/p>\n<hr\/>\n<h3>Lire aussi:\u00a0<a href=\"http:\/\/www.aps.dz\/culture\/97604-10e-fica-projection-du-documentaire-nar-en-cloture-du-festival\" target=\"_blank\" rel=\"noopener noreferrer\">10e Fica: projection du documentaire \u00ab\u00a0Nar\u00a0\u00bb en cl\u00f4ture du festival<\/a><\/h3>\n<hr\/>\n<p>Meriem Achour Bouakkaz aura \u00e9t\u00e9, elle aussi, une des d\u00e9couvertes de l&rsquo;ann\u00e9e 2019 avec son documentaire \u00ab\u00a0Nar\u00a0\u00bb (feu) projet\u00e9 une seule fois \u00e0 l&rsquo;occasion du 10e FICA.<\/p>\n<p>Tout comme El Kheyer Zidani, auteur de \u00ab\u00a0Nice Very Nice\u00a0\u00bb et Mohamed Benabdallah, r\u00e9alisateur de \u00ab\u00a0Je dirais tout \u00e0 Dieu\u00a0\u00bb, des cin\u00e9astes qui ont sign\u00e9 des courts m\u00e9trages \u00e0 succ\u00e8s regrettent cette absence de visibilit\u00e9 de leurs \u0153uvres en Alg\u00e9rie o\u00f9 le public se trouve sevr\u00e9 d&rsquo;images sur les Alg\u00e9riens, tourn\u00e9es par des cin\u00e9astes alg\u00e9riens, se d\u00e9solent-ils.<\/p>\n<\/div>\n<p>Auteur:<br \/>\n<a href=\"http:\/\/www.aps.dz\/culture\/99474-2019-cinema-l-empreinte-des-jeunes-realisateurs\">Cliquez ici pour lire l&rsquo;article depuis sa source.<\/a><\/p>\n","protected":false},"excerpt":{"rendered":"<p>ALGER &#8211; Malgr\u00e9 une faible visibilit\u00e9 conjugu\u00e9e \u00e0 la raret\u00e9 d&rsquo;\u00e9v\u00e9nements en Alg\u00e9rie, l&rsquo;actualit\u00e9 cin\u00e9matographique de l&rsquo;ann\u00e9e qui s&rsquo;ach\u00e8ve aura \u00e9t\u00e9 marqu\u00e9e par une pr\u00e9sence pers\u00e9v\u00e9rante de jeunes r\u00e9alisateurs alg\u00e9riens dans les manifestations internationales. Les \u0153uvres port\u00e9es par ces cin\u00e9astes semblent inaugurer une vision rajeunie du cin\u00e9ma. Elles sont, en tous cas, salu\u00e9es par la [&hellip;]<\/p>\n","protected":false},"author":1790,"featured_media":0,"comment_status":"closed","ping_status":"closed","sticky":false,"template":"","format":"standard","meta":{"fifu_image_url":"","fifu_image_alt":"","footnotes":""},"categories":[53,79],"tags":[],"class_list":["post-71399","post","type-post","status-publish","format-standard","hentry","category-algerie","category-culture"],"_links":{"self":[{"href":"https:\/\/linitiative.ca\/International\/wp-json\/wp\/v2\/posts\/71399","targetHints":{"allow":["GET"]}}],"collection":[{"href":"https:\/\/linitiative.ca\/International\/wp-json\/wp\/v2\/posts"}],"about":[{"href":"https:\/\/linitiative.ca\/International\/wp-json\/wp\/v2\/types\/post"}],"author":[{"embeddable":true,"href":"https:\/\/linitiative.ca\/International\/wp-json\/wp\/v2\/users\/1790"}],"replies":[{"embeddable":true,"href":"https:\/\/linitiative.ca\/International\/wp-json\/wp\/v2\/comments?post=71399"}],"version-history":[{"count":0,"href":"https:\/\/linitiative.ca\/International\/wp-json\/wp\/v2\/posts\/71399\/revisions"}],"wp:attachment":[{"href":"https:\/\/linitiative.ca\/International\/wp-json\/wp\/v2\/media?parent=71399"}],"wp:term":[{"taxonomy":"category","embeddable":true,"href":"https:\/\/linitiative.ca\/International\/wp-json\/wp\/v2\/categories?post=71399"},{"taxonomy":"post_tag","embeddable":true,"href":"https:\/\/linitiative.ca\/International\/wp-json\/wp\/v2\/tags?post=71399"}],"curies":[{"name":"wp","href":"https:\/\/api.w.org\/{rel}","templated":true}]}}