{"id":71400,"date":"2019-12-27T11:31:00","date_gmt":"2019-12-27T16:31:00","guid":{"rendered":"https:\/\/linitiative.ca\/International\/la-primaute-du-civil-sur-le-militaire\/"},"modified":"2019-12-27T11:31:00","modified_gmt":"2019-12-27T16:31:00","slug":"la-primaute-du-civil-sur-le-militaire","status":"publish","type":"post","link":"https:\/\/linitiative.ca\/International\/la-primaute-du-civil-sur-le-militaire\/","title":{"rendered":"\u00ab La primaut\u00e9 du civil sur le militaire \u00bb"},"content":{"rendered":"<div id=\"originalText\" readability=\"70\">\n<p>Les manifestants ont entam\u00e9 ce vendredi leur 45e marche depuis la rue Didouche Mourad, \u00e0 Alger.<\/p>\n<p>La manifestation qui a d\u00e9but\u00e9 modestement peu avant midi a doubl\u00e9 de volume, \u00e0 partir de 14h. Des milliers de manifestants d\u00e9ferlaient, en effet, sur la rue Didouche Mourad pour se diriger vers la place Audin et la Grande Poste. Les ruelles d\u2019Alger vibraient aux cris de \u00ab\u00a0Istiklal istiklal\u00a0! (Ind\u00e9pendance)\u00a0\u00bb et \u00ab d\u00e9gage, d\u00e9gage\u00a0!\u00a0\u00bb.<\/p>\n<p>\u00c0 l\u2019occasion du 62 anniversaire de l\u2019assassinat d\u2019Abane Ramdane, les manifestants ont tenu \u00e0 lui rendre un vibrant hommage, des centaines de portraits sont brandis par les manifestants, tout en scandant \u00ab\u00a0Allah yerahmou, Abane Ramdane\u00a0\u00bb.<\/p>\n<p><img decoding=\"async\" alt=\"\" src=\"\/data\/upload\/20191227_134532%5B1%5D%281%29.jpg\" class=\"c6\"\/><\/p>\n<p>En ce troisi\u00e8me vendredi apr\u00e8s l\u2019\u00e9lection d\u2019Abdelmadjid Tebounne \u00e0 la pr\u00e9sidence de la R\u00e9publique, les manifestants ont une nouvelle fois, d\u00e9nonc\u00e9 \u00ab\u00a0l\u2019ill\u00e9gitimit\u00e9 du scrutin pr\u00e9sidentiel\u00a0\u00bb, qui a \u00e9t\u00e9 boycott\u00e9 par la majorit\u00e9 du peuple. \u00ab Tebounne ne nous gouvernera pas\u00a0\u00bb, ont-ils \u00e9galement scand\u00e9 en ch\u0153ur.<\/p>\n<p>\u00c0 15h30, une mar\u00e9e humaine affluait, comme \u00e0 l\u2019accoutum\u00e9, des quartiers populaires, notamment de la Casbah et Bab El Oued.<\/p>\n<p><iframe loading=\"lazy\" allowfullscreen=\"true\" allowtransparency=\"true\" frameborder=\"0\" height=\"315\" scrolling=\"no\" src=\"https:\/\/www.facebook.com\/plugins\/video.php?href=https%3A%2F%2Fwww.facebook.com%2FJournaLiberteOfficiel%2Fvideos%2F569802420509617%2F&#038;show_text=0&#038;width=560\" class=\"c7\" width=\"560\">[embedded content]<\/iframe>Les manifestants ont r\u00e9it\u00e9r\u00e9 leurs revendications principales, \u00e0 savoir \u00ab\u00a0un \u00c9tat civil et non militaire\u00a0\u00bb et \u00ab\u00a0la lib\u00e9ration de tous les d\u00e9tenus d\u2019opinion\u00a0\u00bb.<\/p>\n<p class=\"c8\"><strong>Sihem Benmalek<\/strong><\/p>\n<\/div>\n<div id=\"text_core\" readability=\"70\">\n<p>Les manifestants ont entam\u00e9 ce vendredi leur 45e marche depuis la rue Didouche Mourad, \u00e0 Alger.<\/p>\n<p>La manifestation qui a d\u00e9but\u00e9 modestement peu avant midi a doubl\u00e9 de volume, \u00e0 partir de 14h. Des milliers de manifestants d\u00e9ferlaient, en effet, sur la rue Didouche Mourad pour se diriger vers la place Audin et la Grande Poste. Les ruelles d\u2019Alger vibraient aux cris de \u00ab\u00a0Istiklal istiklal\u00a0! (Ind\u00e9pendance)\u00a0\u00bb et \u00ab d\u00e9gage, d\u00e9gage\u00a0!\u00a0\u00bb.<\/p>\n<p>\u00c0 l\u2019occasion du 62 anniversaire de l\u2019assassinat d\u2019Abane Ramdane, les manifestants ont tenu \u00e0 lui rendre un vibrant hommage, des centaines de portraits sont brandis par les manifestants, tout en scandant \u00ab\u00a0Allah yerahmou, Abane Ramdane\u00a0\u00bb.<\/p>\n<p><img decoding=\"async\" alt=\"\" src=\"\/data\/upload\/20191227_134532%5B1%5D%281%29.jpg\" class=\"c6\"\/><\/p>\n<p>En ce troisi\u00e8me vendredi apr\u00e8s l\u2019\u00e9lection d\u2019Abdelmadjid Tebounne \u00e0 la pr\u00e9sidence de la R\u00e9publique, les manifestants ont une nouvelle fois, d\u00e9nonc\u00e9 \u00ab\u00a0l\u2019ill\u00e9gitimit\u00e9 du scrutin pr\u00e9sidentiel\u00a0\u00bb, qui a \u00e9t\u00e9 boycott\u00e9 par la majorit\u00e9 du peuple. \u00ab Tebounne ne nous gouvernera pas\u00a0\u00bb, ont-ils \u00e9galement scand\u00e9 en ch\u0153ur.<\/p>\n<p>\u00c0 15h30, une mar\u00e9e humaine affluait, comme \u00e0 l\u2019accoutum\u00e9, des quartiers populaires, notamment de la Casbah et Bab El Oued.<\/p>\n<p><iframe loading=\"lazy\" allowfullscreen=\"true\" allowtransparency=\"true\" frameborder=\"0\" height=\"315\" scrolling=\"no\" src=\"https:\/\/www.facebook.com\/plugins\/video.php?href=https%3A%2F%2Fwww.facebook.com%2FJournaLiberteOfficiel%2Fvideos%2F569802420509617%2F&#038;show_text=0&#038;width=560\" class=\"c7\" width=\"560\">[embedded content]<\/iframe>Les manifestants ont r\u00e9it\u00e9r\u00e9 leurs revendications principales, \u00e0 savoir \u00ab\u00a0un \u00c9tat civil et non militaire\u00a0\u00bb et \u00ab\u00a0la lib\u00e9ration de tous les d\u00e9tenus d\u2019opinion\u00a0\u00bb.<\/p>\n<p class=\"c8\"><strong>Sihem Benmalek<\/strong><\/p>\n<\/div>\n<p>Auteur:<br \/>\n<a href=\"https:\/\/www.liberte-algerie.com\/actualite\/la-primaute-du-civil-sur-le-militaire-330869\">Cliquez ici pour lire l&rsquo;article depuis sa source.<\/a><\/p>\n","protected":false},"excerpt":{"rendered":"<p>Les manifestants ont entam\u00e9 ce vendredi leur 45e marche depuis la rue Didouche Mourad, \u00e0 Alger. La manifestation qui a d\u00e9but\u00e9 modestement peu avant midi a doubl\u00e9 de volume, \u00e0 partir de 14h. Des milliers de manifestants d\u00e9ferlaient, en effet, sur la rue Didouche Mourad pour se diriger vers la place Audin et la Grande [&hellip;]<\/p>\n","protected":false},"author":1742,"featured_media":71401,"comment_status":"closed","ping_status":"closed","sticky":false,"template":"","format":"standard","meta":{"fifu_image_url":"","fifu_image_alt":"","footnotes":""},"categories":[73,53],"tags":[],"class_list":["post-71400","post","type-post","status-publish","format-standard","has-post-thumbnail","hentry","category-actualite","category-algerie"],"_links":{"self":[{"href":"https:\/\/linitiative.ca\/International\/wp-json\/wp\/v2\/posts\/71400","targetHints":{"allow":["GET"]}}],"collection":[{"href":"https:\/\/linitiative.ca\/International\/wp-json\/wp\/v2\/posts"}],"about":[{"href":"https:\/\/linitiative.ca\/International\/wp-json\/wp\/v2\/types\/post"}],"author":[{"embeddable":true,"href":"https:\/\/linitiative.ca\/International\/wp-json\/wp\/v2\/users\/1742"}],"replies":[{"embeddable":true,"href":"https:\/\/linitiative.ca\/International\/wp-json\/wp\/v2\/comments?post=71400"}],"version-history":[{"count":0,"href":"https:\/\/linitiative.ca\/International\/wp-json\/wp\/v2\/posts\/71400\/revisions"}],"wp:featuredmedia":[{"embeddable":true,"href":"https:\/\/linitiative.ca\/International\/wp-json\/"}],"wp:attachment":[{"href":"https:\/\/linitiative.ca\/International\/wp-json\/wp\/v2\/media?parent=71400"}],"wp:term":[{"taxonomy":"category","embeddable":true,"href":"https:\/\/linitiative.ca\/International\/wp-json\/wp\/v2\/categories?post=71400"},{"taxonomy":"post_tag","embeddable":true,"href":"https:\/\/linitiative.ca\/International\/wp-json\/wp\/v2\/tags?post=71400"}],"curies":[{"name":"wp","href":"https:\/\/api.w.org\/{rel}","templated":true}]}}