{"id":71403,"date":"2019-12-26T15:38:28","date_gmt":"2019-12-26T20:38:28","guid":{"rendered":"https:\/\/linitiative.ca\/International\/tanger-marrakech-convention-de-cooperation-entre-les-ccis\/"},"modified":"2019-12-26T15:38:28","modified_gmt":"2019-12-26T20:38:28","slug":"tanger-marrakech-convention-de-cooperation-entre-les-ccis","status":"publish","type":"post","link":"https:\/\/linitiative.ca\/International\/tanger-marrakech-convention-de-cooperation-entre-les-ccis\/","title":{"rendered":"Tanger-Marrakech: Convention de coop\u00e9ration entre les CCIS"},"content":{"rendered":"<div readability=\"37\">\n<p>Tanger \u2013 Une convention visant le renforcement de la coop\u00e9ration bilat\u00e9rale et l\u2019encouragement de l\u2019investissement a \u00e9t\u00e9 sign\u00e9e, jeudi \u00e0 Tanger, entre la Chambre de commerce, d\u2019industrie et de services (CCIS) de Tanger-T\u00e9touan-Al Hoceima et celle de la r\u00e9gion de Marrakech-Safi.<\/p>\n<\/div>\n<div readability=\"72\">\n<p>La convention, sign\u00e9e par le\u00a0pr\u00e9sident de la CCIS de Tanger-T\u00e9touan-Al Hoceima, Omar Moro, et le pr\u00e9sident de la commission du tourisme de la CCIS de Marrakech-Safi, Abdellatif Aafir, porte \u00e9galement sur l\u2019\u00e9change d\u2019informations et de statistiques d\u2019ordre \u00e9conomique entre les deux chambres.<\/p>\n<p>Les chambres de commerce de Tanger-T\u00e9touan-Al Hoceima et de Marrakech-Safi ont pour but, \u00e0 travers la signature de cette convention, d\u2019organiser des rencontres bilat\u00e9rales visant \u00e0 cr\u00e9er une coordination et une compl\u00e9mentarit\u00e9 \u00e0 plusieurs niveaux, a indiqu\u00e9 M. Moro dans une d\u00e9claration \u00e0 la presse.<\/p>\n<p>Chaque r\u00e9gion du Royaume poss\u00e8de des particularit\u00e9s, d\u2019o\u00f9 l\u2019importance de ce genre de conventions qui permettent de promouvoir davantage le partage d\u2019informations et d\u2019\u00e9tudes sur terrain men\u00e9es de part et d\u2019autre, et ce afin d\u2019examiner les opportunit\u00e9s pour chacune des parties de b\u00e9n\u00e9ficier des atouts des autres r\u00e9gions, a-t-il ajout\u00e9.<\/p>\n<p>Pour sa part, M. Aafir a confi\u00e9 que\u00a0le choix de la CCIS de Marrakech-Safi s\u2019est port\u00e9 sur la r\u00e9gion de Tanger-T\u00e9touan-Al Hoceima compte tenu du r\u00f4le \u00e9conomique qu\u2019elle joue au niveau national, en plus de l\u2019essor industriel qu\u2019elle conna\u00eet et de ses infrastructures d\u00e9velopp\u00e9es, \u00e0 l\u2019instar des zones industrielles et le port Tanger-Med.<\/p>\n<p>Il a, dans ce sens, exprim\u00e9 la volont\u00e9 de la Chambre de commerce de Marrakech-Safi de b\u00e9n\u00e9ficier de l\u2019exp\u00e9rience de la r\u00e9gion de Tanger-T\u00e9touan-Al Hoceima principalement en termes de\u00a0zones industrielles, notant que cette convention permettra non seulement de cr\u00e9er une compl\u00e9mentarit\u00e9 entre les deux r\u00e9gions mais \u00e9galement d\u2019ouvrir de nouvelles opportunit\u00e9s d\u2019investissement de part et d\u2019autre.<\/p>\n<\/div>\n<p>Auteur: Meriem IGASS<br \/>\n<a href=\"http:\/\/www.mapmarrakech.ma\/fr\/tanger\/\">Cliquez ici pour lire l&rsquo;article depuis sa source.<\/a><\/p>\n","protected":false},"excerpt":{"rendered":"<p>Tanger \u2013 Une convention visant le renforcement de la coop\u00e9ration bilat\u00e9rale et l\u2019encouragement de l\u2019investissement a \u00e9t\u00e9 sign\u00e9e, jeudi \u00e0 Tanger, entre la Chambre de commerce, d\u2019industrie et de services (CCIS) de Tanger-T\u00e9touan-Al Hoceima et celle de la r\u00e9gion de Marrakech-Safi. La convention, sign\u00e9e par le\u00a0pr\u00e9sident de la CCIS de Tanger-T\u00e9touan-Al Hoceima, Omar Moro, et [&hellip;]<\/p>\n","protected":false},"author":1788,"featured_media":0,"comment_status":"closed","ping_status":"closed","sticky":false,"template":"","format":"standard","meta":{"fifu_image_url":"","fifu_image_alt":"","footnotes":""},"categories":[54,76],"tags":[],"class_list":["post-71403","post","type-post","status-publish","format-standard","hentry","category-maroc","category-regions"],"_links":{"self":[{"href":"https:\/\/linitiative.ca\/International\/wp-json\/wp\/v2\/posts\/71403","targetHints":{"allow":["GET"]}}],"collection":[{"href":"https:\/\/linitiative.ca\/International\/wp-json\/wp\/v2\/posts"}],"about":[{"href":"https:\/\/linitiative.ca\/International\/wp-json\/wp\/v2\/types\/post"}],"author":[{"embeddable":true,"href":"https:\/\/linitiative.ca\/International\/wp-json\/wp\/v2\/users\/1788"}],"replies":[{"embeddable":true,"href":"https:\/\/linitiative.ca\/International\/wp-json\/wp\/v2\/comments?post=71403"}],"version-history":[{"count":0,"href":"https:\/\/linitiative.ca\/International\/wp-json\/wp\/v2\/posts\/71403\/revisions"}],"wp:attachment":[{"href":"https:\/\/linitiative.ca\/International\/wp-json\/wp\/v2\/media?parent=71403"}],"wp:term":[{"taxonomy":"category","embeddable":true,"href":"https:\/\/linitiative.ca\/International\/wp-json\/wp\/v2\/categories?post=71403"},{"taxonomy":"post_tag","embeddable":true,"href":"https:\/\/linitiative.ca\/International\/wp-json\/wp\/v2\/tags?post=71403"}],"curies":[{"name":"wp","href":"https:\/\/api.w.org\/{rel}","templated":true}]}}