{"id":71407,"date":"2019-12-27T04:31:32","date_gmt":"2019-12-27T09:31:32","guid":{"rendered":"https:\/\/linitiative.ca\/International\/nette-amelioration-des-indicateurs-du-systeme-deducation\/"},"modified":"2019-12-27T04:31:32","modified_gmt":"2019-12-27T09:31:32","slug":"nette-amelioration-des-indicateurs-du-systeme-deducation","status":"publish","type":"post","link":"https:\/\/linitiative.ca\/International\/nette-amelioration-des-indicateurs-du-systeme-deducation\/","title":{"rendered":"Nette am\u00e9lioration des indicateurs du syst\u00e8me d\u2019\u00e9ducation"},"content":{"rendered":"<div readability=\"39\">\n<p>Marrakech \u2013 Tous les indicateurs du syst\u00e8me d\u2019\u00e9ducation au niveau de la r\u00e9gion Marrakech-Safi ont enregistr\u00e9 une nette am\u00e9lioration au cours de l\u2019ann\u00e9e scolaire 2019\/2020, a affirm\u00e9 jeudi, \u00e0 Marrakech, le directeur de l\u2019Acad\u00e9mie r\u00e9gionale d\u2019\u00e9ducation et de formation (AREF) de Marrakech-Safi, Ahmed Karimi.<\/p>\n<\/div>\n<div readability=\"128\">\n<p>S\u2019exprimant lors d\u2019une conf\u00e9rence de presse \u00e0 l\u2019occasion de la tenue du Conseil d\u2019administration de l\u2019AREF Marrakech-Safi, session de d\u00e9cembre 2019, M. Karimi a soulign\u00e9 que la cadence de r\u00e9alisation des chantiers ouverts et les programmes prioritaires au niveau de cette r\u00e9gion a augment\u00e9 alors que les indicateurs du syst\u00e8me \u00e9ducatif (qualit\u00e9 et taux de scolarit\u00e9) se sont nettement am\u00e9lior\u00e9s au cours de l\u2019ann\u00e9e 2019\/2020 par rapport \u00e0 l\u2019ann\u00e9e 2018\/2019.<\/p>\n<p>Au niveau de l\u2019enseignement pr\u00e9scolaire, quelque 126.378 enfants, dont 24% dans l\u2019enseignement public, soit une hausse de 69 %, ont \u00e9t\u00e9 inscrits en 2019\/2020, a-t-il indiqu\u00e9, pr\u00e9cisant que le taux de scolarit\u00e9 au primaire a enregistr\u00e9 dans la r\u00e9gion 99,82%, soit 669.068 \u00e9l\u00e8ves inscrits et une hausse de 2% par rapport \u00e0 l\u2019ann\u00e9e scolaire 2018\/2019.<\/p>\n<p>M.Karimi s\u2019est f\u00e9licit\u00e9 que l\u2019ann\u00e9e 2019\/2020 ait enregistr\u00e9 une hausse du nombre de filles scolaris\u00e9es notamment en cycle secondaire coll\u00e9gial, o\u00f9 la difficult\u00e9 de la poursuite de la scolarit\u00e9 se fait davantage sentir, indiquant que le plan d\u2019action de l\u2019AREF a permis de r\u00e9duire de mani\u00e8re significative le taux de d\u00e9crochage scolaire (1,51%) notamment en milieu rural dans les provinces de Chichaoua, Essaouira et Al Haouz, connues pour la difficult\u00e9 de leurs reliefs.<\/p>\n<p>Au niveau l\u2019\u00e9largissement de l\u2019offre scolaire, M. Karimi a fait savoir que 16 nouveaux \u00e9tablissements scolaires ont \u00e9t\u00e9 ouverts au cours de l\u2019ann\u00e9e 2019\/2020, dont 10 au primaire alors que pour la prochaine ann\u00e9e scolaire, 17 nouveaux \u00e9tablissements scolaires seront ouverts.<\/p>\n<p>Le plan d\u2019action de l\u2019AREF a permis aussi de r\u00e9duire le pr\u00e9fabriqu\u00e9 de 5.000 \u00e0 2.000 actuellement, a-t-il soulign\u00e9, relevant que l\u2019AREF Marrakech-Safi pr\u00e9voit d\u2019\u00e9radiquer le pr\u00e9fabriqu\u00e9 \u00e0 l\u2019horizon 2022.<\/p>\n<p>S\u2019agissant du renforcement des programmes de soutien scolaire, il a indiqu\u00e9 que 701.881 \u00e9l\u00e8ves, dont 589.954 au primaire et 112.027 au secondaire coll\u00e9gial, ont b\u00e9n\u00e9fici\u00e9 durant l\u2019ann\u00e9e 2019\/2020, de l\u2019initiative Royale \u00ab\u00a0Un million de cartables\u00a0\u00bb alors que le nombre de b\u00e9n\u00e9ficiaires du programme \u00ab\u00a0Tayssir\u00a0\u00bb s\u2019\u00e9l\u00e8ve \u00e0 481.692 \u00e9l\u00e8ves en 2019\/2020 contre 452.413 durant l\u2019ann\u00e9e 2018-2019.<\/p>\n<p>Le nombre de b\u00e9n\u00e9ficiaires du transport scolaire durant l\u2019ann\u00e9e scolaire 2019\/2020 au niveau de la r\u00e9gion s\u2019\u00e9l\u00e8ve de son c\u00f4t\u00e9, \u00e0 quelque 58.678 \u00e9l\u00e8ves, soit une hausse de 28% comparativement avec l\u2019ann\u00e9e scolaire 2018\/2019 tandis que les b\u00e9n\u00e9ficiaires des cantines scolaires ont atteint 244.396 (+5%), dont 123.165 filles au primaire et 14.341 \u00e9l\u00e8ves (+11%), dont 7.121 filles au secondaire.<\/p>\n<p>M. Karimi a en outre, indiqu\u00e9 que le nombre d\u2019\u00e9coles communautaires op\u00e9rationnelles dans la r\u00e9gion s\u2019\u00e9l\u00e8ve \u00e0 08 alors que 07 sont en cours de r\u00e9alisation.<\/p>\n<p>Et de faire savoir que l\u2019exp\u00e9rience de l\u2019\u00e9cole de la deuxi\u00e8me chance\u00a0a \u00e9t\u00e9 entam\u00e9e au niveau de 05 provinces de la r\u00e9gion (Marrakech, Essaouira, Safi, Chichaoua et Al Haouz), indiquant que\u00a0la r\u00e9gion Marrakech-Safi dispose actuellement de 100 classes d\u00e9di\u00e9es \u00e0 l\u2019\u00e9ducation inclusive.<\/p>\n<p>Pour ce qui est de la promotion des ressources humaines, l\u2019AREF a proc\u00e9d\u00e9 en 2020 au recrutement de 2.458 cadres-enseignants de l\u2019acad\u00e9mie, qui suivent actuellement leur formation.<\/p>\n<p>Par ailleurs, M. Karimi a indiqu\u00e9 que l\u2019acad\u00e9mie poursuivra l\u2019\u00e9largissement de l\u2019offre et l\u2019am\u00e9lioration de la qualit\u00e9 de l\u2019enseignement primaire \u00e0 travers la cr\u00e9ation de 450 classes, la formation de 2.149 \u00e9ducateurs, alors que le plan d\u2019action de l\u2019AREF pr\u00e9voit d\u2019augmenter la capacit\u00e9 d\u2019accueil des internats de 1.000 lits au titre de l\u2019ann\u00e9e scolaire 2020\/2021.<\/p>\n<p>S\u2019agissant du chantier d\u2019\u00a0\u00bb\u00e9tudes et sports\u00a0\u00bb, l\u2019AREF compte ouvrir un \u00e9tablissement scolaire d\u00e9di\u00e9 \u00e0 cet enseignement, a-t-il ajout\u00e9.<\/p>\n<p>Pour rappel, le Conseil d\u2019administration de l\u2019AREF Marrakech-Safi, r\u00e9uni mardi dernier, avait approuv\u00e9 le plan d\u2019action et le budget 2020.<\/p>\n<\/div>\n<p>Auteur: Meriem IGASS<br \/>\n<a href=\"http:\/\/www.mapmarrakech.ma\/fr\/karimi\/\">Cliquez ici pour lire l&rsquo;article depuis sa source.<\/a><\/p>\n","protected":false},"excerpt":{"rendered":"<p>Marrakech \u2013 Tous les indicateurs du syst\u00e8me d\u2019\u00e9ducation au niveau de la r\u00e9gion Marrakech-Safi ont enregistr\u00e9 une nette am\u00e9lioration au cours de l\u2019ann\u00e9e scolaire 2019\/2020, a affirm\u00e9 jeudi, \u00e0 Marrakech, le directeur de l\u2019Acad\u00e9mie r\u00e9gionale d\u2019\u00e9ducation et de formation (AREF) de Marrakech-Safi, Ahmed Karimi. S\u2019exprimant lors d\u2019une conf\u00e9rence de presse \u00e0 l\u2019occasion de la tenue [&hellip;]<\/p>\n","protected":false},"author":1788,"featured_media":0,"comment_status":"closed","ping_status":"closed","sticky":false,"template":"","format":"standard","meta":{"fifu_image_url":"","fifu_image_alt":"","footnotes":""},"categories":[54,76],"tags":[],"class_list":["post-71407","post","type-post","status-publish","format-standard","hentry","category-maroc","category-regions"],"_links":{"self":[{"href":"https:\/\/linitiative.ca\/International\/wp-json\/wp\/v2\/posts\/71407","targetHints":{"allow":["GET"]}}],"collection":[{"href":"https:\/\/linitiative.ca\/International\/wp-json\/wp\/v2\/posts"}],"about":[{"href":"https:\/\/linitiative.ca\/International\/wp-json\/wp\/v2\/types\/post"}],"author":[{"embeddable":true,"href":"https:\/\/linitiative.ca\/International\/wp-json\/wp\/v2\/users\/1788"}],"replies":[{"embeddable":true,"href":"https:\/\/linitiative.ca\/International\/wp-json\/wp\/v2\/comments?post=71407"}],"version-history":[{"count":0,"href":"https:\/\/linitiative.ca\/International\/wp-json\/wp\/v2\/posts\/71407\/revisions"}],"wp:attachment":[{"href":"https:\/\/linitiative.ca\/International\/wp-json\/wp\/v2\/media?parent=71407"}],"wp:term":[{"taxonomy":"category","embeddable":true,"href":"https:\/\/linitiative.ca\/International\/wp-json\/wp\/v2\/categories?post=71407"},{"taxonomy":"post_tag","embeddable":true,"href":"https:\/\/linitiative.ca\/International\/wp-json\/wp\/v2\/tags?post=71407"}],"curies":[{"name":"wp","href":"https:\/\/api.w.org\/{rel}","templated":true}]}}