{"id":71408,"date":"2019-12-27T07:03:25","date_gmt":"2019-12-27T12:03:25","guid":{"rendered":"https:\/\/linitiative.ca\/International\/marche-de-gros-des-recettes-record-en-2019\/"},"modified":"2019-12-27T07:03:25","modified_gmt":"2019-12-27T12:03:25","slug":"marche-de-gros-des-recettes-record-en-2019","status":"publish","type":"post","link":"https:\/\/linitiative.ca\/International\/marche-de-gros-des-recettes-record-en-2019\/","title":{"rendered":"March\u00e9 de gros: Des recettes record en 2019"},"content":{"rendered":"<div readability=\"34\">\n<p>Marrakech \u2013 Les recettes du march\u00e9 de gros des fruits et l\u00e9gumes de Marrakech ont enregistr\u00e9 une hausse de 13% au titre de l\u2019ann\u00e9e 2019 comparativement \u00e0 l\u2019ann\u00e9e pr\u00e9c\u00e9dente et une progression de 57% par rapport \u00e0 2015.<\/p>\n<\/div>\n<div readability=\"66\">\n<p>Ces recettes record du march\u00e9 de gros ont d\u00e9pass\u00e9 les 2,9 milliards de centimes (plus de 29 millions de DH) au titre de l\u2019ann\u00e9e qui s\u2019ach\u00e8ve, indique un communiqu\u00e9 de la commune urbaine de Marrakech.<\/p>\n<p>Les recettes du march\u00e9 de gros des fruits et l\u00e9gumes de Marrakech affichent une hausse annuelle depuis l\u2019ann\u00e9e 2015, o\u00f9 elles \u00e9taient de 18,5 millions de DH (MDH), pour passer \u00e0 23,4 MDH en 2016, 25,6 MDH en 2017 et 25,8 MDH en 2018, selon des donn\u00e9es fournies par la commune urbaine.<\/p>\n<p>La m\u00eame source explique que l\u2019\u00e9volution des recettes du march\u00e9 de gros correspond au d\u00e9veloppement et \u00e0 l\u2019essor \u00e9conomique que connait la cit\u00e9 ocre dans diff\u00e9rents domaines.\u00a0Elle est aussi le fruit d\u2019efforts consentis par les diff\u00e9rents partenaires et intervenants, les services communaux charg\u00e9s de la gestion du march\u00e9, les autorit\u00e9s locales ainsi que la forte coordination entre les commer\u00e7ants et la direction du march\u00e9 de gros.<\/p>\n<p>Install\u00e9 depuis 2007 \u00e0 Sidi Ghanem, le march\u00e9 de gros de Marrakech est le plus grand du genre dans la r\u00e9gion Marrakech-Safi.<\/p>\n<p>Ce march\u00e9 est organis\u00e9 en 5 hangars ou aires de vente avec une s\u00e9paration des l\u00e9gumes et des grains.<\/p>\n<p>Son transfert en 2007 \u00e0 Sidi Ghanem avait comme objectifs de r\u00e9organiser le march\u00e9, d\u00e9congestionner la ville de Marrakech et le centre-ville et augmenter les recettes de la ville.<\/p>\n<\/div>\n<p>Auteur: Meriem IGASS<br \/>\n<a href=\"http:\/\/www.mapmarrakech.ma\/fr\/gros\/\">Cliquez ici pour lire l&rsquo;article depuis sa source.<\/a><\/p>\n","protected":false},"excerpt":{"rendered":"<p>Marrakech \u2013 Les recettes du march\u00e9 de gros des fruits et l\u00e9gumes de Marrakech ont enregistr\u00e9 une hausse de 13% au titre de l\u2019ann\u00e9e 2019 comparativement \u00e0 l\u2019ann\u00e9e pr\u00e9c\u00e9dente et une progression de 57% par rapport \u00e0 2015. Ces recettes record du march\u00e9 de gros ont d\u00e9pass\u00e9 les 2,9 milliards de centimes (plus de 29 [&hellip;]<\/p>\n","protected":false},"author":1788,"featured_media":0,"comment_status":"closed","ping_status":"closed","sticky":false,"template":"","format":"standard","meta":{"fifu_image_url":"","fifu_image_alt":"","footnotes":""},"categories":[54,76],"tags":[],"class_list":["post-71408","post","type-post","status-publish","format-standard","hentry","category-maroc","category-regions"],"_links":{"self":[{"href":"https:\/\/linitiative.ca\/International\/wp-json\/wp\/v2\/posts\/71408","targetHints":{"allow":["GET"]}}],"collection":[{"href":"https:\/\/linitiative.ca\/International\/wp-json\/wp\/v2\/posts"}],"about":[{"href":"https:\/\/linitiative.ca\/International\/wp-json\/wp\/v2\/types\/post"}],"author":[{"embeddable":true,"href":"https:\/\/linitiative.ca\/International\/wp-json\/wp\/v2\/users\/1788"}],"replies":[{"embeddable":true,"href":"https:\/\/linitiative.ca\/International\/wp-json\/wp\/v2\/comments?post=71408"}],"version-history":[{"count":0,"href":"https:\/\/linitiative.ca\/International\/wp-json\/wp\/v2\/posts\/71408\/revisions"}],"wp:attachment":[{"href":"https:\/\/linitiative.ca\/International\/wp-json\/wp\/v2\/media?parent=71408"}],"wp:term":[{"taxonomy":"category","embeddable":true,"href":"https:\/\/linitiative.ca\/International\/wp-json\/wp\/v2\/categories?post=71408"},{"taxonomy":"post_tag","embeddable":true,"href":"https:\/\/linitiative.ca\/International\/wp-json\/wp\/v2\/tags?post=71408"}],"curies":[{"name":"wp","href":"https:\/\/api.w.org\/{rel}","templated":true}]}}