{"id":71413,"date":"2019-12-26T14:03:17","date_gmt":"2019-12-26T19:03:17","guid":{"rendered":"https:\/\/linitiative.ca\/International\/loriental-en-2019-developpement-et-rayonnement-des-territoires\/"},"modified":"2019-12-26T14:03:17","modified_gmt":"2019-12-26T19:03:17","slug":"loriental-en-2019-developpement-et-rayonnement-des-territoires","status":"publish","type":"post","link":"https:\/\/linitiative.ca\/International\/loriental-en-2019-developpement-et-rayonnement-des-territoires\/","title":{"rendered":"L\u2019Oriental en 2019: D\u00e9veloppement et rayonnement des territoires"},"content":{"rendered":"<p class=\"c4\">La r\u00e9gion de l\u2019Oriental, forte de son riche h\u00e9ritage culturel et civilisationnel et d\u2019une position g\u00e9ographique strat\u00e9gique avec une ouverture sur la M\u00e9diterran\u00e9e au nord et une projection maghr\u00e9bine \u00e0 l\u2019est, a connu en 2019 l\u2019organisation d\u2019une s\u00e9rie de rencontres et d\u2019\u00e9v\u00e9nements d\u2019envergure r\u00e9gionale, nationale et internationale qui l\u2019ont plac\u00e9e sous les feux des projecteurs.<\/p>\n<p class=\"c4\">Mettant \u00e0 profit son grand potentiel naturel et humain, ainsi que les importantes infrastructures r\u00e9alis\u00e9es dans le cadre de l\u2019Initiative royale pour le d\u00e9veloppement de l\u2019Oriental, cette r\u00e9gion a accueilli des \u00e9v\u00e9nements culturels et socio-\u00e9conomiques s\u2019inscrivant dans le sillage de la forte mobilisation pour booster le d\u00e9veloppement des territoires et conforter l\u2019ouverture et le rayonnement de la r\u00e9gion \u00e0 l\u2019international.<\/p>\n<p class=\"c4\">Ainsi, les trois premiers mois de 2019 ont \u00e9t\u00e9 rythm\u00e9s par la programmation du prestigieux \u00e9v\u00e9nement \u00ab\u00a0Oujda capitale de la culture arabe\u00a0\u00bb (13 avril 2018 \u2013 29 mars 2019), marqu\u00e9e par des centaines d\u2019activit\u00e9s culturelles et artistiques, des colloques scientifiques et des festivals d\u2019envergure nationale et internationale avec la participation de plus de 1.200 artistes et intellectuels.<\/p>\n<p class=\"c4\">Une st\u00e8le comm\u00e9morative de cet \u00e9v\u00e9nement a \u00e9t\u00e9 inaugur\u00e9e \u00e0 l\u2019occasion de la cl\u00f4ture de cette manifestation culturelle, tenue sous le Haut patronage de SM le Roi Mohammed VI.<\/p>\n<p class=\"c4\">Le legs culturel oujdi dans toute sa splendeur et sa diversit\u00e9 \u00e9tait \u00e0 l\u2019honneur tout au long de cet \u00e9v\u00e9nement, pendant lequel la cit\u00e9 mill\u00e9naire a d\u00e9ploy\u00e9 tous ses attraits \u00e0 la faveur de spectacles vivants, expositions artistiques, rencontres litt\u00e9raires et colloques scientifiques, mettant en sc\u00e8ne son patrimoine mat\u00e9riel et immat\u00e9riel en particulier et celui du Maroc en g\u00e9n\u00e9ral, et renfor\u00e7ant sa visibilit\u00e9 \u00e0 l\u2019\u00e9chelle arabe et internationale.<\/p>\n<p><img class=\"wp-image-11311 aligncenter\" data-src=\"http:\/\/www.mapoujda.ma\/map\/uploads\/2019\/03\/Inauguration-dune-st\u00e8le-comm\u00e9morative-de-l\u00e9v\u00e9nement-Oujda-capitale-de-la-culture-arabe.jpg\" alt=\"Inauguration d'une st\u00e8le comm\u00e9morative de l'\u00e9v\u00e9nement Oujda capitale de la culture arabe\" width=\"576\" height=\"330\" srcset=\"http:\/\/www.mapoujda.ma\/map\/uploads\/2019\/03\/Inauguration-dune-st\u00e8le-comm\u00e9morative-de-l\u00e9v\u00e9nement-Oujda-capitale-de-la-culture-arabe.jpg 750w, http:\/\/www.mapoujda.ma\/map\/uploads\/2019\/03\/Inauguration-dune-st\u00e8le-comm\u00e9morative-de-l\u00e9v\u00e9nement-Oujda-capitale-de-la-culture-arabe-300x172.jpg 300w\" sizes=\"(max-width: 576px) 100vw, 576px\"\/><\/p>\n<p class=\"c4\">La r\u00e9gion de l\u2019Oriental a accueilli aussi les travaux du Forum international de la coop\u00e9ration et des partenariats locaux dont les travaux ont \u00e9t\u00e9 sanctionn\u00e9s, \u00e0 Sa\u00efdia, par l\u2019adoption d\u2019une Charte de coop\u00e9ration entre collectivit\u00e9s locales.<\/p>\n<p class=\"c4\">Salu\u00e9 par les participants au forum, ce document de r\u00e9f\u00e9rence souligne que la coop\u00e9ration d\u00e9centralis\u00e9e constitue un partenariat solidaire entre collectivit\u00e9s territoriales, faisant remarquer que les coop\u00e9rations des collectivit\u00e9s de diff\u00e9rents pays avec les collectivit\u00e9s territoriales marocaines, en particulier avec celles de l\u2019Oriental, sont fructueuses, exemplaires et englobent divers domaines.<\/p>\n<p class=\"c4\">La ville de Sa\u00efda (province de Berkane), a abrit\u00e9 \u00e9galement d\u2019autres manifestations, \u00e0 savoir, entre autres, la premi\u00e8re \u00e9dition de l\u2019\u00abInternational Conference on Smart Information &#038; Communication Technologies\u00bb (SmartICT\u201919) qui a d\u00e9battu des technologies de l\u2019information et de la communication et leur r\u00f4le dans le d\u00e9veloppement durable, ainsi que la 6\u00e8me \u00e9dition du Salon agricole r\u00e9gional des produits du terroir de l\u2019Oriental qui \u00e9tait plac\u00e9 sous le signe \u00abLes produits du terroir, un levier de l\u2019emploi et du d\u00e9veloppement inclusif\u00bb.<\/p>\n<p class=\"c4\">La province de Berkane \u00e9tait au rendez-vous aussi avec l\u2019organisation \u00e0 Madagh de la 14\u00e8me Rencontre mondiale du soufisme qui a r\u00e9uni pr\u00e8s de 120 universitaires, chercheurs et intellectuels du monde entier.<\/p>\n<p><img class=\"wp-image-16954 aligncenter\" data-src=\"http:\/\/www.mapoujda.ma\/map\/uploads\/2019\/12\/La-14\u00e9me-rencontre-mondiale-du-soufisme-M750\u00d7430-MAP.jpg\" alt=\"\" width=\"576\" height=\"330\" srcset=\"http:\/\/www.mapoujda.ma\/map\/uploads\/2019\/12\/La-14\u00e9me-rencontre-mondiale-du-soufisme-M750\u00d7430-MAP.jpg 750w, http:\/\/www.mapoujda.ma\/map\/uploads\/2019\/12\/La-14\u00e9me-rencontre-mondiale-du-soufisme-M750\u00d7430-MAP-300x172.jpg 300w\" sizes=\"(max-width: 576px) 100vw, 576px\"\/><\/p>\n<p class=\"c4\">Tenue sous le Haut patronage de SM le Roi Mohammed VI autour du th\u00e8me \u00ab\u00a0Soufisme et d\u00e9veloppement, la dimension spirituelle et l\u2019\u00e9dification de l\u2019Homme\u00a0\u00bb, cette \u00e9dition a \u00e9t\u00e9 marqu\u00e9e par cinq jours d\u2019\u00e9change et d\u2019intenses d\u00e9bats ainsi que par une exposition, pour la premi\u00e8re fois au Maroc, de reliques du Proph\u00e8te Sidna Mohammed (paix et salut sur Lui).<\/p>\n<p class=\"c4\">Au niveau de la province de Figuig qui se distingue par l\u2019une des plus belles oasis au Maroc, un v\u0153u tant caress\u00e9 par l\u2019ensemble des populations de cette r\u00e9gion, qui ont toujours exprim\u00e9 le besoin de d\u00e9senclavement sur le plan a\u00e9rien, s\u2019est enfin concr\u00e9tis\u00e9 avec le lancement d\u2019une ligne a\u00e9rienne directe Casablanca-Bouarfa.<\/p>\n<p class=\"c4\">La r\u00e9gion de l\u2019Oriental \u00e9tait \u00e9galement au rendez-vous avec deux \u00e9v\u00e9nements de grande envergure, en l\u2019occurrence la troisi\u00e8me \u00e9dition du Salon maghr\u00e9bin du livre \u00ab\u00a0Lettres du Maghreb\u00a0\u00bb et la 8\u00e8me \u00e9dition du Salon national de l\u2019Economie sociale et solidaire (ESS), tenues sous le Haut patronage de SM le Roi Mohammed VI.<\/p>\n<p class=\"c4\">Le Salon maghr\u00e9bin, Organis\u00e9 en octobre dernier par l\u2019Agence pour le d\u00e9veloppement de l\u2019Oriental (ADS), fait du livre et de la culture un levier pour renforcer la dynamique de d\u00e9veloppement de la ville d\u2019Oujda et de la r\u00e9gion de l\u2019Oriental et leur rayonnement \u00e0 l\u2019international, en capitalisant sur la vocation maghr\u00e9bine de la capitale de la r\u00e9gion.<\/p>\n<p class=\"c4\">Le Cameroun \u00e9tait l\u2019invit\u00e9 d\u2019honneur de cette 3\u00e8 \u00e9dition qui a r\u00e9uni de grands noms de la culture et de la litt\u00e9rature marocaine et internationale, et qui a \u00e9t\u00e9 rehauss\u00e9e par l\u2019organisation, entre autres, de 36 tables rondes, 10 expositions d\u2019art plastique, deux soir\u00e9es po\u00e9tiques et plusieurs activit\u00e9s pour les jeunes et les enfants.<\/p>\n<p><img class=\"wp-image-14840 aligncenter\" data-src=\"http:\/\/www.mapoujda.ma\/map\/uploads\/2019\/10\/Une-rencontre-sur-les-archives-au-salon-lettre-des-maghreb-M750\u00d7430-MAP-1.jpg\" alt=\"\" width=\"576\" height=\"330\" srcset=\"http:\/\/www.mapoujda.ma\/map\/uploads\/2019\/10\/Une-rencontre-sur-les-archives-au-salon-lettre-des-maghreb-M750\u00d7430-MAP-1.jpg 750w, http:\/\/www.mapoujda.ma\/map\/uploads\/2019\/10\/Une-rencontre-sur-les-archives-au-salon-lettre-des-maghreb-M750\u00d7430-MAP-1-300x172.jpg 300w\" sizes=\"(max-width: 576px) 100vw, 576px\"\/><\/p>\n<p class=\"c4\">Quant \u00e0 la 8\u00e8me \u00e9dition du Salon national de l\u2019ESS qui a enregistr\u00e9 un record de 350.000 visiteurs, elle a eu lieu en novembre dernier \u00e0 Oujda sous le th\u00e8me \u00abL\u2019Economie sociale et solidaire : Initiatives renouvelables et opportunit\u00e9s prometteuses\u00bb, avec la participation de quelque 700 exposants marocains et \u00e9trangers.<\/p>\n<p class=\"c4\">L\u2019ESS est consid\u00e9r\u00e9e comme un levier d\u2019action au service de l\u2019inclusion sociale, de la r\u00e9duction des in\u00e9galit\u00e9s, de la justice sociale et du d\u00e9veloppement harmonieux des territoires, en mesure de cr\u00e9er des richesses et de participer fortement \u00e0 la croissance \u00e9conomique du pays, avait soulign\u00e9 \u00e0 cette occasion la ministre du Tourisme, de l\u2019Artisanat, du Transport a\u00e9rien et de l\u2019Economie sociale, Nadia Fettah.<\/p>\n<p class=\"c4\">Au niveau r\u00e9gional, avait indiqu\u00e9 de son c\u00f4t\u00e9 le Wali de la r\u00e9gion de l\u2019Oriental, gouverneur de la pr\u00e9fecture d\u2019Oujda-Angad, Mouad El Jamai, la culture de l\u2019\u00e9conomie sociale et solidaire reste bien ancr\u00e9e. Avec plus de 3.300 coop\u00e9ratives, et 25.000 adh\u00e9rents, le secteur coop\u00e9ratif contribue positivement dans la dynamique \u00e9conomique r\u00e9gionale.<\/p>\n<p class=\"c4\">Et de relever \u00e0 cet \u00e9gard que le projet de la plateforme de valorisation des produits de terroir de la r\u00e9gion de l\u2019Oriental qui est en cours de r\u00e9alisation constituera, dans un futur proche, un carrefour d\u2019interaction entre les diff\u00e9rents intervenants, afin d\u2019appuyer les organisations dans la commercialisation des produits \u00e0 l\u2019\u00e9chelle nationale et internationale, ainsi qu\u2019\u00e0 la professionnalisation de ce secteur \u00e0 travers la mise \u00e0 la disposition des b\u00e9n\u00e9ficiaires des conditions n\u00e9cessaires et adapt\u00e9es.<\/p>\n<p><img class=\"wp-image-15731 aligncenter\" data-src=\"http:\/\/www.mapoujda.ma\/map\/uploads\/2019\/11\/Le-8\u00e8-Salon-national-de-lESS-ouvre-ses-portes-\u00e0-Oujda-M750\u00d7430-MAP.jpg\" alt=\"\" width=\"576\" height=\"330\" srcset=\"http:\/\/www.mapoujda.ma\/map\/uploads\/2019\/11\/Le-8\u00e8-Salon-national-de-lESS-ouvre-ses-portes-\u00e0-Oujda-M750\u00d7430-MAP.jpg 750w, http:\/\/www.mapoujda.ma\/map\/uploads\/2019\/11\/Le-8\u00e8-Salon-national-de-lESS-ouvre-ses-portes-\u00e0-Oujda-M750\u00d7430-MAP-300x172.jpg 300w\" sizes=\"(max-width: 576px) 100vw, 576px\"\/><\/p>\n<p class=\"c4\">Les villes de Guercif et de Taourirt ont brill\u00e9, quant \u00e0 elles, notamment par la tenue respectivement de la 3\u00e8me \u00e9dition du Salon r\u00e9gional de l\u2019olive et de la 1\u00e8re \u00e9dition du Salon de l\u2019industrie de transformation d\u2019olives.<\/p>\n<p class=\"c4\">Plac\u00e9 sous le th\u00e8me \u00abLa formation professionnelle, un enjeu strat\u00e9gique pour le d\u00e9veloppement de la fili\u00e8re de la production ol\u00e9icole\u00bb le salon de Guercif s\u2019est fix\u00e9 pour objectif principal d\u2019accompagner, consolider et renforcer la dynamique de d\u00e9veloppement du secteur agricole dans le cadre du Plan Maroc Vert (PMV). Il s\u2019agit aussi de promouvoir le r\u00f4le de la fili\u00e8re ol\u00e9icole dans l\u2019accroissement du d\u00e9veloppement au niveau provincial et r\u00e9gional, indiquent les organisateurs.<\/p>\n<p class=\"c4\">S\u2019agissant du Salon de Taourirt, qui avait pour th\u00e8me \u00abL\u2019industrie de transformation, levier d\u2019emploi et pilier de d\u00e9veloppement\u00bb, il tend \u00e0 renforcer la chaine de valeur agricole de la fili\u00e8re ol\u00e9icole en tant que vecteur de d\u00e9veloppement \u00e9conomique et de promotion de l\u2019emploi.<\/p>\n<p class=\"c4\">D\u2019autres rencontres, colloques et d\u00e9bats ax\u00e9s sur des questions d\u2019actualit\u00e9, des manifestations sportives ainsi que des festivals de th\u00e9\u00e2tre, de cin\u00e9ma, du livre, de musique et d\u2019autres formes d\u2019expression, \u00e9taient organis\u00e9s durant cette ann\u00e9e 2019 dans les diff\u00e9rentes villes de la r\u00e9gion de l\u2019Oriental qui a connu par ailleurs le lancement et la programmation de plusieurs projets de d\u00e9veloppement socio-\u00e9conomique, plus particuli\u00e8rement dans le cadre de l\u2019Initiative nationale pour le d\u00e9veloppement humain (INDH).<\/p>\n<p class=\"c4\">\u00abLa Wilaya de la r\u00e9gion de l\u2019Oriental collabore en totale synergie avec les collectivit\u00e9s territoriale, les services d\u00e9concentr\u00e9s de l\u2019Etat ainsi que les secteurs public et priv\u00e9 pour un territoire plus comp\u00e9titif, plus attractif et g\u00e9n\u00e9rant davantage d\u2019emplois\u00bb, avait dit le wali Mouad El Jamai lors d\u2019une rencontre, notant que la culture s\u2019impose comme un pilier fondamental de toute politique de d\u00e9veloppement.<\/p>\n<p>Auteur: Soufiane ELAHMAR<br \/>\n<a href=\"http:\/\/www.mapoujda.ma\/fr\/loriental-en-2019-developpement-et-rayonnement-des-territoires\/\">Cliquez ici pour lire l&rsquo;article depuis sa source.<\/a><\/p>\n","protected":false},"excerpt":{"rendered":"<p>La r\u00e9gion de l\u2019Oriental, forte de son riche h\u00e9ritage culturel et civilisationnel et d\u2019une position g\u00e9ographique strat\u00e9gique avec une ouverture sur la M\u00e9diterran\u00e9e au nord et une projection maghr\u00e9bine \u00e0 l\u2019est, a connu en 2019 l\u2019organisation d\u2019une s\u00e9rie de rencontres et d\u2019\u00e9v\u00e9nements d\u2019envergure r\u00e9gionale, nationale et internationale qui l\u2019ont plac\u00e9e sous les feux des projecteurs. [&hellip;]<\/p>\n","protected":false},"author":1788,"featured_media":71414,"comment_status":"closed","ping_status":"closed","sticky":false,"template":"","format":"standard","meta":{"fifu_image_url":"","fifu_image_alt":"","footnotes":""},"categories":[54,76],"tags":[],"class_list":["post-71413","post","type-post","status-publish","format-standard","has-post-thumbnail","hentry","category-maroc","category-regions"],"_links":{"self":[{"href":"https:\/\/linitiative.ca\/International\/wp-json\/wp\/v2\/posts\/71413","targetHints":{"allow":["GET"]}}],"collection":[{"href":"https:\/\/linitiative.ca\/International\/wp-json\/wp\/v2\/posts"}],"about":[{"href":"https:\/\/linitiative.ca\/International\/wp-json\/wp\/v2\/types\/post"}],"author":[{"embeddable":true,"href":"https:\/\/linitiative.ca\/International\/wp-json\/wp\/v2\/users\/1788"}],"replies":[{"embeddable":true,"href":"https:\/\/linitiative.ca\/International\/wp-json\/wp\/v2\/comments?post=71413"}],"version-history":[{"count":0,"href":"https:\/\/linitiative.ca\/International\/wp-json\/wp\/v2\/posts\/71413\/revisions"}],"wp:featuredmedia":[{"embeddable":true,"href":"https:\/\/linitiative.ca\/International\/wp-json\/"}],"wp:attachment":[{"href":"https:\/\/linitiative.ca\/International\/wp-json\/wp\/v2\/media?parent=71413"}],"wp:term":[{"taxonomy":"category","embeddable":true,"href":"https:\/\/linitiative.ca\/International\/wp-json\/wp\/v2\/categories?post=71413"},{"taxonomy":"post_tag","embeddable":true,"href":"https:\/\/linitiative.ca\/International\/wp-json\/wp\/v2\/tags?post=71413"}],"curies":[{"name":"wp","href":"https:\/\/api.w.org\/{rel}","templated":true}]}}