{"id":71415,"date":"2019-12-27T05:15:00","date_gmt":"2019-12-27T10:15:00","guid":{"rendered":"https:\/\/linitiative.ca\/International\/rabat-decharge-doum-azza-une-nouvelle-approche-pour-eradiquer-le-lixiviat\/"},"modified":"2019-12-27T05:15:00","modified_gmt":"2019-12-27T10:15:00","slug":"rabat-decharge-doum-azza-une-nouvelle-approche-pour-eradiquer-le-lixiviat","status":"publish","type":"post","link":"https:\/\/linitiative.ca\/International\/rabat-decharge-doum-azza-une-nouvelle-approche-pour-eradiquer-le-lixiviat\/","title":{"rendered":"Rabat\/D\u00e9charge d\u2019Oum Azza: Une nouvelle approche pour \u00e9radiquer le lixiviat"},"content":{"rendered":"<div readability=\"38\">\n<p>Son traitement ne rel\u00e8ve plus du futur d\u00e9l\u00e9gataire, selon le nouveau cahier des charges<\/p>\n<p>Des n\u00e9gociations en cours avec le Groupe Veolia<\/p>\n<p>Une d\u00e9marche contest\u00e9e par les \u00e9lus de la FGD eu \u00e9gard de son \u00e9ventuel danger sur le lit\u00adtoral<\/p>\n<\/div>\n<div readability=\"90\">\n<div class=\"dnd-atom-wrapper type-image context-sdl_editor_representation atom-align-right\" contenteditable=\"false\" readability=\"31.5\">\n<div class=\"dnd-drop-wrapper image\"><img loading=\"lazy\" decoding=\"async\" typeof=\"foaf:Image\" class=\"img-responsive\" src=\"https:\/\/www.leconomiste.com\/sites\/default\/files\/eco7\/public\/thumbnails\/image\/rabat-decharge-doum-azza-063.jpg\" width=\"425\" height=\"362\" alt=\"rabat-decharge-doum-azza-063.jpg\" title=\"rabat-decharge-doum-azza-063.jpg\"\/><\/div>\n<div class=\"dnd-legend-wrapper\" contenteditable=\"true\" readability=\"8\">\n<p class=\"rtejustify\">Les six bassins dont dispose la d\u00e9charge d\u2019Oum Azza sont compl\u00e8tement charg\u00e9s en lixiviat avec un volume total d\u00e9passant actuellement 300.000 m3 <em>(Ph NEA)<\/em><\/p>\n<\/div>\n<\/div>\n<p class=\"rtejustify\">La premi\u00e8re exp\u00e9rience de la ges\u00adtion d\u00e9l\u00e9gu\u00e9e de la d\u00e9charge Oum Azza vient de prendre fin apr\u00e8s 10 ann\u00e9es d\u2019exploitation. Cela apr\u00e8s de longues et rudes n\u00e9gociations entre le d\u00e9l\u00e9gataire Teodem, filiale du Groupe Pizzorno, les autorit\u00e9s et les \u00e9lus \u00e0 travers l\u2019Etablis\u00adsement de coop\u00e9ration intercommunale (ECI), qui supervise ce secteur.<\/p>\n<p class=\"rtejustify\">\u00abCes n\u00e9gociations ont abouti \u00e0 un compromis en vertu duquel la soci\u00e9t\u00e9 Teodem va continuer \u00e0 g\u00e9rer provisoirement le site jusqu\u2019\u00e0 fin juin prochain, le temps de boucler l\u2019appel d\u2019offres pour d\u00e9signer le futur d\u00e9l\u00e9gataire\u00bb, confie une source de la soci\u00e9t\u00e9.<\/p>\n<p class=\"rtejustify\">Cette premi\u00e8re exp\u00e9rience a \u00e9t\u00e9 entach\u00e9e par l\u2019incapacit\u00e9 du d\u00e9l\u00e9\u00adgataire sortant \u00e0 trouver une solution radicale au probl\u00e8me du traitement du lixiviat. En plus de son impact n\u00e9gatif sur les ressources en eaux souterraines, le lixiviat d\u00e9gage \u00e9galement des odeurs naus\u00e9abondes, ce qui pose un s\u00e9rieux probl\u00e8me aux zones avoisinantes. Ac\u00adtuellement, plus de 300.000 m3 de lixi\u00adviat sont stock\u00e9s dans les 6 bassins du site.<\/p>\n<p class=\"rtejustify\">Face \u00e0 cet \u00e9chec, une nouvelle ap\u00adproche a \u00e9t\u00e9 adopt\u00e9e pour pallier cet \u00e9pineux probl\u00e8me. \u00abLe traitement du lixiviat ne sera plus assur\u00e9 par le futur d\u00e9l\u00e9gataire, selon le nouveau cahier des charges dont l\u2019appel d\u2019offres a \u00e9t\u00e9 d\u00e9j\u00e0 lanc\u00e9, il y a quelques semaines\u00bb, confie une source de l\u2019ECI.<\/p>\n<p class=\"rtejustify\">En ce qui concerne le traitement du lixiviat, des discussions sont en cours avec le Groupe Veolia pour se charger de cette t\u00e2che, ajoute notre source. On apprend que des essais sont d\u00e9j\u00e0 entam\u00e9s dans ce sens au niveau de la station de pr\u00e9traitement des eaux us\u00e9es de Redal, filiale de Veolia, situ\u00e9e \u00e0 Yakoub Al Mansour.<\/p>\n<p class=\"rtejustify\">Des informations difficiles \u00e0 confirmer aupr\u00e8s de la direc\u00adtion de Veolia. Par contre, le groupe tient \u00e0 signaler son intention de participer \u00e0 l\u2019appel d\u2019offres relatif \u00e0 la gestion d\u00e9l\u00e9\u00adgu\u00e9e de la d\u00e9charge d\u2019Oum Azza.<\/p>\n<p class=\"rtejustify\">Notons par ailleurs que cette nouvelle approche pour le traitement du lixiviat a fait l\u2019objet d\u2019une pol\u00e9mique entre le PGD, qui dirige l\u2019ECI, et les \u00e9lus de la F\u00e9d\u00e9ration de la gauche d\u00e9mocratique (FGD). Ces derniers ont publi\u00e9 r\u00e9cem\u00adment un communiqu\u00e9 dans lequel ils tirent la sonnette d\u2019alarme sur le risque que repr\u00e9sente cette solution qui consiste \u00e0 \u00e9vacuer ce liquide nocif en mer apr\u00e8s son traitement dans la station de Redal.<\/p>\n<p class=\"rtejustify\">\u00abCette solution ne pr\u00e9sentera aucun risque, comme cela a \u00e9t\u00e9 confirm\u00e9 par une \u00e9tude r\u00e9alis\u00e9e par un grand cabinet marocain\u00bb, rassure un responsable \u00e0 l\u2019ECI.<\/p>\n<p class=\"rtejustify\"><em>De notre correspondant permanent, Noureddine EL AISSI<\/em><\/p>\n<p class=\"rtejustify\">\u00a0<\/p>\n<\/div>\n<p>Auteur: hlafriqi<br \/>\n<a href=\"https:\/\/www.leconomiste.com\/article\/1055069-rabat-decharge-d-oum-azza-une-nouvelle-approche-pour-eradiquer-le-lixiviat\">Cliquez ici pour lire l&rsquo;article depuis sa source.<\/a><\/p>\n","protected":false},"excerpt":{"rendered":"<p>Son traitement ne rel\u00e8ve plus du futur d\u00e9l\u00e9gataire, selon le nouveau cahier des charges Des n\u00e9gociations en cours avec le Groupe Veolia Une d\u00e9marche contest\u00e9e par les \u00e9lus de la FGD eu \u00e9gard de son \u00e9ventuel danger sur le lit\u00adtoral Les six bassins dont dispose la d\u00e9charge d\u2019Oum Azza sont compl\u00e8tement charg\u00e9s en lixiviat avec [&hellip;]<\/p>\n","protected":false},"author":1763,"featured_media":71416,"comment_status":"closed","ping_status":"closed","sticky":false,"template":"","format":"standard","meta":{"fifu_image_url":"","fifu_image_alt":"","footnotes":""},"categories":[78,54],"tags":[],"class_list":["post-71415","post","type-post","status-publish","format-standard","has-post-thumbnail","hentry","category-economie","category-maroc"],"_links":{"self":[{"href":"https:\/\/linitiative.ca\/International\/wp-json\/wp\/v2\/posts\/71415","targetHints":{"allow":["GET"]}}],"collection":[{"href":"https:\/\/linitiative.ca\/International\/wp-json\/wp\/v2\/posts"}],"about":[{"href":"https:\/\/linitiative.ca\/International\/wp-json\/wp\/v2\/types\/post"}],"author":[{"embeddable":true,"href":"https:\/\/linitiative.ca\/International\/wp-json\/wp\/v2\/users\/1763"}],"replies":[{"embeddable":true,"href":"https:\/\/linitiative.ca\/International\/wp-json\/wp\/v2\/comments?post=71415"}],"version-history":[{"count":0,"href":"https:\/\/linitiative.ca\/International\/wp-json\/wp\/v2\/posts\/71415\/revisions"}],"wp:featuredmedia":[{"embeddable":true,"href":"https:\/\/linitiative.ca\/International\/wp-json\/"}],"wp:attachment":[{"href":"https:\/\/linitiative.ca\/International\/wp-json\/wp\/v2\/media?parent=71415"}],"wp:term":[{"taxonomy":"category","embeddable":true,"href":"https:\/\/linitiative.ca\/International\/wp-json\/wp\/v2\/categories?post=71415"},{"taxonomy":"post_tag","embeddable":true,"href":"https:\/\/linitiative.ca\/International\/wp-json\/wp\/v2\/tags?post=71415"}],"curies":[{"name":"wp","href":"https:\/\/api.w.org\/{rel}","templated":true}]}}