{"id":71419,"date":"2019-12-27T05:45:00","date_gmt":"2019-12-27T10:45:00","guid":{"rendered":"https:\/\/linitiative.ca\/International\/tourisme-fes-poursuit-sa-croissance\/"},"modified":"2019-12-27T05:45:00","modified_gmt":"2019-12-27T10:45:00","slug":"tourisme-fes-poursuit-sa-croissance","status":"publish","type":"post","link":"https:\/\/linitiative.ca\/International\/tourisme-fes-poursuit-sa-croissance\/","title":{"rendered":"Tourisme: F\u00e8s poursuit sa croissance"},"content":{"rendered":"<div readability=\"35\">\n<p>17% de touristes de plus jusqu\u2019\u00e0 fin novembre<\/p>\n<p>La ville vise les march\u00e9s anglais, am\u00e9ricains et chinois\u2026<\/p>\n<\/div>\n<div readability=\"148\">\n<div class=\"dnd-atom-wrapper type-image context-sdl_editor_representation\" contenteditable=\"false\" readability=\"31.5\">\n<div class=\"dnd-drop-wrapper image\"><img loading=\"lazy\" decoding=\"async\" typeof=\"foaf:Image\" class=\"img-responsive\" src=\"https:\/\/www.leconomiste.com\/sites\/default\/files\/eco7\/public\/thumbnails\/image\/tourisme-fes-063.jpg\" width=\"660\" height=\"330\" alt=\"tourisme-fes-063.jpg\" title=\"tourisme-fes-063.jpg\"\/><\/div>\n<div class=\"dnd-legend-wrapper\" contenteditable=\"true\" readability=\"8\">\n<p class=\"rtejustify\">La m\u00e9dina de F\u00e8s offre un voyage dans le temps aux touristes. Ces derniers restent \u00e9blouis devant les 28 monuments restaur\u00e9s \u00e0 l\u2019initiative du Roi <em>(Ph. YSA)<\/em><\/p>\n<\/div>\n<\/div>\n<p class=\"rtejustify\">Le tourisme \u00e0 F\u00e8s poursuit son envo\u00adl\u00e9e. Apr\u00e8s une ann\u00e9e de croissance (+15%) en 2018, la tendance \u00e0 la hausse s\u2019est confirm\u00e9e en 2019. Ainsi, l\u2019activit\u00e9 a enre\u00adgistr\u00e9 une croissance de 17% en termes d\u2019arriv\u00e9es touristiques \u00e0 fin novembre qui s\u2019est traduite par une hausse de 16% au niveau des nuit\u00e9es, une dur\u00e9e moyenne de s\u00e9jour de 1,9 et un taux d\u2019occupation de 40%.<\/p>\n<p class=\"rtejustify\">A fin novembre, ils \u00e9taient pr\u00e8s de 750.000 touristes \u00e0 avoir opt\u00e9 pour F\u00e8s. \u00c0 l\u2019exception de l\u2019Allemagne, l\u2019Espagne et le Japon, tous les march\u00e9s \u00e9metteurs sont en hausse dont celui de la Chine qui a cartonn\u00e9 en 2019. Les nuit\u00e9es des visiteurs chinois ont augment\u00e9 de 62% \u00e0 fin ao\u00fbt comparative\u00adment \u00e0 la m\u00eame p\u00e9riode en 2018. Il en est de m\u00eame pour la France, les Etats-Unis et l\u2019Italie qui ont respectivement enregistr\u00e9 5, 8, et 26%.<\/p>\n<p class=\"rtejustify\">\u00abNous continuons de promou\u00advoir notre destination dans les principaux march\u00e9s \u00e9metteurs (France, Espagne, Itali etc.) sans pour autant n\u00e9gliger des march\u00e9s \u00e9mergents comme les USA et le Royaume-Uni. Ce dernier figure d\u00e9sormais au coeur de la strat\u00e9gie touristique du Maroc, et de F\u00e8s particuli\u00e8rement\u00bb, indique Aziz Leb\u00adbar, pr\u00e9sident du CRT de F\u00e8s.<\/p>\n<p class=\"rtejustify\">Selon lui, \u00able sommet du tourisme marocain, initi\u00e9 par l\u2019ONMT fin novembre \u00e0 Londres, en pr\u00e9sence de professionnels du tourisme marocains et leurs homologues britan\u00adniques, a constitu\u00e9 une v\u00e9ritable opportu\u00adnit\u00e9 d\u2019\u00e9change visant \u00e0 am\u00e9liorer la perfor\u00admance du march\u00e9 britannique qui conna\u00eet d\u00e9j\u00e0 une embellie\u00bb. Pour consolider cette performance, il faut miser bien s\u00fbr sur l\u2019a\u00e9\u00adrien et la connectivit\u00e9 de F\u00e8s avec Londres et d\u2019autres a\u00e9roports britanniques, mais pas que.<\/p>\n<p class=\"rtejustify\">\u00abCar les Britanniques sont tr\u00e8s exigeants en termes de qualit\u00e9 (prestation, accueil, h\u00f4tellerie et restauration\u00bb, explique Lebbar. Au niveau national, ce march\u00e9 se place en 4e position respectivement apr\u00e8s le march\u00e9 fran\u00e7ais, espagnol et allemand. En termes de nuit\u00e9es dans les \u00e9tablissements class\u00e9s, les touristes anglais ont pass\u00e9 de 2 millions de nuit\u00e9es dans les \u00e9tablissements class\u00e9s (soit une \u00e9volution de 6%).<\/p>\n<p class=\"rtejustify\">La moyenne de s\u00e9jour est d\u2019environ 3 nuit\u00e9es par touriste. Celui-ci repr\u00e9sente le deuxi\u00e8me march\u00e9 en termes de nuit\u00e9es apr\u00e8s le march\u00e9 fran\u00e7ais. A ce titre, les pro\u00adfessionnels veulent tirer leur \u00e9pingle du jeu en se positionnant sur les m\u00eames objectifs de croissance affich\u00e9s par l\u2019ONMT, soit un doublement du taux de croissance actuel.<\/p>\n<p class=\"rtejustify\">Pour y parvenir, \u00abil faut mettre du forcing sur le marketing, la promotion institution\u00adnelle et digitale, en plus des rencontres B to B avec les op\u00e9rateurs britanniques\u00bb, estime le pr\u00e9sident du CRT de F\u00e8s. La densifica\u00adtion des connexions a\u00e9riennes n\u2019est pas en reste. En attendant, la capitale spirituelle dispose de 4 fr\u00e9quences hebdomadaires (avec Londres), loin derri\u00e8re Marrakech qui compte 51 fr\u00e9quences par semaine.<\/p>\n<p class=\"rtejustify\">Pour\u00adtant, sa m\u00e9dina offre un produit culturel tr\u00e8s pris\u00e9 par les touristes anglais. Ces derniers se ruent sur les riads et maisons d\u2019h\u00f4tes. L\u2019occasion pour eux de remonter le temps comme dans le film \u00abBack to the future\u00bb. Ce n\u2019est pas fortuit si l\u2019investissement dans les riads s\u00e9duit de plus en plus. A ce titre, les jeunes Othmane et Omar Belkhayate ont quitt\u00e9 leur carri\u00e8re de banquiers au Canada pour tenter l\u2019exp\u00e9rience de l\u2019h\u00f4tellerie de charme.<\/p>\n<p class=\"rtejustify\">Leur riad, \u00able Grand Alcasar\u00bb, situ\u00e9 \u00e0 Derb El Gabbas en m\u00e9dina, a n\u00e9cessit\u00e9 5 millions de DH pour \u00e0 peine 7 chambres et suites. Ouvert depuis pr\u00e8s d\u2019un an, il affiche de bonnes performances (avec un taux d\u2019oc\u00adcupation de plus 60%) et offre une belle ex\u00adp\u00e9rience de vie aux touristes.<\/p>\n<p class=\"rtejustify\">A noter que ce riad est class\u00e9, par TripAdvisor et Booking, parmi les meilleurs \u00e9tablissements de sa cat\u00e9gorie, avec une note de plus de 9,5\/10. Signalons par ailleurs que ce genre d\u2019inves\u00adtissements participe \u00e0 la restauration de la m\u00e9dina et surtout la cr\u00e9ation d\u2019emplois.<\/p>\n<p>En tout cas, le secteur du tourisme conti\u00adnue de nourrir l\u2019\u00e9conomie r\u00e9gionale en 2020 et au-del\u00e0. \u00abGr\u00e2ce \u00e0 la r\u00e9habilitation de la m\u00e9dina initi\u00e9e par le Souverain, les op\u00e9ra\u00adtions promotionnelles y aff\u00e9rentes ainsi que les connexions a\u00e9riennes \u00e9tablies par les dif\u00adf\u00e9rentes compagnies, l\u2019avenir de la capitale spirituelle se dessinera certainement dans le tourisme et l\u2019artisanat\u00bb, conclut Lebbar.<\/p>\n<blockquote readability=\"27\">\n<p class=\"rtecenter\"><strong><span class=\"c4\">2 millions de nuit\u00e9es en 2019<\/span><\/strong><\/p>\n<p class=\"rtejustify\">Tout porte \u00e0 croire que la ville de F\u00e8s d\u00e9passera le seuil de 2 millions de nuit\u00e9es \u00e0 fin d\u00e9cembre 2019. \u00abF\u00e8s continue de jouer le r\u00f4le de \u201clocomotive\u201d du tou\u00adrisme r\u00e9gional en comptant sur la diversit\u00e9 de son potentiel patrimonial, humain et naturel\u00bb, indique Yassir Jawhar, pr\u00e9sident d\u00e9l\u00e9gu\u00e9 du CRT de F\u00e8s. Selon lui, \u00abl\u2019am\u00e9lioration des prestations touristiques, la prospection des march\u00e9s \u00e9mergents et la diversification de l\u2019offre touristique, permettraient \u00e0 la destination de marquer son territoire et booster son activit\u00e9 touristique\u00bb. En attendant, la construction d\u2019un Palais des Congr\u00e8s et le renforcement de la capacit\u00e9 liti\u00e8re, et de l\u2019offre en anima\u00adtion culturelle restent prioritaires. Signalons enfin que 2020 verra le lancement de nouvelles dessertes a\u00e9riennes, notamment avec Malaga et Madrid. Pour ce dernier volet, la compagnie a\u00e9rienne espagnole Iberia a annonc\u00e9 le lancement, l\u2019\u00e9t\u00e9 pro\u00adchain, d\u2019une nouvelle ligne a\u00e9rienne reliant la capitale espagnole \u00e0 la ville de F\u00e8s. La nouvelle desserte a\u00e9rienne sera op\u00e9r\u00e9e par Iberia, pendant cinq semaines \u00e0 partir du 28 juillet prochain, \u00e0 raison d\u2019une fr\u00e9quence de quatre vols par semaine mardi, mercredi, jeudi et samedi. Cette nouvelle desserte a\u00e9rienne sera desservie par deux Airbus A319 et A320, d\u2019une capacit\u00e9 de 141 \u00e0 180 passagers.<\/p>\n<\/blockquote>\n<p class=\"rtejustify\"><em>De notre correspondant permanent, Youness SAAD ALAMI<\/em><\/p>\n<p class=\"rtejustify\">\u00a0<\/p>\n<\/div>\n<p>Auteur: hlafriqi<br \/>\n<a href=\"https:\/\/www.leconomiste.com\/article\/1055071-tourisme-fes-poursuit-sa-croissance\">Cliquez ici pour lire l&rsquo;article depuis sa source.<\/a><\/p>\n","protected":false},"excerpt":{"rendered":"<p>17% de touristes de plus jusqu\u2019\u00e0 fin novembre La ville vise les march\u00e9s anglais, am\u00e9ricains et chinois\u2026 La m\u00e9dina de F\u00e8s offre un voyage dans le temps aux touristes. Ces derniers restent \u00e9blouis devant les 28 monuments restaur\u00e9s \u00e0 l\u2019initiative du Roi (Ph. YSA) Le tourisme \u00e0 F\u00e8s poursuit son envo\u00adl\u00e9e. Apr\u00e8s une ann\u00e9e de [&hellip;]<\/p>\n","protected":false},"author":1763,"featured_media":71420,"comment_status":"closed","ping_status":"closed","sticky":false,"template":"","format":"standard","meta":{"fifu_image_url":"","fifu_image_alt":"","footnotes":""},"categories":[78,54],"tags":[],"class_list":["post-71419","post","type-post","status-publish","format-standard","has-post-thumbnail","hentry","category-economie","category-maroc"],"_links":{"self":[{"href":"https:\/\/linitiative.ca\/International\/wp-json\/wp\/v2\/posts\/71419","targetHints":{"allow":["GET"]}}],"collection":[{"href":"https:\/\/linitiative.ca\/International\/wp-json\/wp\/v2\/posts"}],"about":[{"href":"https:\/\/linitiative.ca\/International\/wp-json\/wp\/v2\/types\/post"}],"author":[{"embeddable":true,"href":"https:\/\/linitiative.ca\/International\/wp-json\/wp\/v2\/users\/1763"}],"replies":[{"embeddable":true,"href":"https:\/\/linitiative.ca\/International\/wp-json\/wp\/v2\/comments?post=71419"}],"version-history":[{"count":0,"href":"https:\/\/linitiative.ca\/International\/wp-json\/wp\/v2\/posts\/71419\/revisions"}],"wp:featuredmedia":[{"embeddable":true,"href":"https:\/\/linitiative.ca\/International\/wp-json\/"}],"wp:attachment":[{"href":"https:\/\/linitiative.ca\/International\/wp-json\/wp\/v2\/media?parent=71419"}],"wp:term":[{"taxonomy":"category","embeddable":true,"href":"https:\/\/linitiative.ca\/International\/wp-json\/wp\/v2\/categories?post=71419"},{"taxonomy":"post_tag","embeddable":true,"href":"https:\/\/linitiative.ca\/International\/wp-json\/wp\/v2\/tags?post=71419"}],"curies":[{"name":"wp","href":"https:\/\/api.w.org\/{rel}","templated":true}]}}