{"id":71423,"date":"2019-12-27T06:15:00","date_gmt":"2019-12-27T11:15:00","guid":{"rendered":"https:\/\/linitiative.ca\/International\/burkina-faso-encore-lhorreur-terroriste\/"},"modified":"2019-12-27T06:15:00","modified_gmt":"2019-12-27T11:15:00","slug":"burkina-faso-encore-lhorreur-terroriste","status":"publish","type":"post","link":"https:\/\/linitiative.ca\/International\/burkina-faso-encore-lhorreur-terroriste\/","title":{"rendered":"Burkina Faso: Encore l\u2019horreur terroriste"},"content":{"rendered":"<div readability=\"34\">\n<p>Deuil national apr\u00e8s une terrible attaque<\/p>\n<p>La France convie des Etats sah\u00e9liens \u00e0 un sommet en janvier<\/p>\n<\/div>\n<div readability=\"92\">\n<div class=\"dnd-atom-wrapper type-image context-sdl_editor_representation\" contenteditable=\"false\">\n<div class=\"dnd-drop-wrapper image\"><img loading=\"lazy\" decoding=\"async\" typeof=\"foaf:Image\" class=\"img-responsive\" src=\"https:\/\/www.leconomiste.com\/sites\/default\/files\/eco7\/public\/thumbnails\/image\/burkina_faso_attentats_063.jpg\" width=\"800\" height=\"590\" alt=\"burkina_faso_attentats_063.jpg\" title=\"burkina_faso_attentats_063.jpg\"\/><\/div>\n<\/div>\n<p class=\"rtejustify\">Le pays des hommes int\u00e8gres vient de conna\u00eetre l\u2019un des attentats les plus meurtriers de son histoire, mardi dans la soir\u00e9e: 35 civils, dont 31 femmes, ont \u00e9t\u00e9 tu\u00e9s \u00e0 Arbinda, dans le nord du pays. Ce dernier a d\u00e9cr\u00e9t\u00e9 48 heures de deuil national.<\/p>\n<p class=\"rtejustify\">Depuis 2015, le Burkina Faso est en proie \u00e0 des attaques r\u00e9currentes, comme ses voisins le Mali et le Niger. C\u2019est le pr\u00e9sident Roch Kabor\u00e9 en personne qui a annonc\u00e9 sur Twitter le macabre bilan de cette \u00abattaque barbare\u00bb.<\/p>\n<p class=\"rtejustify\">\u00abQuatre soldats et trois gendarmes ont \u00e9galement p\u00e9ri, et 80 terroristes ont \u00e9t\u00e9 neutralis\u00e9s (tu\u00e9s)\u00bb, selon l\u2019\u00e9tat-major des arm\u00e9es burkinab\u00e8. Mardi, un nombre important de terroristes a attaqu\u00e9 simultan\u00e9ment le d\u00e9tachement militaire et les populations civiles d\u2019Arbinda, dans la province du Soum. L\u2019attaque, d\u2019une \u00abrare intensit\u00e9, a dur\u00e9 plusieurs heures\u00bb. Une vingtaine de soldats ont aussi \u00e9t\u00e9 bless\u00e9s.<\/p>\n<p class=\"rtejustify\">Depuis 2015, les attaques au Burkina ont fait plus de 700 morts, selon un d\u00e9compte de l\u2019AFP, et environ 560.000 d\u00e9plac\u00e9s et r\u00e9fugi\u00e9s, d\u2019apr\u00e8s les Nations unies. Le Nord et l\u2019Est du pays sont particuli\u00e8rement touch\u00e9s. Ouagadougou, la capitale, a \u00e9t\u00e9 frapp\u00e9e \u00e0 trois reprises.<\/p>\n<p class=\"rtejustify\">Ces attaques sont rarement revendiqu\u00e9es mais attribu\u00e9es \u00e0 des groupes arm\u00e9s, certains affili\u00e9s \u00e0 Al-Qa\u00efda et d\u2019autres au \u00abgroupe Etat islamique\u00bb. Face au p\u00e9ril terroriste, cinq Etats sah\u00e9liens (Burkina Faso, Mali, Mauritanie, Niger, Tchad), qui tentent depuis 2015 de mettre sur pied une force militaire conjointe de 5.000 soldats, ont appel\u00e9 mi-d\u00e9cembre la communaut\u00e9 internationale \u00e0 les soutenir davantage.<\/p>\n<p class=\"rtejustify\">Malgr\u00e9 la pr\u00e9sence de forces fran\u00e7aises (4.500 soldats de l\u2019op\u00e9ration Barkhane), de l\u2019ONU (Minusma au Mali), ainsi que de forces am\u00e9ricaines, le Sahel subit des attaques de plus en plus fr\u00e9quentes et meurtri\u00e8res, depuis les premi\u00e8res violences dans le nord du Mali en 2012.<\/p>\n<p class=\"rtejustify\">La France a convi\u00e9 en janvier les cinq Etats sah\u00e9liens \u00e0 un sommet. Objectif: \u00abred\u00e9finir les objectifs militaires, politiques et de d\u00e9veloppement de la lutte commune contre les groupes jihadistes\u00bb, selon le pr\u00e9sident Emmanuel Macron.<\/p>\n<p class=\"rtejustify\"><em>F. Z. T. avec agences<\/em><\/p>\n<\/div>\n<p>Auteur: hlafriqi<br \/>\n<a href=\"https:\/\/www.leconomiste.com\/article\/1055089-burkina-faso-encore-l-horreur-terroriste\">Cliquez ici pour lire l&rsquo;article depuis sa source.<\/a><\/p>\n","protected":false},"excerpt":{"rendered":"<p>Deuil national apr\u00e8s une terrible attaque La France convie des Etats sah\u00e9liens \u00e0 un sommet en janvier Le pays des hommes int\u00e8gres vient de conna\u00eetre l\u2019un des attentats les plus meurtriers de son histoire, mardi dans la soir\u00e9e: 35 civils, dont 31 femmes, ont \u00e9t\u00e9 tu\u00e9s \u00e0 Arbinda, dans le nord du pays. Ce dernier [&hellip;]<\/p>\n","protected":false},"author":1763,"featured_media":71424,"comment_status":"closed","ping_status":"closed","sticky":false,"template":"","format":"standard","meta":{"fifu_image_url":"","fifu_image_alt":"","footnotes":""},"categories":[78,54],"tags":[],"class_list":["post-71423","post","type-post","status-publish","format-standard","has-post-thumbnail","hentry","category-economie","category-maroc"],"_links":{"self":[{"href":"https:\/\/linitiative.ca\/International\/wp-json\/wp\/v2\/posts\/71423","targetHints":{"allow":["GET"]}}],"collection":[{"href":"https:\/\/linitiative.ca\/International\/wp-json\/wp\/v2\/posts"}],"about":[{"href":"https:\/\/linitiative.ca\/International\/wp-json\/wp\/v2\/types\/post"}],"author":[{"embeddable":true,"href":"https:\/\/linitiative.ca\/International\/wp-json\/wp\/v2\/users\/1763"}],"replies":[{"embeddable":true,"href":"https:\/\/linitiative.ca\/International\/wp-json\/wp\/v2\/comments?post=71423"}],"version-history":[{"count":0,"href":"https:\/\/linitiative.ca\/International\/wp-json\/wp\/v2\/posts\/71423\/revisions"}],"wp:featuredmedia":[{"embeddable":true,"href":"https:\/\/linitiative.ca\/International\/wp-json\/"}],"wp:attachment":[{"href":"https:\/\/linitiative.ca\/International\/wp-json\/wp\/v2\/media?parent=71423"}],"wp:term":[{"taxonomy":"category","embeddable":true,"href":"https:\/\/linitiative.ca\/International\/wp-json\/wp\/v2\/categories?post=71423"},{"taxonomy":"post_tag","embeddable":true,"href":"https:\/\/linitiative.ca\/International\/wp-json\/wp\/v2\/tags?post=71423"}],"curies":[{"name":"wp","href":"https:\/\/api.w.org\/{rel}","templated":true}]}}