{"id":71425,"date":"2019-12-27T15:14:05","date_gmt":"2019-12-27T20:14:05","guid":{"rendered":"https:\/\/linitiative.ca\/International\/international-tottenham-mourinho-fait-une-annonce-pour-eriksen\/"},"modified":"2019-12-27T15:14:05","modified_gmt":"2019-12-27T20:14:05","slug":"international-tottenham-mourinho-fait-une-annonce-pour-eriksen","status":"publish","type":"post","link":"https:\/\/linitiative.ca\/International\/international-tottenham-mourinho-fait-une-annonce-pour-eriksen\/","title":{"rendered":"International : Tottenham : Mourinho fait une annonce pour Eriksen"},"content":{"rendered":"<div readability=\"32\">\n<p>Auteur : <span class=\"time\">vendredi 27 d\u00e9cembre 2019 19:00<\/span><\/p>\n<\/div>\n<div id=\"post_core\" readability=\"45\">\n<p>De nouveau interrog\u00e9 \u00e0 ce sujet, Jos\u00e9 Mourinho a confi\u00e9 que l\u2019avenir du Danois n\u2019avait aucun secret pour lui.<\/p>\n<p>\u00ab\u00a0Je connais son avenir. En tout cas, je pense le conna\u00eetre, car sa communication avec moi est totalement ouverte et honn\u00eate. On se fait confiance. La seule chose que je peux donc vous dire est que je sais ce qu\u2019il va faire. Mais je ne serais pas celui qui en parlera. Ce sera \u00e0 lui de dire ce qu\u2019il en est, quand il aura pris la d\u00e9cision d\u2019en parler, pas \u00e0 moi.\u00a0\u00bb Des propos relay\u00e9s par Les-Transferts.<\/p>\n<p><strong>Publi\u00e9 dans :<\/strong> <span>Tottenham<\/span> <span>Jos\u00e9 Mourinho<\/span> <span>Christian Eriksen<\/span><\/p>\n<\/div>\n<p>Auteur:<br \/>\n<a href=\"http:\/\/www.lebuteur.com\/article\/detail?titre=tottenham-mourinho-fait-une-annonce-pour-eriksen&#038;id=93843&#038;utm_source=feedburner&#038;utm_medium=feed&#038;utm_campaign=Feed%3A+GalerieFArtciles+%28Les+derniers+articles++-+lebuteur.com%29\">Cliquez ici pour lire l&rsquo;article depuis sa source.<\/a><\/p>\n","protected":false},"excerpt":{"rendered":"<p>Auteur : vendredi 27 d\u00e9cembre 2019 19:00 De nouveau interrog\u00e9 \u00e0 ce sujet, Jos\u00e9 Mourinho a confi\u00e9 que l\u2019avenir du Danois n\u2019avait aucun secret pour lui. \u00ab\u00a0Je connais son avenir. En tout cas, je pense le conna\u00eetre, car sa communication avec moi est totalement ouverte et honn\u00eate. On se fait confiance. La seule chose que [&hellip;]<\/p>\n","protected":false},"author":1738,"featured_media":71426,"comment_status":"closed","ping_status":"closed","sticky":false,"template":"","format":"standard","meta":{"fifu_image_url":"","fifu_image_alt":"","footnotes":""},"categories":[53,75],"tags":[],"class_list":["post-71425","post","type-post","status-publish","format-standard","has-post-thumbnail","hentry","category-algerie","category-sport"],"_links":{"self":[{"href":"https:\/\/linitiative.ca\/International\/wp-json\/wp\/v2\/posts\/71425","targetHints":{"allow":["GET"]}}],"collection":[{"href":"https:\/\/linitiative.ca\/International\/wp-json\/wp\/v2\/posts"}],"about":[{"href":"https:\/\/linitiative.ca\/International\/wp-json\/wp\/v2\/types\/post"}],"author":[{"embeddable":true,"href":"https:\/\/linitiative.ca\/International\/wp-json\/wp\/v2\/users\/1738"}],"replies":[{"embeddable":true,"href":"https:\/\/linitiative.ca\/International\/wp-json\/wp\/v2\/comments?post=71425"}],"version-history":[{"count":0,"href":"https:\/\/linitiative.ca\/International\/wp-json\/wp\/v2\/posts\/71425\/revisions"}],"wp:featuredmedia":[{"embeddable":true,"href":"https:\/\/linitiative.ca\/International\/wp-json\/"}],"wp:attachment":[{"href":"https:\/\/linitiative.ca\/International\/wp-json\/wp\/v2\/media?parent=71425"}],"wp:term":[{"taxonomy":"category","embeddable":true,"href":"https:\/\/linitiative.ca\/International\/wp-json\/wp\/v2\/categories?post=71425"},{"taxonomy":"post_tag","embeddable":true,"href":"https:\/\/linitiative.ca\/International\/wp-json\/wp\/v2\/tags?post=71425"}],"curies":[{"name":"wp","href":"https:\/\/api.w.org\/{rel}","templated":true}]}}