{"id":71429,"date":"2019-12-27T15:14:08","date_gmt":"2019-12-27T20:14:08","guid":{"rendered":"https:\/\/linitiative.ca\/International\/equipe-dalgerie-les-experts-de-canal-unanimes-belmadi-coach-de-lannee\/"},"modified":"2019-12-27T15:14:08","modified_gmt":"2019-12-27T20:14:08","slug":"equipe-dalgerie-les-experts-de-canal-unanimes-belmadi-coach-de-lannee","status":"publish","type":"post","link":"https:\/\/linitiative.ca\/International\/equipe-dalgerie-les-experts-de-canal-unanimes-belmadi-coach-de-lannee\/","title":{"rendered":"Equipe d&rsquo;Alg\u00e9rie : Les experts de Canal unanimes: Belmadi coach de l\u2019ann\u00e9e !"},"content":{"rendered":"<div readability=\"32\">\n<p>Auteur : <span>Moumen A.<\/span> <span class=\"time\">vendredi 27 d\u00e9cembre 2019 19:07<\/span><\/p>\n<\/div>\n<div id=\"post_core\" readability=\"39\">\n<p>Dans un d\u00e9bat lanc\u00e9 par la chaine Canal + l\u2019entraineur national Djamel Belmadi, invaincu depuis plus d\u2019un an avec la s\u00e9lection nationale, a \u00e9t\u00e9 d\u00e9sign\u00e9 \u00e0 l\u2019unanimit\u00e9 par l\u2019ensemble des sp\u00e9cialistes et experts de cette\u00a0chaine francaise canal+. Mettant en avant son apport mental pour ce groupe de l\u2019EN traumatis\u00e9 par les r\u00e9sultats n\u00e9gatifs enregistr\u00e9s avant son arriv\u00e9e, et sa touche technique et surtout tactique, ils ont tous lou\u00e9 son m\u00e9rite dans cette cons\u00e9cration des Verts \u00e0\u00a0 la CAN 2019.\u00a0<\/p>\n<p><strong>Moumen A.\u00a0<\/strong><\/p>\n<p><strong>Publi\u00e9 dans :<\/strong> <span>Belmadi<\/span><\/p>\n<\/div>\n<p>Auteur:<br \/>\n<a href=\"http:\/\/www.lebuteur.com\/article\/detail?titre=les-experts-de-canal-unanimes-belmadi-coach-de-lannee&#038;id=93842&#038;utm_source=feedburner&#038;utm_medium=feed&#038;utm_campaign=Feed%3A+GalerieFArtciles+%28Les+derniers+articles++-+lebuteur.com%29\">Cliquez ici pour lire l&rsquo;article depuis sa source.<\/a><\/p>\n","protected":false},"excerpt":{"rendered":"<p>Auteur : Moumen A. vendredi 27 d\u00e9cembre 2019 19:07 Dans un d\u00e9bat lanc\u00e9 par la chaine Canal + l\u2019entraineur national Djamel Belmadi, invaincu depuis plus d\u2019un an avec la s\u00e9lection nationale, a \u00e9t\u00e9 d\u00e9sign\u00e9 \u00e0 l\u2019unanimit\u00e9 par l\u2019ensemble des sp\u00e9cialistes et experts de cette\u00a0chaine francaise canal+. Mettant en avant son apport mental pour ce groupe [&hellip;]<\/p>\n","protected":false},"author":1738,"featured_media":71430,"comment_status":"closed","ping_status":"closed","sticky":false,"template":"","format":"standard","meta":{"fifu_image_url":"","fifu_image_alt":"","footnotes":""},"categories":[53,75],"tags":[],"class_list":["post-71429","post","type-post","status-publish","format-standard","has-post-thumbnail","hentry","category-algerie","category-sport"],"_links":{"self":[{"href":"https:\/\/linitiative.ca\/International\/wp-json\/wp\/v2\/posts\/71429","targetHints":{"allow":["GET"]}}],"collection":[{"href":"https:\/\/linitiative.ca\/International\/wp-json\/wp\/v2\/posts"}],"about":[{"href":"https:\/\/linitiative.ca\/International\/wp-json\/wp\/v2\/types\/post"}],"author":[{"embeddable":true,"href":"https:\/\/linitiative.ca\/International\/wp-json\/wp\/v2\/users\/1738"}],"replies":[{"embeddable":true,"href":"https:\/\/linitiative.ca\/International\/wp-json\/wp\/v2\/comments?post=71429"}],"version-history":[{"count":0,"href":"https:\/\/linitiative.ca\/International\/wp-json\/wp\/v2\/posts\/71429\/revisions"}],"wp:featuredmedia":[{"embeddable":true,"href":"https:\/\/linitiative.ca\/International\/wp-json\/"}],"wp:attachment":[{"href":"https:\/\/linitiative.ca\/International\/wp-json\/wp\/v2\/media?parent=71429"}],"wp:term":[{"taxonomy":"category","embeddable":true,"href":"https:\/\/linitiative.ca\/International\/wp-json\/wp\/v2\/categories?post=71429"},{"taxonomy":"post_tag","embeddable":true,"href":"https:\/\/linitiative.ca\/International\/wp-json\/wp\/v2\/tags?post=71429"}],"curies":[{"name":"wp","href":"https:\/\/api.w.org\/{rel}","templated":true}]}}