{"id":71436,"date":"2019-12-27T15:19:29","date_gmt":"2019-12-27T20:19:29","guid":{"rendered":"https:\/\/linitiative.ca\/International\/nouvel-an-la-journee-du-mercredi-1er-janvier-chomee-et-payee\/"},"modified":"2019-12-27T15:19:29","modified_gmt":"2019-12-27T20:19:29","slug":"nouvel-an-la-journee-du-mercredi-1er-janvier-chomee-et-payee","status":"publish","type":"post","link":"https:\/\/linitiative.ca\/International\/nouvel-an-la-journee-du-mercredi-1er-janvier-chomee-et-payee\/","title":{"rendered":"Nouvel an :  La journ\u00e9e du mercredi 1er janvier ch\u00f4m\u00e9e et pay\u00e9e"},"content":{"rendered":"<p>La journ\u00e9e du mercredi 1er janvier, marquant le d\u00e9but du nouvel an, sera ch\u00f4m\u00e9e et pay\u00e9e, a indiqu\u00e9 jeudi dernier un communiqu\u00e9 conjoint de la Direction g\u00e9n\u00e9rale de la Fonction publique et de la R\u00e9forme administrative et du minist\u00e8re du Travail, de l\u2019Emploi et de la S\u00e9curit\u00e9 sociale. Cette journ\u00e9e sera ch\u00f4m\u00e9e et pay\u00e9e pour l\u2019ensemble des personnels des institutions et administrations publiques, des \u00e9tablissements et offices publics et priv\u00e9s, ainsi que pour les personnels des entreprises publiques et priv\u00e9es, tous secteurs et statuts juridiques confondus, y compris les personnels pay\u00e9s \u00e0 l\u2019heure ou \u00e0 la journ\u00e9e, pr\u00e9cise la m\u00eame source. Toutefois, les institutions, administrations, \u00e9tablissements, offices et entreprises pr\u00e9cit\u00e9s sont tenus de prendre les mesures n\u00e9cessaires pour assurer la continuit\u00e9 des services organis\u00e9s en mode de travail post\u00e9, ajoute le communiqu\u00e9.<\/p>\n<p>Auteur: elmoudjahid<br \/>\n<a href=\"http:\/\/www.elmoudjahid.com\/fr\/actualites\/146375\">Cliquez ici pour lire l&rsquo;article depuis sa source.<\/a><\/p>\n","protected":false},"excerpt":{"rendered":"<p>La journ\u00e9e du mercredi 1er janvier, marquant le d\u00e9but du nouvel an, sera ch\u00f4m\u00e9e et pay\u00e9e, a indiqu\u00e9 jeudi dernier un communiqu\u00e9 conjoint de la Direction g\u00e9n\u00e9rale de la Fonction publique et de la R\u00e9forme administrative et du minist\u00e8re du Travail, de l\u2019Emploi et de la S\u00e9curit\u00e9 sociale. Cette journ\u00e9e sera ch\u00f4m\u00e9e et pay\u00e9e pour [&hellip;]<\/p>\n","protected":false},"author":1744,"featured_media":0,"comment_status":"closed","ping_status":"closed","sticky":false,"template":"","format":"standard","meta":{"fifu_image_url":"","fifu_image_alt":"","footnotes":""},"categories":[73,53],"tags":[],"class_list":["post-71436","post","type-post","status-publish","format-standard","hentry","category-actualite","category-algerie"],"_links":{"self":[{"href":"https:\/\/linitiative.ca\/International\/wp-json\/wp\/v2\/posts\/71436","targetHints":{"allow":["GET"]}}],"collection":[{"href":"https:\/\/linitiative.ca\/International\/wp-json\/wp\/v2\/posts"}],"about":[{"href":"https:\/\/linitiative.ca\/International\/wp-json\/wp\/v2\/types\/post"}],"author":[{"embeddable":true,"href":"https:\/\/linitiative.ca\/International\/wp-json\/wp\/v2\/users\/1744"}],"replies":[{"embeddable":true,"href":"https:\/\/linitiative.ca\/International\/wp-json\/wp\/v2\/comments?post=71436"}],"version-history":[{"count":0,"href":"https:\/\/linitiative.ca\/International\/wp-json\/wp\/v2\/posts\/71436\/revisions"}],"wp:attachment":[{"href":"https:\/\/linitiative.ca\/International\/wp-json\/wp\/v2\/media?parent=71436"}],"wp:term":[{"taxonomy":"category","embeddable":true,"href":"https:\/\/linitiative.ca\/International\/wp-json\/wp\/v2\/categories?post=71436"},{"taxonomy":"post_tag","embeddable":true,"href":"https:\/\/linitiative.ca\/International\/wp-json\/wp\/v2\/tags?post=71436"}],"curies":[{"name":"wp","href":"https:\/\/api.w.org\/{rel}","templated":true}]}}