{"id":71437,"date":"2019-12-27T15:19:31","date_gmt":"2019-12-27T20:19:31","guid":{"rendered":"https:\/\/linitiative.ca\/International\/colloque-sur-houari-boumediene-reporte-au-24-fevrier\/"},"modified":"2019-12-27T15:19:31","modified_gmt":"2019-12-27T20:19:31","slug":"colloque-sur-houari-boumediene-reporte-au-24-fevrier","status":"publish","type":"post","link":"https:\/\/linitiative.ca\/International\/colloque-sur-houari-boumediene-reporte-au-24-fevrier\/","title":{"rendered":"Colloque sur Houari Boumedi\u00e8ne : Report\u00e9 au 24 f\u00e9vrier"},"content":{"rendered":"<p>La 11e \u00e9dition du colloque national sur Houari Boumedi\u00e8ne (1932\/1978) annuellement organis\u00e9 dans la commune \u00e9ponyme a \u00e9t\u00e9 report\u00e9e au 24 f\u00e9vrier 2020, a indiqu\u00e9 jeudi dernier le wali de Guelma, Kamel Abla. \u00abCe report est motiv\u00e9 par les conditions particuli\u00e8res v\u00e9cues derni\u00e8rement par le pays notamment les r\u00e9centes \u00e9lections pr\u00e9sidentielles\u00bb, a expliqu\u00e9 le wali en marge de la c\u00e9l\u00e9bration du 41e anniversaire de la mort du second pr\u00e9sident de l\u2019Alg\u00e9rie ind\u00e9pendante, Houari Boumedi\u00e8ne de son vrai nom Mohamed Boukherouba dans son village natal B\u00e9ni Addi dans la commune de Medjez Sefa.<br \/>\u00a0<\/p>\n<p>Auteur: elmoudjahid<br \/>\n<a href=\"http:\/\/www.elmoudjahid.com\/fr\/actualites\/146376\">Cliquez ici pour lire l&rsquo;article depuis sa source.<\/a><\/p>\n","protected":false},"excerpt":{"rendered":"<p>La 11e \u00e9dition du colloque national sur Houari Boumedi\u00e8ne (1932\/1978) annuellement organis\u00e9 dans la commune \u00e9ponyme a \u00e9t\u00e9 report\u00e9e au 24 f\u00e9vrier 2020, a indiqu\u00e9 jeudi dernier le wali de Guelma, Kamel Abla. \u00abCe report est motiv\u00e9 par les conditions particuli\u00e8res v\u00e9cues derni\u00e8rement par le pays notamment les r\u00e9centes \u00e9lections pr\u00e9sidentielles\u00bb, a expliqu\u00e9 le wali [&hellip;]<\/p>\n","protected":false},"author":1744,"featured_media":0,"comment_status":"closed","ping_status":"closed","sticky":false,"template":"","format":"standard","meta":{"fifu_image_url":"","fifu_image_alt":"","footnotes":""},"categories":[73,53],"tags":[],"class_list":["post-71437","post","type-post","status-publish","format-standard","hentry","category-actualite","category-algerie"],"_links":{"self":[{"href":"https:\/\/linitiative.ca\/International\/wp-json\/wp\/v2\/posts\/71437","targetHints":{"allow":["GET"]}}],"collection":[{"href":"https:\/\/linitiative.ca\/International\/wp-json\/wp\/v2\/posts"}],"about":[{"href":"https:\/\/linitiative.ca\/International\/wp-json\/wp\/v2\/types\/post"}],"author":[{"embeddable":true,"href":"https:\/\/linitiative.ca\/International\/wp-json\/wp\/v2\/users\/1744"}],"replies":[{"embeddable":true,"href":"https:\/\/linitiative.ca\/International\/wp-json\/wp\/v2\/comments?post=71437"}],"version-history":[{"count":0,"href":"https:\/\/linitiative.ca\/International\/wp-json\/wp\/v2\/posts\/71437\/revisions"}],"wp:attachment":[{"href":"https:\/\/linitiative.ca\/International\/wp-json\/wp\/v2\/media?parent=71437"}],"wp:term":[{"taxonomy":"category","embeddable":true,"href":"https:\/\/linitiative.ca\/International\/wp-json\/wp\/v2\/categories?post=71437"},{"taxonomy":"post_tag","embeddable":true,"href":"https:\/\/linitiative.ca\/International\/wp-json\/wp\/v2\/tags?post=71437"}],"curies":[{"name":"wp","href":"https:\/\/api.w.org\/{rel}","templated":true}]}}