{"id":71439,"date":"2019-12-27T15:19:35","date_gmt":"2019-12-27T20:19:35","guid":{"rendered":"https:\/\/linitiative.ca\/International\/attaque-terroriste-au-burkina-faso-lalgerie-condamne-avec-force\/"},"modified":"2019-12-27T15:19:35","modified_gmt":"2019-12-27T20:19:35","slug":"attaque-terroriste-au-burkina-faso-lalgerie-condamne-avec-force","status":"publish","type":"post","link":"https:\/\/linitiative.ca\/International\/attaque-terroriste-au-burkina-faso-lalgerie-condamne-avec-force\/","title":{"rendered":"Attaque terroriste au Burkina Faso : L\u2019Alg\u00e9rie condamne avec force"},"content":{"rendered":"<p>L\u2019Alg\u00e9rie a condamn\u00e9 \u00abavec force\u00bb l\u2019attaque terroriste ayant cibl\u00e9 mardi dernier un d\u00e9tachement militaire dans le nord du Burkina Faso et qui a cout\u00e9 la vie \u00e0 de nombreuses personnes dont des civils.\u00a0 \u00abNous condamnons avec force l\u2019attaque terroriste qui a cibl\u00e9, mardi 24 d\u00e9cembre 2019, un d\u00e9tachement militaire de l\u2019arm\u00e9e burkinab\u00e9 ainsi que des civils \u00e0 Arbinda, dans le nord du Burkina Faso, ayant cout\u00e9 la vie \u00e0 de nombreuses personnes dont des civils, en grande majorit\u00e9 des femmes\u00bb, a indiqu\u00e9 jeudi le porte-parole du minist\u00e8re des Affaires \u00e9trang\u00e8res, Abdelaziz Benali-Cherif, dans une d\u00e9claration \u00e0 l\u2019APS.<br \/>\u00abNous pr\u00e9sentons nos sinc\u00e8res condol\u00e9ances aux familles et aux proches des victimes et assurons de notre solidarit\u00e9 le gouvernement et le peuple burkinab\u00e9s fr\u00e8res\u00bb, a-t-il soulign\u00e9. \u00a0<br \/>\u00abNous restons convaincus que le gouvernement et le peuple burkinab\u00e9s sauront trouver l\u2019\u00e9nergie et la d\u00e9termination n\u00e9cessaires pour combattre et venir \u00e0 bout de ce fl\u00e9au\u00bb, a-t-il ajout\u00e9.<\/p>\n<p>Auteur: elmoudjahid<br \/>\n<a href=\"http:\/\/www.elmoudjahid.com\/fr\/actualites\/146378\">Cliquez ici pour lire l&rsquo;article depuis sa source.<\/a><\/p>\n","protected":false},"excerpt":{"rendered":"<p>L\u2019Alg\u00e9rie a condamn\u00e9 \u00abavec force\u00bb l\u2019attaque terroriste ayant cibl\u00e9 mardi dernier un d\u00e9tachement militaire dans le nord du Burkina Faso et qui a cout\u00e9 la vie \u00e0 de nombreuses personnes dont des civils.\u00a0 \u00abNous condamnons avec force l\u2019attaque terroriste qui a cibl\u00e9, mardi 24 d\u00e9cembre 2019, un d\u00e9tachement militaire de l\u2019arm\u00e9e burkinab\u00e9 ainsi que des [&hellip;]<\/p>\n","protected":false},"author":1744,"featured_media":0,"comment_status":"closed","ping_status":"closed","sticky":false,"template":"","format":"standard","meta":{"fifu_image_url":"","fifu_image_alt":"","footnotes":""},"categories":[73,53],"tags":[],"class_list":["post-71439","post","type-post","status-publish","format-standard","hentry","category-actualite","category-algerie"],"_links":{"self":[{"href":"https:\/\/linitiative.ca\/International\/wp-json\/wp\/v2\/posts\/71439","targetHints":{"allow":["GET"]}}],"collection":[{"href":"https:\/\/linitiative.ca\/International\/wp-json\/wp\/v2\/posts"}],"about":[{"href":"https:\/\/linitiative.ca\/International\/wp-json\/wp\/v2\/types\/post"}],"author":[{"embeddable":true,"href":"https:\/\/linitiative.ca\/International\/wp-json\/wp\/v2\/users\/1744"}],"replies":[{"embeddable":true,"href":"https:\/\/linitiative.ca\/International\/wp-json\/wp\/v2\/comments?post=71439"}],"version-history":[{"count":0,"href":"https:\/\/linitiative.ca\/International\/wp-json\/wp\/v2\/posts\/71439\/revisions"}],"wp:attachment":[{"href":"https:\/\/linitiative.ca\/International\/wp-json\/wp\/v2\/media?parent=71439"}],"wp:term":[{"taxonomy":"category","embeddable":true,"href":"https:\/\/linitiative.ca\/International\/wp-json\/wp\/v2\/categories?post=71439"},{"taxonomy":"post_tag","embeddable":true,"href":"https:\/\/linitiative.ca\/International\/wp-json\/wp\/v2\/tags?post=71439"}],"curies":[{"name":"wp","href":"https:\/\/api.w.org\/{rel}","templated":true}]}}